{"id":434549,"date":"2025-10-02T20:51:31","date_gmt":"2025-10-02T20:51:31","guid":{"rendered":"https:\/\/www.europesays.com\/fr\/434549\/"},"modified":"2025-10-02T20:51:31","modified_gmt":"2025-10-02T20:51:31","slug":"francois-hollande-et-julie-gayet-installes-a-paris-leurs-voisins-excedes-par-les-avantages-de-lancien-president-de-la-republique","status":"publish","type":"post","link":"https:\/\/www.europesays.com\/fr\/434549\/","title":{"rendered":"Fran\u00e7ois Hollande et Julie Gayet install\u00e9s \u00e0 Paris : leurs voisins exc\u00e9d\u00e9s par les avantages de l\u2019ancien pr\u00e9sident de la R\u00e9publique"},"content":{"rendered":"<p>Depuis son \u00e9lection aux \u00e9lections l\u00e9gislatives de juillet 2024 et son retour \u00e0 l\u2019Assembl\u00e9e nationale en tant que d\u00e9put\u00e9 de la premi\u00e8re circonscription de Corr\u00e8ze, Fran\u00e7ois Hollande partage son quotidien entre sa maison des hauteurs de Tulle et le 20e arrondissement de Paris, o\u00f9 il r\u00e9side dans le cadre de ses fonctions de d\u00e9put\u00e9. Un train de vie mouvement\u00e9 qu\u2019il partage avec son \u00e9pouse, Julie Gayet, au grand dam de leurs voisins parisiens. En effet, d\u2019apr\u00e8s de r\u00e9centes r\u00e9v\u00e9lations du Canard encha\u00een\u00e9, les avantages de l\u2019ancien chef de l\u2019\u00c9tat ne sont pas du go\u00fbt de ses voisins.<\/p>\n<p>D\u2019apr\u00e8s nos confr\u00e8res, en tant qu\u2019ancien pr\u00e9sident de la R\u00e9publique, Fran\u00e7ois Hollande b\u00e9n\u00e9ficie d\u2019une protection quotidienne, avec deux policiers charg\u00e9s de surveiller son domicile 24 heures sur 24. Une pr\u00e9sence constante qui g\u00eanerait beaucoup les voisins du d\u00e9put\u00e9, les deux policiers \u00e9tant \u00ab\u00a0install\u00e9s dans une Zoe \u00e9lectrique gris fonc\u00e9 la journ\u00e9e et dans un petit utilitaire \u00e0 essence blanc la nuit\u00a0\u00bb, provoquant d&rsquo;importantes nuisances sonores avec leurs moteurs tr\u00e8s bruyants.<\/p>\n<p>Fran\u00e7ois Hollande aga\u00e7ant : \u00ab\u00a0cette voiture devant chez lui qui emm&#8230; tout le monde !\u00a0\u00bb<\/p>\n<p>Le Canard encha\u00een\u00e9 rapportait ainsi les propos de l\u2019un des riverains, qui d\u00e9clarait que \u00ab\u00a0l\u2019\u00e9t\u00e9, et m\u00eame en septembre, pour avoir la clim, en laissant parfois les vitres ouvertes, et l\u2019hiver pour le chauffage. Au d\u00e9but, on a m\u00eame eu droit \u00e0 un diesel !\u00a0\u00bb Une source d\u2019agacement que l\u2019ancien r\u00e9sident du palais de l\u2019\u00c9lys\u00e9e aurait apprise, tentant d\u2019agir pour apaiser la situation. \u00ab\u00a0Fran\u00e7ois Hollande a dit aux policiers qu\u2019il ne voulait plus de cette voiture devant chez lui qui emm&#8230; tout le monde ! On lui a r\u00e9pondu qu\u2019il n\u2019\u00e9tait pas possible de la supprimer\u00a0\u00bb, soulignait Fran\u00e7oise Astier, pr\u00e9sidente de l\u2019Amicale de la Campagne \u00e0 Paris, dans les colonnes du journal satirique. Reste \u00e0 savoir si la fin des avantages de certains ex-membres du gouvernement mettra fin \u00e0 ceux de Fran\u00e7ois Hollande, apaisant la col\u00e8re de ses voisins.<\/p>\n<p>Sources :<\/p>\n","protected":false},"excerpt":{"rendered":"Depuis son \u00e9lection aux \u00e9lections l\u00e9gislatives de juillet 2024 et son retour \u00e0 l\u2019Assembl\u00e9e nationale en tant que&hellip;\n","protected":false},"author":2,"featured_media":434550,"comment_status":"","ping_status":"","sticky":false,"template":"","format":"standard","meta":{"footnotes":""},"categories":[1888],"tags":[1111,1928,11,1927,1777,674,1011,27,12,1926,626,1925,25],"class_list":{"0":"post-434549","1":"post","2":"type-post","3":"status-publish","4":"format-standard","5":"has-post-thumbnail","7":"category-paris","8":"tag-actu","9":"tag-actu-paris","10":"tag-actualites","11":"tag-actualites-paris","12":"tag-eu","13":"tag-europe","14":"tag-fr","15":"tag-france","16":"tag-news","17":"tag-news-paris","18":"tag-paris","19":"tag-paris-news","20":"tag-republique-francaise"},"share_on_mastodon":{"url":"https:\/\/pubeurope.com\/@fr\/115306554001971031","error":""},"_links":{"self":[{"href":"https:\/\/www.europesays.com\/fr\/wp-json\/wp\/v2\/posts\/434549","targetHints":{"allow":["GET"]}}],"collection":[{"href":"https:\/\/www.europesays.com\/fr\/wp-json\/wp\/v2\/posts"}],"about":[{"href":"https:\/\/www.europesays.com\/fr\/wp-json\/wp\/v2\/types\/post"}],"author":[{"embeddable":true,"href":"https:\/\/www.europesays.com\/fr\/wp-json\/wp\/v2\/users\/2"}],"replies":[{"embeddable":true,"href":"https:\/\/www.europesays.com\/fr\/wp-json\/wp\/v2\/comments?post=434549"}],"version-history":[{"count":0,"href":"https:\/\/www.europesays.com\/fr\/wp-json\/wp\/v2\/posts\/434549\/revisions"}],"wp:featuredmedia":[{"embeddable":true,"href":"https:\/\/www.europesays.com\/fr\/wp-json\/wp\/v2\/media\/434550"}],"wp:attachment":[{"href":"https:\/\/www.europesays.com\/fr\/wp-json\/wp\/v2\/media?parent=434549"}],"wp:term":[{"taxonomy":"category","embeddable":true,"href":"https:\/\/www.europesays.com\/fr\/wp-json\/wp\/v2\/categories?post=434549"},{"taxonomy":"post_tag","embeddable":true,"href":"https:\/\/www.europesays.com\/fr\/wp-json\/wp\/v2\/tags?post=434549"}],"curies":[{"name":"wp","href":"https:\/\/api.w.org\/{rel}","templated":true}]}}