{"id":434555,"date":"2025-10-02T20:54:17","date_gmt":"2025-10-02T20:54:17","guid":{"rendered":"https:\/\/www.europesays.com\/fr\/434555\/"},"modified":"2025-10-02T20:54:17","modified_gmt":"2025-10-02T20:54:17","slug":"un-mur-antidrones-face-a-la-russie-de-quoi-parle-t-on-02-10-2025-a-1710","status":"publish","type":"post","link":"https:\/\/www.europesays.com\/fr\/434555\/","title":{"rendered":"Un \u00ab\u00a0mur\u00a0\u00bb antidrones face \u00e0 la Russie : de quoi parle t-on? &#8211; 02\/10\/2025 \u00e0 17:10"},"content":{"rendered":"<p> Face aux multiples incursions russes, les dirigeants europ\u00e9ens cherchent \u00e0 mettre en place un \u00ab\u00a0mur\u00a0\u00bb antidrones pour se prot\u00e9ger, mais le projet suscite interrogations et d\u00e9bat.<\/p>\n<p>        <img fetchpriority=\"high\" decoding=\"async\" src=\"https:\/\/www.europesays.com\/fr\/wp-content\/uploads\/2025\/10\/b0020685c1e033cc3368b509417f4f9f-760x507.jpg\" alt=\"( AFP \/ GENYA SAVILOV )\" loading=\"eager\" width=\"760\" height=\"507\" style=\"max-width: 100%!important; height: auto;\"\/><\/p>\n<p class=\"c-image-news__legend\">( AFP \/ GENYA SAVILOV )<\/p>\n<p> Premi\u00e8re \u00e9tape : \u00ab\u00a0capter\u00a0\u00bb les menaces<\/p>\n<p>\n La r\u00e9ponse de l&rsquo;Otan \u00e0 l&rsquo;incursion d&rsquo;une vingtaine de drones russes en Pologne a mis en \u00e9vidence les lacunes de l&rsquo;arsenal de l&rsquo;alliance face \u00e0 cette menace. Pour abattre trois de ces drones, l&rsquo;Alliance a d\u00fb mobiliser des missiles co\u00fbteux\n<\/p>\n<p>\n Le commissaire europ\u00e9en \u00e0 la D\u00e9fense, Andrius Kubilius, plaide depuis longtemps pour de nouvelles solutions face \u00e0 cette menace, mais c&rsquo;est la pr\u00e9sidente de la Commission, Ursula von der Leyen, qui la premi\u00e8re a \u00e9voqu\u00e9 l&rsquo;id\u00e9e d&rsquo;un \u00ab\u00a0mur de drones\u00a0\u00bb le 10 septembre devant les eurod\u00e9put\u00e9s.\n<\/p>\n<p>\n Dans un premier temps, l&rsquo;id\u00e9e est de d\u00e9ployer davantage de capteurs, terrestres ou par satellite, le long de la fronti\u00e8re que l&rsquo;Union europ\u00e9enne partage avec la Russie. L&rsquo;Ukraine, experte en la mati\u00e8re, a d\u00e9ploy\u00e9 d\u00e8s le d\u00e9but de la guerre,<br \/>\n <strong><br \/>\n  un syst\u00e8me de capteurs acoustiques, a expliqu\u00e9 M. Kubilius. \u00ab\u00a0Je pense que nous aussi pouvons faire cela assez rapidement\u00a0\u00bb<br \/>\n <\/strong><br \/>\n , a-t-il affirm\u00e9 \u00e0 l&rsquo;AFP.\n<\/p>\n<p>\n L&rsquo;Ukraine participera \u00e0 l&rsquo;\u00e9laboration de ce mur antidrones en Europe, a confirm\u00e9 son pr\u00e9sident Volodymyr Zelensky. Apr\u00e8s pr\u00e8s de quatre ans de guerre, Kiev a mis sur pieds une industrie de drones et de syst\u00e8mes antidrones unique en Europe.\n<\/p>\n<p>\n Selon un responsable europ\u00e9en, ce d\u00e9ploiement prendra au moins un an, avant la mise en oeuvre, plus tard, de capacit\u00e9s d&rsquo;interception.\n<\/p>\n<p> Pas de nouvelle \u00ab\u00a0ligne Maginot\u00a0\u00bb<\/p>\n<p>\n Selon les experts, la technologie des drones \u00e9volue tr\u00e8s rapidement,<br \/>\n <strong><br \/>\n  et les syst\u00e8mes envisag\u00e9s aujourd&rsquo;hui risquent d&rsquo;\u00eatre obsol\u00e8tes d&rsquo;ici l\u00e0.<br \/>\n <\/strong>\n<\/p>\n<p>\n \u00ab\u00a0Nous savons \u00e9galement que la technologie \u00e9volue si rapidement que nous ne pouvons pas avoir une seule id\u00e9e et croire que cela r\u00e9soudra tous nos probl\u00e8mes\u00a0\u00bb, a ainsi reconnu mercredi soir la Premi\u00e8re ministre danoise Mette Frederiksen, dont le pays a \u00e9t\u00e9 survol\u00e9 par de myst\u00e9rieux drones, peu avant un sommet des dirigeants europ\u00e9ens \u00e0 Copenhague.\n<\/p>\n<p>\n Il faudra \u00ab\u00a0tirer les le\u00e7ons\u00a0\u00bb de ce que l&rsquo;Ukraine a su mettre en place, de fa\u00e7on tr\u00e8s pragmatique, a soulign\u00e9 cette semaine la pr\u00e9sidence fran\u00e7aise.\n<\/p>\n<p>\n Pas question de construire une nouvelle \u00ab\u00a0ligne Maginot\u00a0\u00bb, a averti de son c\u00f4t\u00e9 le Premier ministre estonien Kristen Michal, cit\u00e9 par un responsable europ\u00e9en. La France avait construit avant la Seconde guerre mondiale une ligne de d\u00e9fense le long de sa fronti\u00e8re avec l&rsquo;Allemagne qui s&rsquo;est av\u00e9r\u00e9e totalement inutile et a \u00e9t\u00e9 contourn\u00e9e.\n<\/p>\n<p>\n \u00ab\u00a0Je me m\u00e9fie parfois des termes un peu rapides\u00a0\u00bb comme les \u00ab\u00a0d\u00f4mes de fer\u00a0\u00bb ou les \u00ab\u00a0murs de drones, les choses sont plus sophistiqu\u00e9s, plus complexes en r\u00e9alit\u00e9\u00a0\u00bb, a soulign\u00e9 mercredi le pr\u00e9sident fran\u00e7ais Emmanuel Macron.\n<\/p>\n<p> Qui va payer ?<\/p>\n<p>\n Le \u00ab\u00a0mur\u00a0\u00bb antidrones a \u00e9t\u00e9 longuement discut\u00e9 mercredi par les dirigeants des 27 de l&rsquo;UE, r\u00e9unis \u00e0 Copenhague. Et si beaucoup se sont dits favorables \u00e0 sa mise en oeuvre, certains ont exprim\u00e9 des \u00ab\u00a0r\u00e9serves\u00a0\u00bb.\n<\/p>\n<p>\n Selon un responsable europ\u00e9en, l&rsquo;Allemagne s&rsquo;est par exemple interrog\u00e9e sur le co\u00fbt de cette op\u00e9ration, m\u00eame si le sujet du financement n&rsquo;\u00e9tait pas \u00e0 l&rsquo;agenda de la r\u00e9union mercredi. M. Kubilius s&rsquo;est montr\u00e9 rassurant, \u00e9voquant<br \/>\n <strong><br \/>\n  une fourchette \u00ab\u00a0de plusieurs milliards d&rsquo;euros, pas de centaines de milliards\u00a0\u00bb.<br \/>\n <\/strong>\n<\/p>\n<p>\n D&rsquo;autres pays, loin de la fronti\u00e8re russe, redoutent d&rsquo;\u00eatre laiss\u00e9s pour compte, selon un responsable europ\u00e9en. La Commission europ\u00e9enne, l\u00e0 aussi, a cherch\u00e9 \u00e0 rassurer en promettant une strat\u00e9gie \u00e0 \u00ab\u00a0360 degr\u00e9s\u00a0\u00bb. \u00ab\u00a0Lorsque nous parlons du mur antidrones,<br \/>\n <strong><br \/>\n  nous parlons de toute l&rsquo;Europe, pas seulement d&rsquo;un unique pays\u00a0\u00bb<br \/>\n <\/strong><br \/>\n , a \u00e9galement assur\u00e9 jeudi M. Zelensky.\n<\/p>\n<p>\n D&rsquo;autres enfin s&rsquo;interrogent sur la pertinence de confier \u00e0 la Commission europ\u00e9enne le pilotage d&rsquo;un projet de \u00ab\u00a0mur\u00a0\u00bb antidrones, alors que la d\u00e9fense est du ressort des Etats membres. Le sujet doit \u00eatre \u00e0 nouveau \u00e9voqu\u00e9 lors d&rsquo;un prochain sommet europ\u00e9en fin octobre.<\/p>\n","protected":false},"excerpt":{"rendered":"Face aux multiples incursions russes, les dirigeants europ\u00e9ens cherchent \u00e0 mettre en place un \u00ab\u00a0mur\u00a0\u00bb antidrones pour se&hellip;\n","protected":false},"author":2,"featured_media":434556,"comment_status":"","ping_status":"","sticky":false,"template":"","format":"standard","meta":{"footnotes":""},"categories":[1591],"tags":[400,11,398,408,405,1887,403,402,399,404,12,1885,1886,132,401,406,407],"class_list":{"0":"post-434555","1":"post","2":"type-post","3":"status-publish","4":"format-standard","5":"has-post-thumbnail","7":"category-russie","8":"tag-action-cac-40","9":"tag-actualites","10":"tag-bourse-de-paris","11":"tag-boursorama","12":"tag-cotations","13":"tag-federation-de-russie","14":"tag-indices-devises","15":"tag-investir","16":"tag-investissement","17":"tag-marche-boursier","18":"tag-news","19":"tag-russia","20":"tag-russian-federation","21":"tag-russie","22":"tag-sicav","23":"tag-trackers","24":"tag-warrants"},"share_on_mastodon":{"url":"https:\/\/pubeurope.com\/@fr\/115306566217080160","error":""},"_links":{"self":[{"href":"https:\/\/www.europesays.com\/fr\/wp-json\/wp\/v2\/posts\/434555","targetHints":{"allow":["GET"]}}],"collection":[{"href":"https:\/\/www.europesays.com\/fr\/wp-json\/wp\/v2\/posts"}],"about":[{"href":"https:\/\/www.europesays.com\/fr\/wp-json\/wp\/v2\/types\/post"}],"author":[{"embeddable":true,"href":"https:\/\/www.europesays.com\/fr\/wp-json\/wp\/v2\/users\/2"}],"replies":[{"embeddable":true,"href":"https:\/\/www.europesays.com\/fr\/wp-json\/wp\/v2\/comments?post=434555"}],"version-history":[{"count":0,"href":"https:\/\/www.europesays.com\/fr\/wp-json\/wp\/v2\/posts\/434555\/revisions"}],"wp:featuredmedia":[{"embeddable":true,"href":"https:\/\/www.europesays.com\/fr\/wp-json\/wp\/v2\/media\/434556"}],"wp:attachment":[{"href":"https:\/\/www.europesays.com\/fr\/wp-json\/wp\/v2\/media?parent=434555"}],"wp:term":[{"taxonomy":"category","embeddable":true,"href":"https:\/\/www.europesays.com\/fr\/wp-json\/wp\/v2\/categories?post=434555"},{"taxonomy":"post_tag","embeddable":true,"href":"https:\/\/www.europesays.com\/fr\/wp-json\/wp\/v2\/tags?post=434555"}],"curies":[{"name":"wp","href":"https:\/\/api.w.org\/{rel}","templated":true}]}}