{"id":43456,"date":"2025-04-22T08:04:08","date_gmt":"2025-04-22T08:04:08","guid":{"rendered":"https:\/\/www.europesays.com\/fr\/43456\/"},"modified":"2025-04-22T08:04:08","modified_gmt":"2025-04-22T08:04:08","slug":"mort-du-pape-francois-une-messe-va-se-tenir-a-nice-voici-ou-et-quand","status":"publish","type":"post","link":"https:\/\/www.europesays.com\/fr\/43456\/","title":{"rendered":"Mort du pape Fran\u00e7ois. Une messe va se tenir \u00e0 Nice : voici o\u00f9 et quand"},"content":{"rendered":"<p>            Par<br \/>\n        <strong><br \/>\n            <a href=\"https:\/\/actu.fr\/auteur\/ugo-maillard\" title=\"Consulter tous les articles de Ugo Maillard\" rel=\"nofollow noopener\" target=\"_blank\">Ugo Maillard<\/a><br \/>\n        <\/strong><\/p>\n<p>        Publi\u00e9 le<\/p>\n<p>            22 avr. 2025 \u00e0 9h59        <\/p>\n<p>De nombreux fid\u00e8les sont attendus devant la cath\u00e9drale <strong>Sainte-R\u00e9parate<\/strong> de <a href=\"https:\/\/actu.fr\/nice\/\" rel=\"nofollow noopener\" target=\"_blank\">Nice<\/a> ce vendredi 25 avril, pour rendre hommage au <a href=\"https:\/\/actu.fr\/societe\/le-pape-francois-est-mort-annonce-le-vatican_62254072.html\" rel=\"nofollow noopener\" target=\"_blank\">pape Fran\u00e7ois<\/a>, d\u00e9c\u00e9d\u00e9 ce lundi 21\u00a0avril 2025, d\u2019un AVC.<\/p>\n<p>    <a href=\"https:\/\/www.google.com\/maps\/embed?pb=!1m18!1m12!1m3!1d2884.6438147587132!2d7.2734524765324995!3d43.69716784958549!2m3!1f0!2f0!3f0!3m2!1i1024!2i768!4f13.1!3m3!1m2!1s0x12cddabcb1937547%3A0x3a589fb4fa95cdd1!2sCath%C3%A9drale%20Sainte-R%C3%A9parate%20de%20Nice!5e0!3m2!1sfr!2sfr!4v1745306399030!5m2!1sfr!2sfr\" title=\"Ouvrie le lien\" rel=\"nofollow noopener\" target=\"_blank\">Cliquez ici pour visualiser le contenu<\/a><\/p>\n<p class=\" wall-content\">Les rues du Vieux-Nice devraient \u00eatre combles pour saluer la m\u00e9moire du pape mort \u00e0 l\u2019\u00e2ge de 88\u00a0ans.<\/p>\n<p class=\" wall-content\">L\u2019acc\u00e8s \u00e0 l\u2019\u00e9difice religieux est ouvert \u00e0 toutes et tous, dans la limite des places disponibles.<\/p>\n<p>Les drapeaux de la mairie en berne<\/p>\n<p class=\" wall-content\">Hormis cet hommage religieux, les habitants de Nice peuvent se rendre en mairie o\u00f9 un <strong>registre de condol\u00e9ances<\/strong> a \u00e9t\u00e9 mis \u00e0 disposition lors des horaires d\u2019ouverture.<\/p>\n<p>Vid\u00e9os : en ce moment sur Actu<\/p>\n<p class=\" wall-content\">\n<p class=\" wall-content\">Le maire de Nice, Christian Estrosi a \u00e9galement souhait\u00e9 rendre hommage au pape Fran\u00e7ois en mettant les drapeaux en berne.<\/p>\n<p class=\" wall-content\">\u00ab\u2009\u00c0 Nice, ville profond\u00e9ment attach\u00e9e \u00e0 la diversit\u00e9 culturelle et religieuse, son message d\u2019esp\u00e9rance et de concorde r\u00e9sonne tout particuli\u00e8rement.\u00a0Mes pens\u00e9es vont \u00e0 la communaut\u00e9 catholique et \u00e0 tous ceux qui, croyants ou non, ont \u00e9t\u00e9 touch\u00e9s par son message universel d\u2019amour et d\u2019humanit\u00e9\u2009\u00bb, a t\u00e9moign\u00e9 l\u2019\u00e9dile.<\/p>\n<p class=\" wall-content\">Suivez toute l\u2019actualit\u00e9 de vos villes et m\u00e9dias favoris en vous inscrivant \u00e0 <a href=\"https:\/\/moncompte.actu.fr\" title=\"D\u00e9couvez Mon Actu\" rel=\"nofollow noopener\" data-trk=\"{&quot;cta&quot;:{&quot;action&quot;:&quot;https:\\\/\\\/moncompte.actu.fr&quot;,&quot;category&quot;:&quot;mon compte&quot;,&quot;from&quot;:&quot;article footer&quot;,&quot;name&quot;:&quot;Mon actu&quot;,&quot;type&quot;:&quot;cta&quot;}}\" target=\"_blank\">Mon Actu<\/a>.<\/p>\n","protected":false},"excerpt":{"rendered":"Par Ugo Maillard Publi\u00e9 le 22 avr. 2025 \u00e0 9h59 De nombreux fid\u00e8les sont attendus devant la cath\u00e9drale&hellip;\n","protected":false},"author":2,"featured_media":43457,"comment_status":"","ping_status":"","sticky":false,"template":"","format":"standard","meta":{"footnotes":""},"categories":[2819],"tags":[1111,11,1777,674,1011,27,12,2401,4692,882,4020,25,104],"class_list":{"0":"post-43456","1":"post","2":"type-post","3":"status-publish","4":"format-standard","5":"has-post-thumbnail","7":"category-nice","8":"tag-actu","9":"tag-actualites","10":"tag-eu","11":"tag-europe","12":"tag-fr","13":"tag-france","14":"tag-news","15":"tag-nice","16":"tag-pape-francois","17":"tag-provence-alpes-cote-dazur","18":"tag-religion","19":"tag-republique-francaise","20":"tag-societe"},"share_on_mastodon":{"url":"https:\/\/pubeurope.com\/@fr\/114380581350591999","error":""},"_links":{"self":[{"href":"https:\/\/www.europesays.com\/fr\/wp-json\/wp\/v2\/posts\/43456","targetHints":{"allow":["GET"]}}],"collection":[{"href":"https:\/\/www.europesays.com\/fr\/wp-json\/wp\/v2\/posts"}],"about":[{"href":"https:\/\/www.europesays.com\/fr\/wp-json\/wp\/v2\/types\/post"}],"author":[{"embeddable":true,"href":"https:\/\/www.europesays.com\/fr\/wp-json\/wp\/v2\/users\/2"}],"replies":[{"embeddable":true,"href":"https:\/\/www.europesays.com\/fr\/wp-json\/wp\/v2\/comments?post=43456"}],"version-history":[{"count":0,"href":"https:\/\/www.europesays.com\/fr\/wp-json\/wp\/v2\/posts\/43456\/revisions"}],"wp:featuredmedia":[{"embeddable":true,"href":"https:\/\/www.europesays.com\/fr\/wp-json\/wp\/v2\/media\/43457"}],"wp:attachment":[{"href":"https:\/\/www.europesays.com\/fr\/wp-json\/wp\/v2\/media?parent=43456"}],"wp:term":[{"taxonomy":"category","embeddable":true,"href":"https:\/\/www.europesays.com\/fr\/wp-json\/wp\/v2\/categories?post=43456"},{"taxonomy":"post_tag","embeddable":true,"href":"https:\/\/www.europesays.com\/fr\/wp-json\/wp\/v2\/tags?post=43456"}],"curies":[{"name":"wp","href":"https:\/\/api.w.org\/{rel}","templated":true}]}}