{"id":434577,"date":"2025-10-02T21:07:12","date_gmt":"2025-10-02T21:07:12","guid":{"rendered":"https:\/\/www.europesays.com\/fr\/434577\/"},"modified":"2025-10-02T21:07:12","modified_gmt":"2025-10-02T21:07:12","slug":"djokovic-jette-le-doute-sur-sa-participation-aux-atp-finals","status":"publish","type":"post","link":"https:\/\/www.europesays.com\/fr\/434577\/","title":{"rendered":"Djokovic jette le doute sur sa participation aux ATP Finals"},"content":{"rendered":"<p>                <img decoding=\"async\" src=\"https:\/\/www.europesays.com\/fr\/wp-content\/uploads\/2025\/10\/cfqe.jpg\" fetchpriority=\"high\" alt=\"\u00ab Je ne sais pas si je jouerai \u00bb : Djokovic jette le doute sur sa participation aux ATP Finals\"\/><\/p>\n<p>Apr\u00e8s avoir d\u00e9j\u00e0 zapp\u00e9 l\u2019\u00e9dition 2024, Novak Djokovic laisse une nouvelle fois planer l\u2019incertitude sur sa pr\u00e9sence \u00e0 Turin. Une d\u00e9claration en conf\u00e9rence de presse soul\u00e8ve une question : verra-t-on le Serbe aux Masters cette saison ?<\/p>\n<p>La saison derni\u00e8re, Novak Djokovic avait d\u00e9cid\u00e9 de faire l\u2019impasse sur les ATP Finals, mettant un terme \u00e0 sa saison 2024 apr\u00e8s sa participation au Six Kings Slam au mois d\u2019octobre.<\/p>\n<p>Cette ann\u00e9e, le Serbe pourrait bien de nouveau laisser sa place \u00e0 un autre joueur \u00e0 Turin, comme il l\u2019a racont\u00e9 en conf\u00e9rence de presse avant ses d\u00e9buts \u00e0 Shanghai :<\/p>\n<p>\u00ab J\u2019ai eu beaucoup de succ\u00e8s \u00e0 Turin et lors des ATP Finals, mais je ne sais pas si je jouerai. Je n\u2019ai rien pr\u00e9vu. Pour le moment, je jouerai seulement \u00e0 Ath\u00e8nes (ATP 250), mais on verra bien. \u00bb<\/p>\n<p><strong>Pour rappel, Djokovic est 4e \u00e0 la Race et doit obtenir 805 points pour se qualifier pour le Masters de fin d\u2019ann\u00e9e.<\/strong><\/p>\n","protected":false},"excerpt":{"rendered":"Apr\u00e8s avoir d\u00e9j\u00e0 zapp\u00e9 l\u2019\u00e9dition 2024, Novak Djokovic laisse une nouvelle fois planer l\u2019incertitude sur sa pr\u00e9sence \u00e0&hellip;\n","protected":false},"author":2,"featured_media":434578,"comment_status":"","ping_status":"","sticky":false,"template":"","format":"standard","meta":{"footnotes":""},"categories":[1415],"tags":[1011,27,60,1467],"class_list":{"0":"post-434577","1":"post","2":"type-post","3":"status-publish","4":"format-standard","5":"has-post-thumbnail","7":"category-tennis","8":"tag-fr","9":"tag-france","10":"tag-sports","11":"tag-tennis"},"share_on_mastodon":{"url":"https:\/\/pubeurope.com\/@fr\/115306616882325562","error":""},"_links":{"self":[{"href":"https:\/\/www.europesays.com\/fr\/wp-json\/wp\/v2\/posts\/434577","targetHints":{"allow":["GET"]}}],"collection":[{"href":"https:\/\/www.europesays.com\/fr\/wp-json\/wp\/v2\/posts"}],"about":[{"href":"https:\/\/www.europesays.com\/fr\/wp-json\/wp\/v2\/types\/post"}],"author":[{"embeddable":true,"href":"https:\/\/www.europesays.com\/fr\/wp-json\/wp\/v2\/users\/2"}],"replies":[{"embeddable":true,"href":"https:\/\/www.europesays.com\/fr\/wp-json\/wp\/v2\/comments?post=434577"}],"version-history":[{"count":0,"href":"https:\/\/www.europesays.com\/fr\/wp-json\/wp\/v2\/posts\/434577\/revisions"}],"wp:featuredmedia":[{"embeddable":true,"href":"https:\/\/www.europesays.com\/fr\/wp-json\/wp\/v2\/media\/434578"}],"wp:attachment":[{"href":"https:\/\/www.europesays.com\/fr\/wp-json\/wp\/v2\/media?parent=434577"}],"wp:term":[{"taxonomy":"category","embeddable":true,"href":"https:\/\/www.europesays.com\/fr\/wp-json\/wp\/v2\/categories?post=434577"},{"taxonomy":"post_tag","embeddable":true,"href":"https:\/\/www.europesays.com\/fr\/wp-json\/wp\/v2\/tags?post=434577"}],"curies":[{"name":"wp","href":"https:\/\/api.w.org\/{rel}","templated":true}]}}