{"id":434579,"date":"2025-10-02T21:09:12","date_gmt":"2025-10-02T21:09:12","guid":{"rendered":"https:\/\/www.europesays.com\/fr\/434579\/"},"modified":"2025-10-02T21:09:12","modified_gmt":"2025-10-02T21:09:12","slug":"grand-prix-dindonesie-de-motogp-le-programme-du-vendredi","status":"publish","type":"post","link":"https:\/\/www.europesays.com\/fr\/434579\/","title":{"rendered":"Grand Prix d\u2019Indon\u00e9sie de MotoGP : le programme du vendredi"},"content":{"rendered":"<p>\u00c0 l\u2019occasion du dix-huiti\u00e8me rendez-vous de la saison de <a href=\"https:\/\/www.autohebdo.fr\/actualites\/motogp\" data-internallinksmanager029f6b8e52c=\"4\" title=\"MotoGP\" rel=\"nofollow noopener\" target=\"_blank\">MotoGP<\/a>,\u00a0 l\u2019enjeu sera diff\u00e9rent des derni\u00e8res manches pour le GP d\u2019Indon\u00e9sie. Marc M\u00e1rquez, d\u00e9j\u00e0 champion du monde apr\u00e8s l\u2019\u00e9tape de Montegi au Japon, a avou\u00e9 sa fatigue \u00e0 l\u2019approche de la fin de saison. Dominant, l\u2019Espagnol se verrait cependant bien viser un nouveau succ\u00e8s, lui qui avait \u00e9t\u00e9 priv\u00e9 de son record de victoires cons\u00e9cutives en Catalogne, lorsque son fr\u00e8re \u00c1lex M\u00e1rquez l\u2019avait emport\u00e9.<\/p>\n<p>De la m\u00eame mani\u00e8re, celui qui aimerait pouvoir capitaliser sur sa derni\u00e8re sortie n\u2019est autre que Francesco Bagnaia. Vainqueur pour la premi\u00e8re fois depuis des mois, le pilote Ducati semble avoir retrouv\u00e9 la forme au guidon d\u2019une machine qu\u2019il dompte progressivement, au prix d\u2019am\u00e9liorations qu\u2019il est parvenu \u00e0 obtenir.<\/p>\n<p>Au programme de ce vendredi, Essais Libres et s\u00e9ance d\u2019Essais, d\u00e9terminante pour une qualification en Q2 ponctueront la journ\u00e9e du GP d\u2019Indon\u00e9sie.<\/p>\n<p><strong>\u00c0 LIRE AUSSI &gt; <a href=\"https:\/\/www.autohebdo.fr\/actualites\/motogp\/le-programme-du-grand-prix-dindonesie-de-motogp-2.html\" target=\"_blank\" rel=\"noopener nofollow\">Le programme du Grand Prix d\u2019Indon\u00e9sie de MotoGP<\/a><\/strong><\/p>\n<p>\ud83d\udcca Le Circuit de Mandalika en chiffres<\/p>\n<p><a href=\"https:\/\/www.autohebdo.fr\/app\/uploads\/2025\/09\/ina-info.svg\" data-lbwps-width=\"420\" data-lbwps-height=\"420\" data-lbwps-srcsmall=\"https:\/\/www.autohebdo.fr\/app\/uploads\/2025\/09\/ina-info.svg\" rel=\"nofollow noopener\" target=\"_blank\"><img decoding=\"async\" class=\"aligncenter size-full wp-image-635639\" src=\"https:\/\/www.autohebdo.fr\/app\/uploads\/2025\/09\/ina-info.svg\" alt=\"\"\/><\/a><\/p>\n<ul>\n<li>Premier Grand Prix : 2022<\/li>\n<li>Nombre de tours : 27<\/li>\n<li>Longueur : 4,3 km<\/li>\n<li>Virages : 17 (11 \u00e0 droite, 6 \u00e0 gauche)<\/li>\n<li>Record de la piste : 01:29.088 (Jorge Martin \u2013 2024)<\/li>\n<\/ul>\n<p>\ud83d\udd52 Horaires et cha\u00eenes TV du vendredi : Grand Prix d\u2019Indon\u00e9sie de <strong>MotoGP \u00e0 Mandalika<\/strong><\/p>\n<p><strong>Vendredi 03 octobre<\/strong><br \/><strong>Essais Libres 1 :<\/strong> 04h45 \u2013 05h30<br \/><strong>Essais :<\/strong> 09h00 \u2013 10h00<\/p>\n<p>\ud83c\udfc6 Le classement du Championnat du monde de MotoGP avant le Grand Prix d\u2019Indon\u00e9sie<\/p>\n<p>1) Marc M\u00e1rquez (Ducati) \u2013 541 pts<br \/>2) \u00c1lex M\u00e1rquez (Gresini Ducati) \u2013 340 pts<br \/>3) Francesco Bagnaia (Ducati) \u2013 274 pts<br \/>4) Marco Bezzecchi (Aprilia) \u2013 242 pts<br \/>5) Franco Morbidelli (VR46 Ducati) \u2013 196 pts<br \/>6) Pedro Acosta (KTM) \u2013 195 pts<br \/>7) Fabio di Giannantonio (VR46 Ducati) \u2013 182 pts<strong><br \/><\/strong><strong>8) <a href=\"https:\/\/www.autohebdo.fr\/actualites\/tag\/fabio-quartararo\" data-internallinksmanager029f6b8e52c=\"15\" title=\"Fabio Quartararo\" rel=\"nofollow noopener\" target=\"_blank\">Fabio Quartararo<\/a> (Yamaha) \u2013 149 pts<\/strong><br \/>9) Ferm\u00edn Aldeguer (Gresini Ducati) \u2013 147 pts<br \/><strong>10) Johann Zarco (LCR Honda) \u2013 124 pts<\/strong><br \/>11) Brad Binder (KTM) \u2013 106 pts<br \/>12) Luca Marini (Honda) \u2013\u00a0 97 pts<br \/>13) Ra\u00fal Fern\u00e1ndez (Trackhouse Aprilia) \u2013 95 pts<br \/>14) Enea Bastianini (Tech3 KTM) \u2013 88 pts<br \/>15) Maverick Vi\u00f1ales (Tech3 KTM) \u2013 72 pts<br \/>16) Joan Mir (Honda) \u2013 72 pts<br \/>17) Ai Ogura (Trackhouse Aprilia) \u2013 70 pts<br \/>18) Jack Miller (Pramac Yamaha) \u2013 58 pts<br \/>19) \u00c1lex Rins (Yamaha) \u2013 45 pts<br \/>20) Jorge Mart\u00edn (Aprilia) \u2013 34 pts<br \/>21) Miguel Oliveira (Pramac Yamaha) \u2013 26 pts<br \/>22) Pol Espargar\u00f3 (KTM) \u2013 16 pts<br \/>23) Takaaki Nakagami (Honda) \u2013 10 pts<br \/>24) Lorenzo Savadori (Aprilia) \u2013 8 pts<br \/>25) Augusto Fern\u00e1ndez (Pramac Yamaha) \u2013 8 pts<br \/>26) Somkiat Chantra (LCR Honda) \u2013 3 pts<br \/>27) Aleix Espargar\u00f3 (Honda) \u2013 0 pt<\/p>\n","protected":false},"excerpt":{"rendered":"\u00c0 l\u2019occasion du dix-huiti\u00e8me rendez-vous de la saison de MotoGP,\u00a0 l\u2019enjeu sera diff\u00e9rent des derni\u00e8res manches pour le&hellip;\n","protected":false},"author":2,"featured_media":434580,"comment_status":"","ping_status":"","sticky":false,"template":"","format":"standard","meta":{"footnotes":""},"categories":[1413],"tags":[1011,27,1457,1456,60],"class_list":{"0":"post-434579","1":"post","2":"type-post","3":"status-publish","4":"format-standard","5":"has-post-thumbnail","7":"category-moto","8":"tag-fr","9":"tag-france","10":"tag-moto","11":"tag-motocycle","12":"tag-sports"},"share_on_mastodon":{"url":"https:\/\/pubeurope.com\/@fr\/115306625603990197","error":""},"_links":{"self":[{"href":"https:\/\/www.europesays.com\/fr\/wp-json\/wp\/v2\/posts\/434579","targetHints":{"allow":["GET"]}}],"collection":[{"href":"https:\/\/www.europesays.com\/fr\/wp-json\/wp\/v2\/posts"}],"about":[{"href":"https:\/\/www.europesays.com\/fr\/wp-json\/wp\/v2\/types\/post"}],"author":[{"embeddable":true,"href":"https:\/\/www.europesays.com\/fr\/wp-json\/wp\/v2\/users\/2"}],"replies":[{"embeddable":true,"href":"https:\/\/www.europesays.com\/fr\/wp-json\/wp\/v2\/comments?post=434579"}],"version-history":[{"count":0,"href":"https:\/\/www.europesays.com\/fr\/wp-json\/wp\/v2\/posts\/434579\/revisions"}],"wp:featuredmedia":[{"embeddable":true,"href":"https:\/\/www.europesays.com\/fr\/wp-json\/wp\/v2\/media\/434580"}],"wp:attachment":[{"href":"https:\/\/www.europesays.com\/fr\/wp-json\/wp\/v2\/media?parent=434579"}],"wp:term":[{"taxonomy":"category","embeddable":true,"href":"https:\/\/www.europesays.com\/fr\/wp-json\/wp\/v2\/categories?post=434579"},{"taxonomy":"post_tag","embeddable":true,"href":"https:\/\/www.europesays.com\/fr\/wp-json\/wp\/v2\/tags?post=434579"}],"curies":[{"name":"wp","href":"https:\/\/api.w.org\/{rel}","templated":true}]}}