{"id":434592,"date":"2025-10-02T21:16:11","date_gmt":"2025-10-02T21:16:11","guid":{"rendered":"https:\/\/www.europesays.com\/fr\/434592\/"},"modified":"2025-10-02T21:16:11","modified_gmt":"2025-10-02T21:16:11","slug":"cyril-hanouna-depouille-par-une-chroniqueuse-cette-facture-exorbitante-quelle-a-fait-passer-sur-son-compte","status":"publish","type":"post","link":"https:\/\/www.europesays.com\/fr\/434592\/","title":{"rendered":"Cyril Hanouna d\u00e9pouill\u00e9 par une chroniqueuse, cette facture exorbitante qu\u2019elle a fait passer sur son compte"},"content":{"rendered":"<p data-start=\"461\" data-end=\"751\">Ce jeudi 2 octobre, l\u2019ambiance<br \/>\n\u00e9tait \u00e9lectrique sur le plateau de <a href=\"https:\/\/www.closermag.fr\/people\/son-appartement-de-150-mc2b2-marina-fois-atomisee-dans-tbt9-son-discours-sur-les-migrants-ne-passe-pas-3583983\" rel=\"nofollow noopener\" target=\"_blank\"><br \/>\nTout beau tout n9uf.<\/a><br \/>\nSans <a href=\"https:\/\/www.closermag.fr\/people\/impossible-de-passer-a-lacte-sans-cyril-hanouna-geraldine-maillet-se-lache-3583832\" rel=\"nofollow noopener\" target=\"_blank\"><br \/>\nCyril Hanouna<\/a>, en cong\u00e9 pour f\u00eater Yom Kippour avec sa famille,<br \/>\nc\u2019est son joker <a href=\"https:\/\/www.closermag.fr\/people\/des-propos-de-plus-en-plus-laurent-fontaine-lache-un-commentaire-tendancieux-sur-cette-celebre-actrice-3583841\" rel=\"nofollow noopener\" target=\"_blank\"><br \/>\nLaurent Fontaine<\/a> qui animait l\u2019\u00e9mission. L\u2019occasion pour les<br \/>\nchroniqueurs de <strong>se l\u00e2cher un peu plus<\/strong> que<br \/>\nd\u2019habitude.<\/p>\n<p data-start=\"753\" data-end=\"984\">Et pour marquer le coup, celui<br \/>\nqui coanime Y&rsquo;a que la v\u00e9rit\u00e9 qui compte avec <a href=\"https:\/\/www.closermag.fr\/people\/je-suis-officiellement-pascal-bataille-fait-le-point-sur-sa-lutte-contre-le-cancer-3538657\" rel=\"nofollow noopener\" target=\"_blank\"><br \/>\nPascal Bataille<\/a> a demand\u00e9 \u00e0 chaque membre de l\u2019\u00e9quipe de<br \/>\nr\u00e9v\u00e9ler <strong>une v\u00e9rit\u00e9 jamais dite \u00e0 Cyril Hanouna<\/strong>.<br \/>\nQuand est venu le tour de Polska, sa r\u00e9v\u00e9lation a provoqu\u00e9 un<br \/>\n\u00e9norme fou rire dans le studio.<\/p>\n<p>Polska avoue avoir mis une<br \/>\nfacture sal\u00e9e sur le compte de Cyril Hanouna<\/p>\n<p data-start=\"1064\" data-end=\"1688\">Face aux cam\u00e9ras, <a href=\"https:\/\/www.closermag.fr\/people\/la-18e-fois-jai-eu-le-declic-polska-evoque-pour-la-premiere-fois-sa-recente-rupture-avec-son-compagnon-3575894\" rel=\"nofollow noopener\" target=\"_blank\"><br \/>\nPolska<\/a> n\u2019a pas h\u00e9sit\u00e9 \u00e0 balancer : \u00ab\u00a0Bah en fait, je suis une voleuse !\u00a0\u00bb avant<br \/>\nd\u2019ajouter, sous les yeux m\u00e9dus\u00e9s du plateau : \u00ab\u00a0J\u2019ai vol\u00e9 de l\u2019argent \u00e0 Cyril.\u00a0\u00bb La<br \/>\nchroniqueuse a alors racont\u00e9 sa soir\u00e9e VIP inattendue dans une<br \/>\nbo\u00eete de nuit : \u00ab\u00a0Je pense<br \/>\nqu\u2019on a tous utilis\u00e9 le nom de Cyril pour s\u2019avantager dans la vie.<br \/>\nUn jour, je suis all\u00e9e dans une bo\u00eete de nuit. Il y avait beaucoup<br \/>\nde queue et moi, je voulais rentrer vite. Donc j\u2019arrive, je dis au<br \/>\nphysio \u2018Moi, <strong>je suis avec Cyril Hanouna<\/strong>, est-ce<br \/>\nque je peux entrer rapidement ?\u2019. D\u00e8s qu\u2019il entend \u00e7a, il me fait<br \/>\nentrer en VIP et tout, trop bien !\u00a0\u00bb<\/p>\n<p data-start=\"1690\" data-end=\"2280\">La suite est digne d\u2019un sketch<br \/>\n: \u00ab\u00a0Moi, je demande du<br \/>\nchampagne. Je pensais qu\u2019il allait me ramener un verre, mais il me<br \/>\nram\u00e8ne une bouteille tr\u00e8s, tr\u00e8s grosse. Qui vaut tr\u00e8s cher. Je me<br \/>\ndis \u2018bon, ok\u2019, je la bois, et tout. Et \u00e0 la fin, il me ram\u00e8ne<br \/>\nl\u2019addition. L\u00e0, je vois \u00e7a, j\u2019ai failli faire un AVC cardiaque<br \/>\n!\u00a0\u00bb Une erreur de fran\u00e7ais qui a fait rire tout le monde sur le<br \/>\nplateau. Laurent Fontaine a alors r\u00e9sum\u00e9 : \u00ab\u00a0Pour la faire courte, <strong>tu as mis l\u2019addition<br \/>\ntr\u00e8s lourde sur le compte de Cyril Hanouna<\/strong>.\u00a0\u00bb Et<br \/>\nPolska a confirm\u00e9, en riant : \u00ab\u00a0J\u2019ai dit \u2018Cyril il arrive\u2019, et je suis partie.\u00a0\u00bb<\/p>\n<p>\u00ab\u00a0Il<br \/>\navait pas remarqu\u00e9 !\u00a0\u00bb<\/p>\n<p data-start=\"2324\" data-end=\"2776\">Interloqu\u00e9, Laurent Fontaine a<br \/>\nensuite demand\u00e9 : \u00ab\u00a0Il t\u2019a<br \/>\nappel\u00e9e le lendemain ?\u00a0\u00bb. Polska r\u00e9pond, hilare :<br \/>\n\u00ab\u00a0Bah il avait pas remarqu\u00e9 !<br \/>\nC\u2019est g\u00e9nial !\u00a0\u00bb Une r\u00e9plique qui a d\u00e9clench\u00e9 un nouveau fou<br \/>\nrire chez les chroniqueurs. Certains ont soulign\u00e9 avec humour que<br \/>\nCyril Hanouna n\u2019avait s\u00fbrement pas vu la diff\u00e9rence sur son compte<br \/>\nbancaire. \u00ab\u00a0C\u2019est pour \u00e7a que<br \/>\nje ne m\u2019en suis pas voulue, parce que <strong>comme il ne l\u2019a pas<br \/>\nremarqu\u00e9<\/strong>, je ne m\u2019en suis pas voulue.\u00a0\u00bb<\/p>\n<p data-start=\"2324\" data-end=\"2776\">Absente ce soir-l\u00e0, la star de<br \/>\n<a href=\"https:\/\/www.closermag.fr\/tv_tele_realite\/cyril-hanouna-sur-w9-ses-sorties-de-route-pourraient-lui-couter-cher-la-chaine-sen-est-assuree-3583562\" rel=\"nofollow noopener\" target=\"_blank\"><br \/>\nW9<\/a> n\u2019a pas r\u00e9agi publiquement \u00e0 cette confession, mais nul<br \/>\ndoute que <strong>ce r\u00e9cit fera sourire Cyril Hanouna<\/strong>, lui<br \/>\nqui adore ce genre de r\u00e9v\u00e9lations sur son plateau.<\/p>\n","protected":false},"excerpt":{"rendered":"Ce jeudi 2 octobre, l\u2019ambiance \u00e9tait \u00e9lectrique sur le plateau de Tout beau tout n9uf. Sans Cyril Hanouna,&hellip;\n","protected":false},"author":2,"featured_media":434593,"comment_status":"","ping_status":"","sticky":false,"template":"","format":"standard","meta":{"footnotes":""},"categories":[1356],"tags":[1261,1083,58,59,1011,27,252,22497,49534,1364,2395],"class_list":{"0":"post-434592","1":"post","2":"type-post","3":"status-publish","4":"format-standard","5":"has-post-thumbnail","7":"category-television","8":"tag-argent","9":"tag-cyril-hanouna","10":"tag-divertissement","11":"tag-entertainment","12":"tag-fr","13":"tag-france","14":"tag-television","15":"tag-tout-beau","16":"tag-tout-n9uf","17":"tag-tv","18":"tag-w9"},"share_on_mastodon":{"url":"https:\/\/pubeurope.com\/@fr\/115306652306200371","error":""},"_links":{"self":[{"href":"https:\/\/www.europesays.com\/fr\/wp-json\/wp\/v2\/posts\/434592","targetHints":{"allow":["GET"]}}],"collection":[{"href":"https:\/\/www.europesays.com\/fr\/wp-json\/wp\/v2\/posts"}],"about":[{"href":"https:\/\/www.europesays.com\/fr\/wp-json\/wp\/v2\/types\/post"}],"author":[{"embeddable":true,"href":"https:\/\/www.europesays.com\/fr\/wp-json\/wp\/v2\/users\/2"}],"replies":[{"embeddable":true,"href":"https:\/\/www.europesays.com\/fr\/wp-json\/wp\/v2\/comments?post=434592"}],"version-history":[{"count":0,"href":"https:\/\/www.europesays.com\/fr\/wp-json\/wp\/v2\/posts\/434592\/revisions"}],"wp:featuredmedia":[{"embeddable":true,"href":"https:\/\/www.europesays.com\/fr\/wp-json\/wp\/v2\/media\/434593"}],"wp:attachment":[{"href":"https:\/\/www.europesays.com\/fr\/wp-json\/wp\/v2\/media?parent=434592"}],"wp:term":[{"taxonomy":"category","embeddable":true,"href":"https:\/\/www.europesays.com\/fr\/wp-json\/wp\/v2\/categories?post=434592"},{"taxonomy":"post_tag","embeddable":true,"href":"https:\/\/www.europesays.com\/fr\/wp-json\/wp\/v2\/tags?post=434592"}],"curies":[{"name":"wp","href":"https:\/\/api.w.org\/{rel}","templated":true}]}}