{"id":434599,"date":"2025-10-02T21:20:10","date_gmt":"2025-10-02T21:20:10","guid":{"rendered":"https:\/\/www.europesays.com\/fr\/434599\/"},"modified":"2025-10-02T21:20:10","modified_gmt":"2025-10-02T21:20:10","slug":"rechauffement-avec-laporta-joie-pure-lewandowski-elogieux-larmes-de-luis-enrique-les-coulisses-dun-succes-qui-fera-date","status":"publish","type":"post","link":"https:\/\/www.europesays.com\/fr\/434599\/","title":{"rendered":"r\u00e9chauffement avec Laporta , joie pure, Lewandowski \u00e9logieux, larmes de Luis Enrique\u2026 Les coulisses d\u2019un succ\u00e8s qui fera date"},"content":{"rendered":"<p><strong>R\u00c9CIT \u2013 <\/strong>Quelques \u00e9l\u00e9ments d\u2019ambiance dans les coulisses de la victoire parisienne \u00e0 Barcelone (1-2), mercredi soir, lors de la deuxi\u00e8me journ\u00e9e de Ligue des champions.<\/p>\n<p class=\"fig-paragraph\">Qui l\u2019e\u00fbt cru\u00a0?\u00a0<a href=\"http:\/\/www.lefigaro.fr\/sports\/football\/ligue-des-champions\/barca-psg-kvaratskhelia-s-ajoute-a-la-longue-liste-des-absents-cote-parisien-20250930\" data-fig-type=\"NewsFlash\" data-gtm-custom-categorie=\"navigation\" data-gtm-custom-action=\"crossclick\" data-gtm-custom-label=\"Contextuel\" data-gtm-event=\"customEventSPE\" data-fig-domain=\"LEFIGARO\" rel=\"nofollow noopener\" target=\"_blank\">Priv\u00e9 de cinq habituels titulaires<\/a>, dont Jo\u00e3o Neves forfait \u00e0 l\u2019\u00e9chauffement, le PSG a donn\u00e9 la le\u00e7on \u00e0 Barcelone mercredi, \u00e0 Montju\u00efc, lors de la deuxi\u00e8me journ\u00e9e de Ligue des champions.\u00a0<a href=\"http:\/\/www.lefigaro.fr\/sports\/football\/ligue-des-champions\/ligue-des-champions-le-psg-s-offre-une-victoire-de-prestige-contre-barcelone-20251001\" data-fig-type=\"NewsFlash\" data-gtm-custom-categorie=\"navigation\" data-gtm-custom-action=\"crossclick\" data-gtm-custom-label=\"Contextuel\" data-gtm-event=\"customEventSPE\" data-fig-domain=\"LEFIGARO\" rel=\"nofollow noopener\" target=\"_blank\">Une victoire 2-1<\/a>\u00a0qui place d\u00e9j\u00e0 le club de la capitale en position id\u00e9ale pour la qualification, voire le Top 8 (<a href=\"https:\/\/www.lefigaro.fr\/sports\/football\/ligue-des-champions\/classement\" target=\"_blank\" rel=\"sponsored noopener nofollow\" data-gtm-custom-categorie=\"navigation\" data-gtm-custom-action=\"crossclick\" data-gtm-custom-label=\"Contextuel\" data-gtm-event=\"customEventSPE\">le classement ici<\/a>). \u00abJe ne sais pas, \u00e7a d\u00e9pend du calendrier de chacun, le n\u00f4tre est difficile. Tous nos futurs adversaires sont de haut niveau. \u00c7a ne m\u2019int\u00e9resse pas. Le plus important, c\u2019est de ressentir cette mentalit\u00e9 et cet ADN qu\u2019on a comme \u00e9quipe et comme club\u00bb,\u00a0<a href=\"http:\/\/www.lefigaro.fr\/sports\/football\/ligue-des-champions\/barcelone-psg-quels-que-soient-les-joueurs-quels-que-soient-les-problemes-on-est-la-jubile-luis-enrique-20251001\" data-fig-type=\"NewsFlash\" data-gtm-custom-categorie=\"navigation\" data-gtm-custom-action=\"crossclick\" data-gtm-custom-label=\"Contextuel\" data-gtm-event=\"customEventSPE\" data-fig-domain=\"LEFIGARO\" rel=\"nofollow noopener\" target=\"_blank\">a indiqu\u00e9 Luis Enrique apr\u00e8s la partie<\/a>.<\/p>\n<p class=\"fig-paragraph\">Une chose est s\u00fbre\u00a0: le coach espagnol n\u2019a pas cach\u00e9 sa joie apr\u00e8s ce succ\u00e8s contre son club de c\u0153ur. Moment de communion avec les 2600 supporters qui avaient fait le d\u00e9placement. Un de plus pour Paris.\u00a0<a href=\"http:\/\/www.lefigaro.fr\/sports\/football\/ligue-des-champions\/luis-enrique-avant-barcelone-psg-c-est-un-match-important-mais-pas-determinant-20250930\" data-fig-type=\"NewsFlash\" data-gtm-custom-categorie=\"navigation\" data-gtm-custom-action=\"crossclick\" data-gtm-custom-label=\"Contextuel\" data-gtm-event=\"customEventSPE\" data-fig-domain=\"LEFIGARO\" rel=\"nofollow noopener\" target=\"_blank\">Lequel Luis Enrique se d\u00e9clarait \u00abtranquille\u00bb avant la partie, \u00abcalme\u00bb<\/a>, malgr\u00e9 les nombreux absents et le niveau de l\u2019adversaire. En priv\u00e9, il n\u2019h\u00e9sitait toutefois\u2026<\/p>\n<p class=\"fig-premium-paywall__infos\">\n        Cet article est r\u00e9serv\u00e9 aux abonn\u00e9s.        Il vous reste 72% \u00e0 d\u00e9couvrir.\n    <\/p>\n<p>                <img  data- alt=\"Le Figaro\" class=\"fig-img--complete fig-img\"\/><\/p>\n<p class=\"fig-premium-paywall__title\">Vous avez envie de lire la suite ?<\/p>\n<p class=\"fig-premium-paywall__subtitle\">D\u00e9bloquez tous les articles imm\u00e9diatement.<\/p>\n<p class=\"fig-premium-paywall__connect\">\n                D\u00e9j\u00e0 abonn\u00e9\u00a0?                <a class=\"fig-premium-paywall__connect-link\" href=\"https:\/\/connect.lefigaro.fr\/login?client=horizon_web&amp;type=main&amp;redirect_uri=https%3A%2F%2Fwww.lefigaro.fr%2Fsports%2Ffootball%2Fligue-des-champions%2Fbarcelone-psg-rechauffement-avec-laporta-joie-pure-lewandowski-elogieux-larmes-de-luis-enrique-les-coulisses-d-un-succes-qui-fera-date-20251002\" data-js-gtm=\"{&quot;customCategorie&quot;: &quot;conversion&quot;, &quot;customAction&quot;: &quot;before_Landing_Connexion_paywall_auto&quot;, &quot;customLabel&quot;: &quot;bGVmaWdhcm8uZnJfXzFmMDlmYjM4LTI2MjgtNmFkMi05OWMwLWE5OTI1MTZiYzBhMF9fTmV3c0ZsYXNo_Barcelone-PSG\u00a0: r\u00e9chauffement avec Laporta , joie pure, Lewandowski \u00e9logieux, larmes de Luis Enrique\u2026 Les coulisses d\u2019un succ\u00e8s qui fera date_369&quot;, &quot;customIDSPE&quot;: &quot;bGVmaWdhcm8uZnJfXzFmMDlmYjM4LTI2MjgtNmFkMi05OWMwLWE5OTI1MTZiYzBhMF9fTmV3c0ZsYXNo&quot;, &quot;event&quot;: &quot;customEventSPE&quot;}\" rel=\"nofollow noopener\" target=\"_blank\"><br \/>\n                    Connectez-vous<br \/>\n                <\/a>\n            <\/p>\n","protected":false},"excerpt":{"rendered":"R\u00c9CIT \u2013 Quelques \u00e9l\u00e9ments d\u2019ambiance dans les coulisses de la victoire parisienne \u00e0 Barcelone (1-2), mercredi soir, lors&hellip;\n","protected":false},"author":2,"featured_media":434600,"comment_status":"","ping_status":"","sticky":false,"template":"","format":"standard","meta":{"footnotes":""},"categories":[9],"tags":[5695,1011,27,447,921,11486,93,60],"class_list":{"0":"post-434599","1":"post","2":"type-post","3":"status-publish","4":"format-standard","5":"has-post-thumbnail","7":"category-sports","8":"tag-fc-barcelone","9":"tag-fr","10":"tag-france","11":"tag-ligue-des-champions","12":"tag-luis-enrique","13":"tag-nasser-al-khelaifi","14":"tag-psg","15":"tag-sports"},"share_on_mastodon":{"url":"https:\/\/pubeurope.com\/@fr\/115306668018641648","error":""},"_links":{"self":[{"href":"https:\/\/www.europesays.com\/fr\/wp-json\/wp\/v2\/posts\/434599","targetHints":{"allow":["GET"]}}],"collection":[{"href":"https:\/\/www.europesays.com\/fr\/wp-json\/wp\/v2\/posts"}],"about":[{"href":"https:\/\/www.europesays.com\/fr\/wp-json\/wp\/v2\/types\/post"}],"author":[{"embeddable":true,"href":"https:\/\/www.europesays.com\/fr\/wp-json\/wp\/v2\/users\/2"}],"replies":[{"embeddable":true,"href":"https:\/\/www.europesays.com\/fr\/wp-json\/wp\/v2\/comments?post=434599"}],"version-history":[{"count":0,"href":"https:\/\/www.europesays.com\/fr\/wp-json\/wp\/v2\/posts\/434599\/revisions"}],"wp:featuredmedia":[{"embeddable":true,"href":"https:\/\/www.europesays.com\/fr\/wp-json\/wp\/v2\/media\/434600"}],"wp:attachment":[{"href":"https:\/\/www.europesays.com\/fr\/wp-json\/wp\/v2\/media?parent=434599"}],"wp:term":[{"taxonomy":"category","embeddable":true,"href":"https:\/\/www.europesays.com\/fr\/wp-json\/wp\/v2\/categories?post=434599"},{"taxonomy":"post_tag","embeddable":true,"href":"https:\/\/www.europesays.com\/fr\/wp-json\/wp\/v2\/tags?post=434599"}],"curies":[{"name":"wp","href":"https:\/\/api.w.org\/{rel}","templated":true}]}}