{"id":434619,"date":"2025-10-02T21:33:22","date_gmt":"2025-10-02T21:33:22","guid":{"rendered":"https:\/\/www.europesays.com\/fr\/434619\/"},"modified":"2025-10-02T21:33:22","modified_gmt":"2025-10-02T21:33:22","slug":"cause-commune-fait-son-entree-dans-la-campagne-des-municipales","status":"publish","type":"post","link":"https:\/\/www.europesays.com\/fr\/434619\/","title":{"rendered":"Cause Commune fait son entr\u00e9e dans la campagne des municipales"},"content":{"rendered":"<p>            Par<br \/>\n        <strong><br \/>\n            <a href=\"https:\/\/actu.fr\/auteur\/c-nithard\" title=\"Consulter tous les articles de C\u00e9dric Nithard\" rel=\"nofollow noopener\" target=\"_blank\">C\u00e9dric Nithard<\/a><br \/>\n        <\/strong><\/p>\n<p>        Publi\u00e9 le<\/p>\n<p>            2 oct. 2025 \u00e0 17h03        <\/p>\n<p>Lanc\u00e9 en mai dernier sur les bases ou les cendres de Nous Sommes, <strong>le mouvement Cause Commune<\/strong> a fait jeudi dernier <strong>son entr\u00e9e dans la campagne des municipales<\/strong> \u00e0 <strong>Montpellier<\/strong>. Les quatre porte-paroles Anne Bisson, Soufyan Heutte, Marc Nougier et, la conseill\u00e8re d\u2019opposition, ancienne t\u00eate de liste de Nous Sommes aux pr\u00e9c\u00e9dentes municipales, <strong>Alenka Doulain<\/strong> ont pr\u00e9sent\u00e9 \u00ab\u00a0sept mesures de choc pour pr\u00e9parer Montpellier \u00e0 notre si\u00e8cle\u00a0\u00bb.\u00a0<\/p>\n<p>L\u2019engagement<\/p>\n<p class=\" wall-content\">Aux c\u00f4t\u00e9 d\u2019Alenka Doulain, un ancien de Nous Sommes Marc Nougier , <a href=\"https:\/\/actu.fr\/occitanie\/montpellier_34172\/montpellier-soufyan-heutte-devoile-son-troisieme-roman-rap-au-vif_61736784.html\" rel=\"nofollow noopener\" target=\"_blank\">l\u2019auteur et \u00e9ducateur sp\u00e9cialis\u00e9 Soufyan Heutte<\/a> et un nouveau visage Anne Bisson, sont les quatre porte-paroles du mouvent Cause Commune. Si pour les deux derniers il s\u2019agit d\u2019un premier pas en politique, tous sont port\u00e9s par un engagement militant ou associatif. \u00ab\u00a0Je ne m\u2019\u00e9tais jamais investi m\u00eame si je suis tr\u00e8s militant en faveur des quartiers populaires avec cette revendication de ne plus \u00eatre des citoyens de seconde zone. D\u00e9j\u00e0 que nous sommes \u00e0 part g\u00e9ographiquement, ne le soyons pas politiquement\u00a0\u00bb illustre Soufyan Heutte qui ajoute : \u00ab\u00a0Plus personnellement, c\u2019est le traitement de La Paillade par Micha\u00ebl Delafosse et la mairie qui m\u2019a r\u00e9volt\u00e9 et m\u2019a motiv\u00e9 \u00e0 faire ce que je n\u2019ai jamais fait en franchissant cette ligne rouge d\u2019un engagement plus ancr\u00e9 politiquement\u00a0\u00bb.\u00a0<\/p>\n<p class=\" wall-content\">Et l\u2019engagement n\u2019est pas un mot creux chez l\u2019auteur montpelli\u00e9rain. D\u2019autant plus en politique : \u00ab\u00a0S\u2019engager, c\u2019est surtout se mettre en gage. C\u2019est comment des personnes qui ont une vie, un travail, une fr\u00e9n\u00e9sie autre que la politique, se mettent en pause et se disent que, l\u00e0, c\u2019est trop, que nous subissons les mauvaises d\u00e9cisions des mandatures successives et comment nous pouvons venir apporter notre pierre \u00e0 l\u2019\u00e9difice. Et aujourd\u2019hui, le monde politique a peur de cet engagement politique des citoyens. Or, pour nous, la politique ce n\u2019est pas des financements et des budgets, c\u2019est avant-tout de la volont\u00e9 politique. Nous sommes au niveau municipal, c\u2019est le rez-de-chauss\u00e9e de la politique et malgr\u00e9 \u00e7a nous n\u2019avons pas acc\u00e8s au syst\u00e8me d\u00e9mocratique \u00e0 Montpellier. On reste sur le pas de la porte, voire on nous claque la porte au nez\u00a0\u00bb. Alors Soufyan Heutte \u00e0 d\u00e9cider de glisser un pied dans cette porte \u00e0 travers Cause Commune.<\/p>\n<p>Un socle programmatique de rupture<\/p>\n<p class=\" wall-content\">Les quatre porte-paroles ont ainsi pr\u00e9sent\u00e9 \u00ab\u00a0sept mesures qui selon nous doivent faire cause commune \u00e0 Montpellier. C\u2019est en quelque sorte notre socle programmatique de rupture pour r\u00e9pondre aux d\u00e9fis du si\u00e8cle, particuli\u00e8rement forts \u00e0 Montpellier, que sont la crise du logement, le ch\u00f4mage end\u00e9mique, les \u00e9pisodes extr\u00eames climatiques qui se multiplient et la crise d\u00e9mocratique avec des institutions locales d\u00e9connect\u00e9es des habitants ainsi que la mont\u00e9e des id\u00e9es r\u00e9actionnaires accroissant les divisions sociales. Sans oublier nos vuln\u00e9rabilit\u00e9s locales li\u00e9es \u00e0 l\u2019alimentation, l\u2019\u00e9nergie, les d\u00e9chets\u2026\u00a0\u00bb souligne Alenka Doulain en pointant : \u00ab\u00a0C\u2019est d\u2019autant plus fort \u00e0 Montpellier car nous sommes dans une ville \u00e0 deux vitesses. Il y a le c\u00f4t\u00e9 carte postale, instagrammable et de l\u2019autre les quartiers oubli\u00e9s laiss\u00e9s de c\u00f4t\u00e9 au quotidien\u00a0\u00bb.<\/p>\n<p>Vid\u00e9os : en ce moment sur Actu<\/p>\n<p class=\" wall-content\">Pour autant, la conseill\u00e8re d\u2019opposition, comme tout au long du mandat, d\u00e9fend un mod\u00e8le diff\u00e9rent que celui d\u00e9velopp\u00e9 par la majorit\u00e9. \u00ab\u00a0Un autre r\u00e9cit est possible d\u2019une ville r\u00e9concili\u00e9e et qui permet de faire face \u00e0 ces d\u00e9fis. Montpellier serait une ville refuge o\u00f9 chacun trouverait sa place pour s\u2019\u00e9panouir. Ce projet d\u2019alternance c\u2019est celui que nous pr\u00e9sentons mais pas avec des mesures cosm\u00e9tiques ou gestionnaires. Il s\u2019agit de mesures de rupture et qui prennent les probl\u00e8mes \u00e0 la racine, qui ne traitent pas seulement des sympt\u00f4mes mais aussi des causes profondes\u00a0\u00bb avance-t-elle. Ainsi, fort d\u2019un centaine d\u2019habitants de Montpellier, le mouvement a travaill\u00e9 ces derniers mois \u00e0 m\u00fbrir un programme esquiss\u00e9 par ces sept premi\u00e8res propositions.<\/p>\n<p>Gouvernance, logements sociaux et golf de Juvignac<\/p>\n<p class=\" wall-content\">Tout d\u2019abord, un plan, en dix points, dit de d\u00e9cence commune, ax\u00e9 sur la d\u00e9mocratie locale autour de la transparence, le contr\u00f4le citoyen et la limitation des privil\u00e8ges des \u00e9lus (plafonnement de la r\u00e9mun\u00e9ration (pour le maire deux fois le revenu m\u00e9dian des habitants de Montpellier), r\u00e9f\u00e9rendum r\u00e9vocatoire, non cumul des mandats y compris des fonctions de maire de la ville-centre et pr\u00e9sident de la m\u00e9tropole, r\u00e9f\u00e9rendum d\u2019initiative citoyenne\u2026). \u00ab\u00a0Un \u00e9lu est l\u00e0 pour servir la ville et pas se servir de la ville. Il a un mandat c\u2019est \u00e0 dire que nous faisons confiance en ces \u00e9lus pour appliquer une vision et ne pas se comporter comme dans une baronnie et se consid\u00e9rer comme les propri\u00e9taires de cette ville\u00a0\u00bb observe Soufyan Heutte qui ass\u00e8ne : \u00ab\u00a0On conna\u00eet \u00e7a \u00e0 Montpellier avec la baronnie socialiste et on aimerait qu\u2019il n\u2019y ait plus de barons mais des personnes au service des habitants de Montpellier\u00a0\u00bb.<\/p>\n<p>Votre r\u00e9gion, votre actu !<\/p>\n<p>Recevez chaque jour les infos qui comptent pour vous.<\/p>\n<p>\t<a href=\"https:\/\/actu.fr\/newsletter\" class=\"ac-btn ac-btn--corner ac-btn--medium ac-btn--blue800\" rel=\"nofollow noopener\" target=\"_blank\">S&rsquo;incrire<\/a><\/p>\n<p>    <img   decoding=\"async\" loading=\"lazy\" src=\"https:\/\/www.europesays.com\/fr\/wp-content\/uploads\/2025\/10\/soufyan-heutte-cause-commune-montpellier-960x640.jpg\" alt=\"L'auteur montpelli\u00e9rain et \u00e9ducateur sp\u00e9cialis\u00e9 aupr\u00e8s de jeunes en difficult\u00e9, engag\u00e9 dans le mouvement Cause Commune pour les municipales.\" width=\"960\" height=\"640\"\/><br \/>\n    L\u2019auteur montpelli\u00e9rain et \u00e9ducateur sp\u00e9cialis\u00e9 aupr\u00e8s de jeunes en difficult\u00e9, engag\u00e9 dans le mouvement Cause Commune pour les municipales. (\u00a9CN \/ M\u00e9tropolitain)<\/p>\n<p class=\" wall-content\">Cause Commune souhaite ensuite cr\u00e9er une agence immobili\u00e8re \u00e0 vocation sociale pour \u00ab\u00a0r\u00e9ussir l\u00e0 o\u00f9 Micha\u00ebl Delafosse a \u00e9chou\u00e9 c\u2019est \u00e0 dire construire des logements sociaux sans b\u00e9tonner. L\u2019\u00e9quation est aujourd\u2019hui impossible avec 4 000 nouveaux habitants par an et 3 600 demandes de logements sociaux non pourvus\u00a0\u00bb appuie Alenka Doulain. L\u2019ambition de cette agence, qui aurait un r\u00f4le d\u2019interface entre les propri\u00e9taires et les bailleurs sociaux, serait la cr\u00e9ation de 10 000 logements sociaux en six ans en accompagnant des priv\u00e9s dans, par exemple, la construction d\u2019un studio dans leur jardin, la sur\u00e9l\u00e9vation d\u2019un \u00e9tage sur pavillon ou la division de grands logements sous occup\u00e9s\u2026 Sans omettre un travail sur les 13 000 logements vacants, qu\u2019ils concernent les entreprises, les institutions ou les particuliers.<\/p>\n<p class=\" wall-content\">Pour illustrer son d\u00e9sir d\u2019offrir des acc\u00e8s \u00e0 la nature au plus grand nombre, le mouvement souhaiterait mettre dans le d\u00e9bat la transformation du golf de Juvignac en grand parc m\u00e9tropolitain ouvert \u00e0 tous. \u00ab\u00a0C\u2019est un poumon vert qui vient fracturer la coh\u00e9sion entre Juvignac et le quartier de La Paillade. C\u2019est une fronti\u00e8re infranchissable. Il faut r\u00e9fl\u00e9chir au r\u00e9investissement de ce poumon vert\u00a0\u00bb explique Soufyan Heutte. Les id\u00e9es ne manquent pas pour occuper les 80 hectares, terrain appartenant \u00e0 la mairie de Juvignac, avec un parcours de golf plus petit ouvert \u00e0 tous, un camping municipal, une ferme p\u00e9dagogique, des jardins partag\u00e9s, le plus grand espace de street workout au monde, des espaces s\u00e9curis\u00e9s d\u00e9di\u00e9s aux barbecues, des aires de jeux inclusives pour les enfants, un th\u00e9\u00e2tre en plein air\u2026<\/p>\n<p>Plan 10 000 emplois et 30 \u00e9coles \u00e0 valoriser<\/p>\n<p class=\" wall-content\">Sur la question de l\u2019\u00e9conomie, l\u2019id\u00e9e est de rompre avec \u00ab\u00a0le dogme de l\u2019attractivit\u00e9 de Micha\u00ebl Delafosse\u00a0\u00bb explique Marc Nougier qui pointe notamment les strat\u00e9gies autour de MedVall\u00e9e, de l\u2019Agence de D\u00e9veloppement \u00c9conomique, des start-up et des incubateurs en concluant : \u00ab\u00a0Avec presque 20% de ch\u00f4mage et 61 000 personnes sous le seuil de pauvret\u00e9, nous manquons d\u2019emplois, cela ne fonctionne pas\u00a0\u00bb. L\u2019objectif de Cause Commune est donc de favoriser l\u2019emploi local et propose un plan 10 000 emplois. \u00ab\u00a0Nous remettons l\u2019\u00e9conomie au service de l\u2019int\u00e9r\u00eat g\u00e9n\u00e9ral\u00a0\u00bb avance-t-il et ce en apportant un soutien \u00e0 des fili\u00e8res de services essentiels aux emplois non d\u00e9localisables comme le solaire, les mobilit\u00e9s douces, la r\u00e9novation du b\u00e2ti, le tourisme durable\u2026 et en faisant des collectivit\u00e9s un accompagnateur de l\u2019\u00e9conomie locale.<\/p>\n<p class=\" wall-content\">Autre proposition dans un autre domaine en faisant de la lutte contre l\u2019\u00e9vitement scolaire une priorit\u00e9 municipale. \u00ab\u00a0Il y a une trentaine d\u2019\u00e9coles d\u00e9sert\u00e9es o\u00f9 les indices sociaux sont les plus faibles et le nombre d\u2019enfants ne correspond pas aux nombres d\u2019enfants dans le quartier. Nous assistons \u00e0 une v\u00e9ritable s\u00e9gr\u00e9gation scolaire sous nos yeux et cela a un impact sur le enfants mais \u00e9galement toute la soci\u00e9t\u00e9 et notre mani\u00e8re de vivre ensemble\u00a0\u00bb souligne Anne Bisson. La volont\u00e9 est donc de lutter contre \u00ab\u00a0la fuite vers le priv\u00e9\u00a0\u00bb en faisant de ces \u00e9tablissements cibl\u00e9s \u00ab\u00a0des \u00e9coles incontournables et d\u00e9sir\u00e9es par les familles qui cherchent \u00e0 contourner la carte scolaire\u00a0\u00bb. La cr\u00e9ation d\u2019un Observatoire municipal de la mixit\u00e9 scolaire visera \u00e0 \u00ab\u00a0mettre la lumi\u00e8re sur ce que tout le monde sait mais que l\u2019on ne veut pas regarder et dont on parle difficilement\u00a0\u00bb avec des travaux qui seront rendus publics. L\u2019attention sera bien s\u00fbr port\u00e9e sur la trentaine d\u2019\u00e9coles en doublant les budgets des projets \u00e9ducatifs et en les ouvrant en dehors des heures de classe pour diff\u00e9rents \u00e9v\u00e9nement afin devenir des lieux identifi\u00e9s dans leur quartier. De plus, une carte \u00ab\u00a0Coeur d\u2019\u00e9cole\u00a0\u00bb, r\u00e9serv\u00e9e aux familles ayant un ou plusieurs enfants dans ces \u00e9coles, donnera droit \u00e0 100\u20ac\/an par enfant pour l\u2019inscription \u00e0 des activit\u00e9s sportives et culturelles ainsi qu\u2019un v\u00e9lo pour chaque enfant en CE2.<\/p>\n<p>\u00c9nergie et m\u00e9moire<\/p>\n<p class=\" wall-content\">Pour lutter contre la pr\u00e9carit\u00e9 \u00e9nerg\u00e9tique et r\u00e9sister aux crises, Cause Commune veut cr\u00e9er un fournisseur public local d\u2019\u00e9nergie. \u00ab\u00a0L\u2019\u00e9nergie est un bien commun, un service essentiel et il faut que cela \u00e9chappe \u00e0 toute logique financi\u00e8re\u00a0\u00bb argumente Marc Nougier. Avec \u00c9nergie de Montpellier, le mouvement municipaliste entend garantir des prix stables et acc\u00e9l\u00e9rer la transition \u00e9nerg\u00e9tique. \u00ab\u00a0Micha\u00ebl Delafosse a lanc\u00e9 un plan solaire 2050. Si nous proposons quelque chose de plus ambitieux, c\u2019est bien parce que l\u2019objectif 2050 est d\u00e9connect\u00e9 de la r\u00e9alit\u00e9 et de la vitesse \u00e0 laquelle les choses avancent. Il faut faire plus\u00a0\u00bb souligne le porte-parole avec l\u2019ambition de baisser la facture \u00e9nerg\u00e9tique des Montpelli\u00e9rains de 10% en 5 ans gr\u00e2ce \u00e0 une \u00e9nergie locale, renouvelable et \u00e9thique.<\/p>\n<p class=\" wall-content\">Enfin, avec un Institut des histoires coloniales fran\u00e7aises, lieu de m\u00e9moire et de transmission, Cause Commune veut faire de Montpellier, une ville pionni\u00e8re dans la reconnaissance de son histoire coloniale. Anne Bisson explique la d\u00e9marche : \u00ab\u00a0En France, notre histoire coloniale a un impact tr\u00e8s important sur les m\u00e9canismes de domination au sein de la soci\u00e9t\u00e9. Pour les combattre, il faut les conna\u00eetre et assumer cette histoire. On voit la mont\u00e9e du fascisme et des discours de haine. On ne peut pas laisser d\u2019autres personnes, avec des objectifs politiques qui am\u00e8nent \u00e0 la division de la soci\u00e9t\u00e9, prendre tout l\u2019espace sur cette th\u00e9matique. En cr\u00e9ant un mus\u00e9e vivant, participatif et interg\u00e9n\u00e9rationnel on pourra construire un endroit o\u00f9 on pourra se r\u00e9approprier notre histoire et peut-\u00eatre un jour tourner la page\u00a0\u00bb.<\/p>\n<p>Tourner la page<\/p>\n<p class=\" wall-content\">Avec comme fil conducteur de ces sept mesures \u00ab\u00a0l\u2019engagement citoyen\u00a0\u00bb et l\u2019objectif de \u00ab\u00a0reconnecter les habitants \u00e0 la politique\u00a0\u00bb, c\u2019est justement de \u00ab\u00a0tourner la page de la majorit\u00e9 socialiste\u00a0\u00bb qu\u2019ambitionne Cause Commune. Quant \u00e0 la suite, outre les discussions principalement avec La France Insoumise et Les \u00c9cologistes pour constituer \u00ab\u00a0un bloc de rupture \u00e0 gauche anti-Delafosse autour d\u2019un projet commun\u00a0\u00bb (ndlr : nous y reviendrons dans un prochain article), le mouvement municipaliste va lancer une s\u00e9rie d\u2019enqu\u00eates th\u00e9matiques dans les quartiers \u00e0 destination des habitants pour \u00ab\u00a0imaginer autrement leur ville et faire remonter aussi leurs dol\u00e9ances, probl\u00e9matiques, inqui\u00e9tudes et aussi leurs espoirs pour l\u2019avenir parce qu\u2019un autre Montpellier est possible\u00a0\u00bb explique Alenka Doulain qui lance ainsi officiellement Cause Commune dans la campagne des municipales.<\/p>\n<p class=\" wall-content\">Personnalisez votre actualit\u00e9 en ajoutant vos villes et m\u00e9dias en favori avec <a href=\"https:\/\/moncompte.actu.fr\" title=\"D\u00e9couvez Mon Actu\" rel=\"nofollow noopener\" data-trk=\"{&quot;cta&quot;:{&quot;action&quot;:&quot;https:\\\/\\\/moncompte.actu.fr&quot;,&quot;category&quot;:&quot;mon compte&quot;,&quot;from&quot;:&quot;article footer&quot;,&quot;name&quot;:&quot;Mon actu&quot;,&quot;type&quot;:&quot;cta&quot;}}\" target=\"_blank\">Mon Actu<\/a>.<\/p>\n","protected":false},"excerpt":{"rendered":"Par C\u00e9dric Nithard Publi\u00e9 le 2 oct. 2025 \u00e0 17h03 Lanc\u00e9 en mai dernier sur les bases ou&hellip;\n","protected":false},"author":2,"featured_media":434620,"comment_status":"","ping_status":"","sticky":false,"template":"","format":"standard","meta":{"footnotes":""},"categories":[9599],"tags":[1111,11,4188,1777,674,1011,27,2208,12,2680,316,25],"class_list":{"0":"post-434619","1":"post","2":"type-post","3":"status-publish","4":"format-standard","5":"has-post-thumbnail","7":"category-montpellier","8":"tag-actu","9":"tag-actualites","10":"tag-elections-municipales","11":"tag-eu","12":"tag-europe","13":"tag-fr","14":"tag-france","15":"tag-montpellier","16":"tag-news","17":"tag-occitanie","18":"tag-politique","19":"tag-republique-francaise"},"share_on_mastodon":{"url":"https:\/\/pubeurope.com\/@fr\/115306719690973330","error":""},"_links":{"self":[{"href":"https:\/\/www.europesays.com\/fr\/wp-json\/wp\/v2\/posts\/434619","targetHints":{"allow":["GET"]}}],"collection":[{"href":"https:\/\/www.europesays.com\/fr\/wp-json\/wp\/v2\/posts"}],"about":[{"href":"https:\/\/www.europesays.com\/fr\/wp-json\/wp\/v2\/types\/post"}],"author":[{"embeddable":true,"href":"https:\/\/www.europesays.com\/fr\/wp-json\/wp\/v2\/users\/2"}],"replies":[{"embeddable":true,"href":"https:\/\/www.europesays.com\/fr\/wp-json\/wp\/v2\/comments?post=434619"}],"version-history":[{"count":0,"href":"https:\/\/www.europesays.com\/fr\/wp-json\/wp\/v2\/posts\/434619\/revisions"}],"wp:featuredmedia":[{"embeddable":true,"href":"https:\/\/www.europesays.com\/fr\/wp-json\/wp\/v2\/media\/434620"}],"wp:attachment":[{"href":"https:\/\/www.europesays.com\/fr\/wp-json\/wp\/v2\/media?parent=434619"}],"wp:term":[{"taxonomy":"category","embeddable":true,"href":"https:\/\/www.europesays.com\/fr\/wp-json\/wp\/v2\/categories?post=434619"},{"taxonomy":"post_tag","embeddable":true,"href":"https:\/\/www.europesays.com\/fr\/wp-json\/wp\/v2\/tags?post=434619"}],"curies":[{"name":"wp","href":"https:\/\/api.w.org\/{rel}","templated":true}]}}