{"id":434623,"date":"2025-10-02T21:35:11","date_gmt":"2025-10-02T21:35:11","guid":{"rendered":"https:\/\/www.europesays.com\/fr\/434623\/"},"modified":"2025-10-02T21:35:11","modified_gmt":"2025-10-02T21:35:11","slug":"a-rouen-il-frappe-un-homme-dans-le-bus-pour-avoir-touche-les-fesses-de-sa-belle-soeur","status":"publish","type":"post","link":"https:\/\/www.europesays.com\/fr\/434623\/","title":{"rendered":"\u00c0 Rouen, il frappe un homme dans le bus pour avoir \u00ab touch\u00e9 les fesses de sa belle-s\u0153ur \u00bb"},"content":{"rendered":"<p>            Par<br \/>\n        <strong><br \/>\n            <a href=\"https:\/\/actu.fr\/auteur\/yann-rivallan\" title=\"Consulter tous les articles de Yann Rivallan\" target=\"_blank\" rel=\"noopener\">Yann Rivallan<\/a><br \/>\n        <\/strong><\/p>\n<p>        Publi\u00e9 le<\/p>\n<p>            2 oct. 2025 \u00e0 11h38        <\/p>\n<p>L\u2019altercation a \u00e9t\u00e9 soudaine. \u00c0 19h15, mercredi 1er\u00a0octobre 2025, des policiers sont sollicit\u00e9s \u00e0 l\u2019arr\u00eat de bus du Kindarena \u00e0 <a href=\"https:\/\/actu.fr\/normandie\/rouen_76540\" target=\"_blank\" rel=\"noopener\">Rouen (Seine-Maritime)<\/a>. Un homme en aurait <strong>agress\u00e9 un autre<\/strong> dans un Teor pour un diff\u00e9rend ant\u00e9rieur.<\/p>\n<p>Il aurait \u00ab\u2009touch\u00e9 les fesses de sa belle-s\u0153ur par le pass\u00e9\u2009\u00bb<\/p>\n<p class=\" wall-content\">D\u2019apr\u00e8s les propos rapport\u00e9s par les contr\u00f4leurs du r\u00e9seau Astuce, un homme de 30\u00a0ans s\u2019est subitement mis \u00e0 porter <strong>des coups de poing<\/strong> \u00e0 un autre homme de 25\u00a0ans dans le bus. Un voyageur est parvenu \u00ab\u2009\u00e0 s\u2019interposer pour faire cesser l\u2019agression\u2009\u00bb, relate une source polici\u00e8re \u00e0 76actu.<\/p>\n<p class=\" wall-content\">Une fois arriv\u00e9e \u00e0 l\u2019arr\u00eat de bus, les contr\u00f4leurs sont intervenus et ont appel\u00e9 la police. L\u2019homme de 30\u00a0ans interpell\u00e9 par les forces de l\u2019ordre justifie son geste par <strong>des attouchements<\/strong> commis par la victime sur sa belle-s\u0153ur par le pass\u00e9.<\/p>\n<blockquote class=\"ac-article-quote wall-content\">\n<p>Il a expliqu\u00e9 que la victime [l&rsquo;homme de 25 ans, NDLR], avait touch\u00e9 les fesses de sa belle s\u0153ur par le pass\u00e9.<\/p>\n<p>    <strong>Une source polici\u00e8re<\/strong>\n            <\/p><\/blockquote>\n<p class=\" wall-content\">De quoi, pour l\u2019auteur des coups, justifier ce d\u00e9ferlement de violence. La victime a de son c\u00f4t\u00e9 indiqu\u00e9 aux policiers vouloir d\u00e9poser plainte.<\/p>\n<p>Suivez l\u2019actualit\u00e9 de Rouen sur <a href=\"https:\/\/www.whatsapp.com\/channel\/0029VaKfnf99hXF2ddApFB1D\" target=\"_blank\" rel=\"noopener\">notre cha\u00eene WhatsApp<\/a> et sur <a href=\"https:\/\/www.tiktok.com\/@76actu.fr?lang=fr\" target=\"_blank\" rel=\"noopener\">notre compte TikTok<\/a><\/p>\n<p class=\" wall-content\">Personnalisez votre actualit\u00e9 en ajoutant vos villes et m\u00e9dias en favori avec <a href=\"https:\/\/moncompte.actu.fr\" title=\"D\u00e9couvez Mon Actu\" rel=\"nofollow noopener\" data-trk=\"{&quot;cta&quot;:{&quot;action&quot;:&quot;https:\\\/\\\/moncompte.actu.fr&quot;,&quot;category&quot;:&quot;mon compte&quot;,&quot;from&quot;:&quot;article footer&quot;,&quot;name&quot;:&quot;Mon actu&quot;,&quot;type&quot;:&quot;cta&quot;}}\" target=\"_blank\">Mon Actu<\/a>.<\/p>\n<p>                    <script async src=\"\/\/www.tiktok.com\/embed.js\"><\/script><\/p>\n","protected":false},"excerpt":{"rendered":"Par Yann Rivallan Publi\u00e9 le 2 oct. 2025 \u00e0 11h38 L\u2019altercation a \u00e9t\u00e9 soudaine. \u00c0 19h15, mercredi 1er\u00a0octobre&hellip;\n","protected":false},"author":2,"featured_media":434624,"comment_status":"","ping_status":"","sticky":false,"template":"","format":"standard","meta":{"footnotes":""},"categories":[9587],"tags":[1111,11,1777,674,118,1011,27,12,5161,1072,25,9726,9590,7501],"class_list":{"0":"post-434623","1":"post","2":"type-post","3":"status-publish","4":"format-standard","5":"has-post-thumbnail","7":"category-rouen","8":"tag-actu","9":"tag-actualites","10":"tag-eu","11":"tag-europe","12":"tag-faits-divers","13":"tag-fr","14":"tag-france","15":"tag-news","16":"tag-normandie","17":"tag-police","18":"tag-republique-francaise","19":"tag-reseau-astuce-tcar","20":"tag-rouen","21":"tag-violences-urbaines"},"share_on_mastodon":{"url":"https:\/\/pubeurope.com\/@fr\/115306727224984041","error":""},"_links":{"self":[{"href":"https:\/\/www.europesays.com\/fr\/wp-json\/wp\/v2\/posts\/434623","targetHints":{"allow":["GET"]}}],"collection":[{"href":"https:\/\/www.europesays.com\/fr\/wp-json\/wp\/v2\/posts"}],"about":[{"href":"https:\/\/www.europesays.com\/fr\/wp-json\/wp\/v2\/types\/post"}],"author":[{"embeddable":true,"href":"https:\/\/www.europesays.com\/fr\/wp-json\/wp\/v2\/users\/2"}],"replies":[{"embeddable":true,"href":"https:\/\/www.europesays.com\/fr\/wp-json\/wp\/v2\/comments?post=434623"}],"version-history":[{"count":0,"href":"https:\/\/www.europesays.com\/fr\/wp-json\/wp\/v2\/posts\/434623\/revisions"}],"wp:featuredmedia":[{"embeddable":true,"href":"https:\/\/www.europesays.com\/fr\/wp-json\/wp\/v2\/media\/434624"}],"wp:attachment":[{"href":"https:\/\/www.europesays.com\/fr\/wp-json\/wp\/v2\/media?parent=434623"}],"wp:term":[{"taxonomy":"category","embeddable":true,"href":"https:\/\/www.europesays.com\/fr\/wp-json\/wp\/v2\/categories?post=434623"},{"taxonomy":"post_tag","embeddable":true,"href":"https:\/\/www.europesays.com\/fr\/wp-json\/wp\/v2\/tags?post=434623"}],"curies":[{"name":"wp","href":"https:\/\/api.w.org\/{rel}","templated":true}]}}