{"id":434625,"date":"2025-10-02T21:36:31","date_gmt":"2025-10-02T21:36:31","guid":{"rendered":"https:\/\/www.europesays.com\/fr\/434625\/"},"modified":"2025-10-02T21:36:31","modified_gmt":"2025-10-02T21:36:31","slug":"vire-la-traviata-de-verdi-retransmise-depuis-rouen-a-la-halle-drucker","status":"publish","type":"post","link":"https:\/\/www.europesays.com\/fr\/434625\/","title":{"rendered":"Vire. La Traviata de Verdi retransmise depuis Rouen \u00e0 la halle Drucker"},"content":{"rendered":"<p>\t\t\t\t\t\t\tCulture.<\/p>\n<p>\t\t\t\t\tDans le cadre d&rsquo;Op\u00e9ra en direct, l&rsquo;\u0153uvre de Verdi est \u00e0 l&rsquo;affiche de la halle Michel Drucker, samedi 4 octobre.\t\t\t\t<\/p>\n<p>\n\t\t\t\t\tPubli\u00e9 le<br \/>\n\t\t\t\t\t02\/10\/2025 \u00e0 13h00\t\t\t\t\t<\/p>\n<p>\t\t\t\t\t\t\t\t<img decoding=\"async\" class=\"media illustration\" src=\"https:\/\/www.europesays.com\/fr\/wp-content\/uploads\/2025\/10\/1759440991_447_\" width=\"1200\" height=\"578\" loading=\"eager\" fetchpriority=\"high\" alt=\"Vire. La Traviata de Verdi retransmise depuis Rouen \u00e0 la halle Drucker\"\/><\/p>\n<p>\t\t\t\t\t\t\t\t\t\t\t\t\t\t\tLa Traviata de Verdi sera retransmise en direct du th\u00e9\u00e2tre des Arts de Rouen,\u00a0samedi 4 octobre \u00e0 18h, \u00e0 la halle Michel Drucker.<\/p>\n","protected":false},"excerpt":{"rendered":"Culture. Dans le cadre d&rsquo;Op\u00e9ra en direct, l&rsquo;\u0153uvre de Verdi est \u00e0 l&rsquo;affiche de la halle Michel Drucker,&hellip;\n","protected":false},"author":2,"featured_media":434626,"comment_status":"","ping_status":"","sticky":false,"template":"","format":"standard","meta":{"footnotes":""},"categories":[9587],"tags":[1111,11,1777,674,1011,27,12,5161,25,9590],"class_list":{"0":"post-434625","1":"post","2":"type-post","3":"status-publish","4":"format-standard","5":"has-post-thumbnail","7":"category-rouen","8":"tag-actu","9":"tag-actualites","10":"tag-eu","11":"tag-europe","12":"tag-fr","13":"tag-france","14":"tag-news","15":"tag-normandie","16":"tag-republique-francaise","17":"tag-rouen"},"share_on_mastodon":{"url":"https:\/\/pubeurope.com\/@fr\/115306731370481155","error":""},"_links":{"self":[{"href":"https:\/\/www.europesays.com\/fr\/wp-json\/wp\/v2\/posts\/434625","targetHints":{"allow":["GET"]}}],"collection":[{"href":"https:\/\/www.europesays.com\/fr\/wp-json\/wp\/v2\/posts"}],"about":[{"href":"https:\/\/www.europesays.com\/fr\/wp-json\/wp\/v2\/types\/post"}],"author":[{"embeddable":true,"href":"https:\/\/www.europesays.com\/fr\/wp-json\/wp\/v2\/users\/2"}],"replies":[{"embeddable":true,"href":"https:\/\/www.europesays.com\/fr\/wp-json\/wp\/v2\/comments?post=434625"}],"version-history":[{"count":0,"href":"https:\/\/www.europesays.com\/fr\/wp-json\/wp\/v2\/posts\/434625\/revisions"}],"wp:featuredmedia":[{"embeddable":true,"href":"https:\/\/www.europesays.com\/fr\/wp-json\/wp\/v2\/media\/434626"}],"wp:attachment":[{"href":"https:\/\/www.europesays.com\/fr\/wp-json\/wp\/v2\/media?parent=434625"}],"wp:term":[{"taxonomy":"category","embeddable":true,"href":"https:\/\/www.europesays.com\/fr\/wp-json\/wp\/v2\/categories?post=434625"},{"taxonomy":"post_tag","embeddable":true,"href":"https:\/\/www.europesays.com\/fr\/wp-json\/wp\/v2\/tags?post=434625"}],"curies":[{"name":"wp","href":"https:\/\/api.w.org\/{rel}","templated":true}]}}