{"id":434632,"date":"2025-10-02T21:41:11","date_gmt":"2025-10-02T21:41:11","guid":{"rendered":"https:\/\/www.europesays.com\/fr\/434632\/"},"modified":"2025-10-02T21:41:11","modified_gmt":"2025-10-02T21:41:11","slug":"changement-climatique-a-rennes-un-nouveau-plan-pour-rectifier-le-tir","status":"publish","type":"post","link":"https:\/\/www.europesays.com\/fr\/434632\/","title":{"rendered":"Changement climatique\u00a0: \u00e0 Rennes, un nouveau plan pour rectifier le tir"},"content":{"rendered":"<p>Une r\u00e9duction des \u00e9missions de gaz \u00e0 effet de serre (GES) de 10,6 % entre 2019 et 2022 sur le territoire m\u00e9tropolitain. C\u2019est le chiffre annonc\u00e9 par Olivier Dehaese lors du vote pour le renouvellement du Pacte climat air \u00e9nergie territorial (PCAET) pour la p\u00e9riode 2025-2030 lors du conseil m\u00e9tropolitain, ce jeudi 2 octobre. Une bonne performance, se f\u00e9licite le vice-pr\u00e9sident charg\u00e9 du climat et de l\u2019\u00e9nergie \u00e0 la M\u00e9tropole, alors que le pays enregistre une baisse de 7,5 % des GES sur la m\u00eame p\u00e9riode. \u00ab On peut voir que les politiques nationales ont permis de diminuer les GES, mais aussi que nos politiques territoriales commencent \u00e0 porter leurs effets, puisque l\u2019on va plus vite qu\u2019au niveau national. \u00bb<\/p>\n<p>R\u00e9duire de 10 % le trafic routier<\/p>\n<p>Parmi les facteurs d\u00e9terminants qui ont contribu\u00e9 \u00e0 ces r\u00e9sultats, une baisse des GES de 6 % dans le secteur des transports. Sans effet ligne B, puisque la nouvelle ligne n\u2019a \u00e9t\u00e9 mise en service qu\u2019en septembre 2022. Avec l\u2019essor du r\u00e9seau express v\u00e9lo (Rev), l\u2019am\u00e9lioration des infrastructures cyclables, la mont\u00e9e en puissance de la ligne B et la mise en place progressive des trambus \u00e0 partir de 2028, la M\u00e9tropole esp\u00e8re r\u00e9duire de 10 % le trafic routier d\u2019ici 2030. <\/p>\n<p>Parmi les principaux d\u00e9fis, il s\u2019agit de diminuer le recours \u00e0 la voiture dans les communes \u00e9loign\u00e9es de la ville-centre, o\u00f9 les \u00e9missions ont moins baiss\u00e9 qu\u2019\u00e0 Rennes et en premi\u00e8re couronne, et de favoriser le covoiturage. \u00ab Les services alternatifs \u00e0 la voiture solo peuvent \u00eatre d\u00e9velopp\u00e9s, oui bien s\u00fbr, mais le recours aux v\u00e9hicules automobiles individuels est souvent une obligation pour de nombreux usagers, particuliers, commer\u00e7ants, artisans, professionnels du transport en tout genre, a critiqu\u00e9 Patrick Rouill\u00e9 (Libres d\u2019agir pour Rennes). Il faut donc partir de cette r\u00e9alit\u00e9 et qu\u2019elle soit prise en compte dans les ambitions port\u00e9es par la m\u00e9tropole. N\u2019oublions pas que la d\u00e9carbonation progressive des v\u00e9hicules intervient aujourd\u2019hui pour une grande part dans la baisse des \u00e9missions de GES et des polluants. \u00bb<\/p>\n<p>Bilan pr\u00e9c\u00e9dent PCAET en demi-teinte<\/p>\n<p>Au global, l\u2019objectif de la M\u00e9tropole est de faire baisser les \u00e9missions de 42 % d\u2019ici 2030.<\/p>\n<p>Pour y parvenir, il faudra aller au-del\u00e0 de la seule question des d\u00e9placements.<a href=\"https:\/\/www.letelegramme.fr\/ille-et-vilaine\/rennes-35000\/a-rennes-pourquoi-la-lutte-contre-le-rechauffement-climatique-patine-4052474.php\" target=\"_blank\" rel=\"nofollow noopener\"> Le bilan du pr\u00e9c\u00e9dent plan climat est en demi-teinte<\/a>. En cause notamment ? L\u2019insuffisance de la r\u00e9novation \u00e9nerg\u00e9tique. 6 000 logements devaient \u00eatre r\u00e9nov\u00e9s par an \u00e0 l\u2019horizon 2025. D\u00e9but 2023, Rennes M\u00e9tropole atteignait seulement le millier de r\u00e9novations. Pour coller davantage \u00e0 ses objectifs r\u00e9ajust\u00e9s -5 000 logements par an- la M\u00e9tropole va se joindre \u00e0 une Soci\u00e9t\u00e9 publique locale de \u00ab tiers financement \u00bb adoss\u00e9e \u00e0 la R\u00e9gion pour aider les m\u00e9nages \u00e0 engager des travaux de r\u00e9novation \u00e9nerg\u00e9tique, en plus du dispositif m\u00e9tropolitain Ecotravo.<\/p>\n<p>Interdire les serres chauff\u00e9es<\/p>\n<p>Alors que les s\u00e9cheresses se multiplient depuis quelques ann\u00e9es, la consommation d\u2019eau est \u00e9galement le maillon faible du pr\u00e9c\u00e9dent plan. Le nouvel objectif pour 2030 ? R\u00e9duire la consommation d\u2019eau potable de 17 % des habitants par rapport \u00e0 2019.<\/p>\n<p>Sur le plan \u00e9nerg\u00e9tique, la M\u00e9tropole veut doubler sa production locale d\u2019\u00e9nergie en d\u00e9ployant notamment un vaste programme de d\u00e9veloppement photovolta\u00efque, visant \u00e0 produire 7GWh\/an d\u2019\u00e9lectricit\u00e9. Olivier Dehaese envisage par ailleurs de trouver des pistes pour interdire le d\u00e9veloppement de nouvelles serres chauff\u00e9es, grandes consommatrices de gaz.<\/p>\n<p>Ces dispositions seront-elles suffisantes pour tenir l\u2019objectif de diminution de 42 % des GES en 2030 ? Il faudra en tout cas faire face \u00ab \u00e0 une politique nationale n\u00e9faste au climat \u00bb, avertit Michel Demolder, maire de Pont-P\u00e9an et pr\u00e9sident de la Commission locale de l\u2019eau.<\/p>\n","protected":false},"excerpt":{"rendered":"Une r\u00e9duction des \u00e9missions de gaz \u00e0 effet de serre (GES) de 10,6 % entre 2019 et 2022&hellip;\n","protected":false},"author":2,"featured_media":434633,"comment_status":"","ping_status":"","sticky":false,"template":"","format":"standard","meta":{"footnotes":""},"categories":[2821],"tags":[1111,11,829,1777,674,1011,27,12,584,25],"class_list":{"0":"post-434632","1":"post","2":"type-post","3":"status-publish","4":"format-standard","5":"has-post-thumbnail","7":"category-rennes","8":"tag-actu","9":"tag-actualites","10":"tag-bretagne","11":"tag-eu","12":"tag-europe","13":"tag-fr","14":"tag-france","15":"tag-news","16":"tag-rennes","17":"tag-republique-francaise"},"share_on_mastodon":{"url":"https:\/\/pubeurope.com\/@fr\/115306750663042140","error":""},"_links":{"self":[{"href":"https:\/\/www.europesays.com\/fr\/wp-json\/wp\/v2\/posts\/434632","targetHints":{"allow":["GET"]}}],"collection":[{"href":"https:\/\/www.europesays.com\/fr\/wp-json\/wp\/v2\/posts"}],"about":[{"href":"https:\/\/www.europesays.com\/fr\/wp-json\/wp\/v2\/types\/post"}],"author":[{"embeddable":true,"href":"https:\/\/www.europesays.com\/fr\/wp-json\/wp\/v2\/users\/2"}],"replies":[{"embeddable":true,"href":"https:\/\/www.europesays.com\/fr\/wp-json\/wp\/v2\/comments?post=434632"}],"version-history":[{"count":0,"href":"https:\/\/www.europesays.com\/fr\/wp-json\/wp\/v2\/posts\/434632\/revisions"}],"wp:featuredmedia":[{"embeddable":true,"href":"https:\/\/www.europesays.com\/fr\/wp-json\/wp\/v2\/media\/434633"}],"wp:attachment":[{"href":"https:\/\/www.europesays.com\/fr\/wp-json\/wp\/v2\/media?parent=434632"}],"wp:term":[{"taxonomy":"category","embeddable":true,"href":"https:\/\/www.europesays.com\/fr\/wp-json\/wp\/v2\/categories?post=434632"},{"taxonomy":"post_tag","embeddable":true,"href":"https:\/\/www.europesays.com\/fr\/wp-json\/wp\/v2\/tags?post=434632"}],"curies":[{"name":"wp","href":"https:\/\/api.w.org\/{rel}","templated":true}]}}