{"id":434634,"date":"2025-10-02T21:42:19","date_gmt":"2025-10-02T21:42:19","guid":{"rendered":"https:\/\/www.europesays.com\/fr\/434634\/"},"modified":"2025-10-02T21:42:19","modified_gmt":"2025-10-02T21:42:19","slug":"alsace-une-deuxieme-journee-de-mobilisation-intersyndicale-en-demi-teinte","status":"publish","type":"post","link":"https:\/\/www.europesays.com\/fr\/434634\/","title":{"rendered":"Alsace. Une deuxi\u00e8me journ\u00e9e de mobilisation intersyndicale en demi-teinte"},"content":{"rendered":"<p><a href=\"https:\/\/www.lalsace.fr\/politique\/2025\/10\/02\/un-gros-ras-le-bol-les-syndicats-dans-la-rue-ce-jeudi-sebastien-lecornu-deja-dans-l-impasse\" target=\"_blank\" rel=\"noopener\">Pour cette troisi\u00e8me journ\u00e9e nationale de mobilisation contre l\u2019aust\u00e9rit\u00e9 en un mois<\/a> , la manifestation organis\u00e9e \u00e0 Strasbourg par l\u2019intersyndicale bas-rhinoise au grand complet a rassembl\u00e9 moins de participants que lors des deux rendez-vous pr\u00e9c\u00e9dents. La CGT a compt\u00e9 cette fois-ci pr\u00e8s de 8\u00a0000 personnes dans les rues de la capitale alsacienne (1\u00a0500 selon la police) alors qu\u2019elle en avait d\u00e9nombr\u00e9 pr\u00e8s de 10\u00a0000 le 10\u00a0septembre et pr\u00e8s de 15\u00a0000 huit jours plus tard. \u00c0 Mulhouse, le syndicat a compt\u00e9 1\u00a0500 manifestants contre 800 pour la police. \u00c0 Colmar, une cinquantaine de personnes se sont rassembl\u00e9es \u00e0 l\u2019appel de l\u2019intersyndicale, l\u00e9g\u00e8rement moins que le 18\u00a0septembre.<\/p>\n<p>Cet essoufflement n\u2019a pas r\u00e9ellement surpris les dirigeants syndicaux. \u00c0 l\u2019issue du cort\u00e8ge strasbourgeois, ceux-ci ont rappel\u00e9 par la voix d\u2019Eric Borzic, secr\u00e9taire g\u00e9n\u00e9ral de l\u2019union d\u00e9partementale FO du Bas-Rhin, \u00ab\u00a0qu\u2019il n\u2019est pas toujours facile pour les salari\u00e9s de faire gr\u00e8ve, ni d\u2019encha\u00eener les journ\u00e9es de gr\u00e8ve surtout lorsqu\u2019elles jouent \u00e0 saute-mouton\u00a0\u00bb. Tout comme Laurent Feisthauer, secr\u00e9taire g\u00e9n\u00e9ral de la CGT du Bas-Rhin, ce dernier voit dans la succession des journ\u00e9es de mobilisation un moyen efficace de maintenir la pression sur <a href=\"https:\/\/www.lalsace.fr\/social\/2025\/10\/02\/politique\/2025\/09\/30\/tout-se-dit-et-son-contraire-le-gouvernement-de-sebastien-lecornu-nomme-d-ici-dimanche\" target=\"_blank\" rel=\"noopener\">le Premier ministre et le gouvernement \u00e0 venir<\/a>.<\/p>\n<p>  \u00ab\u00a0Si on ne se mobilise pas en nombre, on ne sera pas entendu\u00a0\u00bb<\/p>\n<p>\u00ab\u00a0On n\u2019a pas d\u2019autre solution puisqu\u2019on n\u2019a pas de gouvernement avec qui n\u00e9gocier\u00a0\u00bb, s\u2019est d\u00e9sol\u00e9 Eric Borzic tout en relevant que \u00ab\u00a0ces journ\u00e9es de mobilisation avaient d\u00e9j\u00e0 pouss\u00e9 Lecornu \u00e0 reculer sur les deux jours f\u00e9ri\u00e9s et la r\u00e9forme de l\u2019assurance-ch\u00f4mage\u00a0\u00bb.<\/p>\n<p>Nombre de manifestants qui ont battu le pav\u00e9 ce jeudi \u00e9taient d\u00e9j\u00e0 pr\u00e9sents lors de <a href=\"https:\/\/www.lalsace.fr\/social\/2025\/09\/18\/plus-de-10000-personnes-dans-les-rues-alsaciennes\" target=\"_blank\" rel=\"noopener\">la journ\u00e9e d\u2019action intersyndicale du 18\u00a0septembre<\/a> , sinon lors de <a href=\"https:\/\/www.lalsace.fr\/economie\/2025\/09\/10\/a-strasbourg-des-milliers-de-manifestants-reclament-un-changement-de-politique\" target=\"_blank\" rel=\"noopener\">la journ\u00e9e \u00ab\u00a0Bloquons tout\u00a0\u00bb du 10\u00a0septembre<\/a>. \u00ab\u00a0Si on ne se mobilise pas en nombre, on ne sera pas entendu\u00a0\u00bb, a notamment fait valoir Jacky, un agent communal, qui a fait gr\u00e8ve jeudi pour la troisi\u00e8me fois en un mois. \u00ab\u00a0On ne conna\u00eet toujours pas la teneur du futur budget\u00a0\u00bb.<\/p>\n<p>  \u00ab\u00a0Des id\u00e9es \u00e0 faire passer\u00a0\u00bb<\/p>\n<p>Pas question non plus pour S\u00e9verine, enseignante en coll\u00e8ge syndiqu\u00e9e \u00e0 la FSU, dont c\u2019\u00e9tait la troisi\u00e8me manifestation en un mois, de rel\u00e2cher la pression\u00a0: \u00ab\u00a0On a des id\u00e9es \u00e0 faire passer, comme celle <a href=\"https:\/\/www.lalsace.fr\/politique\/2025\/09\/17\/budget-2026-quatre-questions-autour-de-la-taxe-zucman\" target=\"_blank\" rel=\"noopener\">d\u2019un imp\u00f4t plancher sur la fortune<\/a> ou le conditionnement des aides publiques aux entreprises. Gr\u00e2ce \u00e0 la mobilisation actuelle on voit qu\u2019elles ont un \u00e9cho dans la soci\u00e9t\u00e9 fran\u00e7aise\u00a0\u00bb, a confi\u00e9 celle qui, comme beaucoup, s\u2019est dite \u00ab\u00a0pr\u00eate \u00e0 descendre dans la rue tant que les revendications intersyndicales ne seraient pas prises en compte\u00a0\u00bb.<\/p>\n","protected":false},"excerpt":{"rendered":"Pour cette troisi\u00e8me journ\u00e9e nationale de mobilisation contre l\u2019aust\u00e9rit\u00e9 en un mois , la manifestation organis\u00e9e \u00e0 Strasbourg&hellip;\n","protected":false},"author":2,"featured_media":434635,"comment_status":"","ping_status":"","sticky":false,"template":"","format":"standard","meta":{"footnotes":""},"categories":[2820],"tags":[1111,11,2389,2649,9671,1777,674,107,1011,27,775,12,25,801,640],"class_list":{"0":"post-434634","1":"post","2":"type-post","3":"status-publish","4":"format-standard","5":"has-post-thumbnail","7":"category-strasbourg","8":"tag-actu","9":"tag-actualites","10":"tag-alsace","11":"tag-bas-rhin","12":"tag-conflit-social","13":"tag-eu","14":"tag-europe","15":"tag-fil-info","16":"tag-fr","17":"tag-france","18":"tag-grand-est","19":"tag-news","20":"tag-republique-francaise","21":"tag-social","22":"tag-strasbourg"},"share_on_mastodon":{"url":"https:\/\/pubeurope.com\/@fr\/115306754414928961","error":""},"_links":{"self":[{"href":"https:\/\/www.europesays.com\/fr\/wp-json\/wp\/v2\/posts\/434634","targetHints":{"allow":["GET"]}}],"collection":[{"href":"https:\/\/www.europesays.com\/fr\/wp-json\/wp\/v2\/posts"}],"about":[{"href":"https:\/\/www.europesays.com\/fr\/wp-json\/wp\/v2\/types\/post"}],"author":[{"embeddable":true,"href":"https:\/\/www.europesays.com\/fr\/wp-json\/wp\/v2\/users\/2"}],"replies":[{"embeddable":true,"href":"https:\/\/www.europesays.com\/fr\/wp-json\/wp\/v2\/comments?post=434634"}],"version-history":[{"count":0,"href":"https:\/\/www.europesays.com\/fr\/wp-json\/wp\/v2\/posts\/434634\/revisions"}],"wp:featuredmedia":[{"embeddable":true,"href":"https:\/\/www.europesays.com\/fr\/wp-json\/wp\/v2\/media\/434635"}],"wp:attachment":[{"href":"https:\/\/www.europesays.com\/fr\/wp-json\/wp\/v2\/media?parent=434634"}],"wp:term":[{"taxonomy":"category","embeddable":true,"href":"https:\/\/www.europesays.com\/fr\/wp-json\/wp\/v2\/categories?post=434634"},{"taxonomy":"post_tag","embeddable":true,"href":"https:\/\/www.europesays.com\/fr\/wp-json\/wp\/v2\/tags?post=434634"}],"curies":[{"name":"wp","href":"https:\/\/api.w.org\/{rel}","templated":true}]}}