{"id":434646,"date":"2025-10-02T21:49:24","date_gmt":"2025-10-02T21:49:24","guid":{"rendered":"https:\/\/www.europesays.com\/fr\/434646\/"},"modified":"2025-10-02T21:49:24","modified_gmt":"2025-10-02T21:49:24","slug":"pres-de-bordeaux-une-residence-submergee-par-les-matieres-fecales","status":"publish","type":"post","link":"https:\/\/www.europesays.com\/fr\/434646\/","title":{"rendered":"pr\u00e8s de Bordeaux, une r\u00e9sidence submerg\u00e9e par les mati\u00e8res f\u00e9cales"},"content":{"rendered":"<p>Patauger dans son appartement inond\u00e9 est une chose. S\u2019embourber dans les mati\u00e8res f\u00e9cales en est une autre. Les habitants d\u2019un immeuble de Villenave-d\u2019Ornon ont v\u00e9cu cet enfer samedi 27\u00a0septembre. Le parking souterrain de la r\u00e9sidence Be Side, situ\u00e9e route de Toulouse, \u00e9tait d\u00e9j\u00e0 inond\u00e9 depuis le 14\u00a0ao\u00fbt. La situation a d\u00e9g\u00e9n\u00e9r\u00e9 quand une eau saum\u00e2tre et naus\u00e9abonde a surgi des douches du rez-de-chauss\u00e9e.<\/p>\n<p>Amandine a compt\u00e9 les seaux d\u2019un litre\u00a0: \u00ab\u00a0450 dans cet appartement, 225 dans celui-ci.\u00a0\u00bb Jusqu\u2019\u00e0 suinter par les joints. Avec son fr\u00e8re, cette locataire a pr\u00eat\u00e9 main-forte aux sinistr\u00e9s. \u00ab\u00a0Cela nous \u00e9tait arriv\u00e9 en f\u00e9vrier. Des voisins avaient \u00e9t\u00e9 l\u00e0 pour nous aider.\u00a0\u00bb Trois heures \u00e0 \u00e9ponger, entre deux haut-le-c\u0153ur. \u00c0 Be Side, on se serre les coudes. Pas le choix.<\/p>\n<p>\u00c9tang marron<\/p>\n<p>Depuis sa construction, en 2018, la r\u00e9sidence conna\u00eet r\u00e9guli\u00e8rement des probl\u00e8mes d\u2019inondations. Fin 2023, <a href=\"https:\/\/www.sudouest.fr\/gironde\/villenave-d-ornon\/pas-des-conditions-de-vie-acceptables-de-spectaculaires-remontees-d-eaux-usees-dans-une-residence-de-gironde-17699629.php\" target=\"_blank\" rel=\"follow nofollow noopener\">des flots d\u2019eau avaient d\u00e9j\u00e0 envahi le parking<\/a>. \u00ab\u00a0Cela arrive trois ou quatre fois par an\u00a0\u00bb, \u00e9valuait une r\u00e9sidente, \u00e0 l\u2019\u00e9poque. Un probl\u00e8me de pente sur le r\u00e9seau d\u2019assainissement public avait \u00e9t\u00e9 identifi\u00e9. Mais le remplacement du collecteur n\u2019a, manifestement, pas tout r\u00e9gl\u00e9. \u00ab\u00a0Cela joue sur la sant\u00e9 mentale, explique Amandine. Au r\u00e9veil, ma premi\u00e8re pens\u00e9e est de v\u00e9rifier si l\u2019appartement n\u2019est pas inond\u00e9. Le soir, en rentrant du travail, je me demande si je vais pouvoir me doucher.\u00a0\u00bb<\/p>\n<p>        <img decoding=\"async\" id=\"26173867\" src=\"https:\/\/www.europesays.com\/fr\/wp-content\/uploads\/2025\/10\/s2.jpg\" alt=\"Les eaux us\u00e9es sont remont\u00e9es dans les appartements du rez-de-chauss\u00e9e par les douches.\" itemprop=\"contentURL\"\/><\/p>\n<p>    Les eaux us\u00e9es sont remont\u00e9es dans les appartements du rez-de-chauss\u00e9e par les douches.<\/p>\n<p>Habitants de la r\u00e9sidence\u00a0\/\u00a0DR<\/p>\n<p>Dans le week-end, les habitants ont coup\u00e9 l\u2019eau pour ne pas se retrouver submerg\u00e9s. Une entreprise sp\u00e9cialis\u00e9e, missionn\u00e9e par le syndic, est venue pomper, curer et nettoyer en d\u00e9but de semaine. Les conduites sont de nouveau en eau. Et un fort ruissellement se fait de nouveau entendre au sous-sol. \u00ab\u00a0C\u2019est du provisoire. De leur propre aveu, ce sera de nouveau inond\u00e9 dans quelques jours\u00a0\u00bb, pr\u00e9cise une habitante, devant les restes d\u2019une flaque marron \u00e0 l\u2019odeur f\u00e9tide.<\/p>\n<blockquote><p>\u00ab\u00a0Cela joue sur la sant\u00e9 mentale. Au r\u00e9veil, ma premi\u00e8re pens\u00e9e est de v\u00e9rifier si l\u2019appartement n\u2019est pas inond\u00e9\u00a0\u00bb<\/p><\/blockquote>\n<p>La veille encore, une vingtaine de m\u00e8tres carr\u00e9s du parking \u00e9taient engloutis sous un m\u00e9lange d\u2019eau de lessive, d\u2019urine et d\u2019excr\u00e9ments. \u00ab\u00a0Je vous laisse imaginer l\u2019odeur\u00a0\u00bb, \u00e9lude Blandine, une r\u00e9sidente. \u00ab\u00a0Et cela dure. Des mouches pondent dans les voitures\u00a0\u00bb, image \u00c9l\u00e9a, une autre locataire.<\/p>\n<p>        <img decoding=\"async\" id=\"26173768\" src=\"https:\/\/www.europesays.com\/fr\/wp-content\/uploads\/2025\/10\/1000019028.jpg\" alt=\"Environ un quart des places de parking ne sont plus utilisables.\" itemprop=\"contentURL\"\/><\/p>\n<p>    Environ un quart des places de parking ne sont plus utilisables.<\/p>\n<p>Habitants de la r\u00e9sidence\u00a0\/\u00a0DR<\/p>\n<p>    Silence du syndic<\/p>\n<p>Mardi 30\u00a0septembre matin, foulard sur le nez, une huissi\u00e8re est venue constater l\u2019\u00e9tat du cloaque. \u00ab\u00a0J\u2019ai aussi pris un avocat. C\u2019est lanc\u00e9. Et je ne l\u00e2cherai pas le morceau\u00a0\u00bb, explique Herv\u00e9 Houdard. Le retrait\u00e9 est r\u00e9volt\u00e9 par la situation de son locataire. Le propri\u00e9taire a appris le pot aux roses de sa bouche, et non de Sergic, le syndic de copropri\u00e9t\u00e9. De quoi ajouter \u00e0 sa col\u00e8re.<\/p>\n<p>Dans cet immeuble, occup\u00e9 quasi exclusivement par des locataires, le cas n\u2019est pas isol\u00e9. \u00ab\u00a0Le propri\u00e9taire de mon appartement n\u2019avait jamais entendu parler de ces probl\u00e8mes non plus, livre une r\u00e9sidente. Quand je lui ai appris, il s\u2019est dit pr\u00eat \u00e0 se joindre \u00e0 une action collective.\u00a0\u00bb<\/p>\n<p>Le silence du syndic a soud\u00e9 les habitants. Ils s\u2019organisent via un r\u00e9seau social et lors de r\u00e9unions de crise, au d\u00e9tour des parties communes. \u00ab\u00a0Quand j\u2019appelle Sergic, maintenant, cela sonne dans le vide. Je me demande s\u2019ils ne m\u2019ont pas bloqu\u00e9e\u00a0\u00bb, avance Amandine. L\u2019absence de r\u00e9ponse les a pouss\u00e9s \u00e0 toquer \u00e0 toutes les portes. De la mairie \u00e0 l\u2019Agence r\u00e9gionale de sant\u00e9.<\/p>\n<p>Affaissement d\u2019un mur porteur<\/p>\n<p>L\u2019allure g\u00e9n\u00e9rale de la r\u00e9sidence a de quoi inqui\u00e9ter. \u00ab\u00a0Entre l\u2019\u00e9tat des lieux et mon emm\u00e9nagement, une longue fissure est apparue sur un mur\u00a0\u00bb, d\u00e9crit Blandine. Dans la cour, certaines dalles de b\u00e9ton se sont enfonc\u00e9es d\u2019une dizaine de centim\u00e8tres. Et les d\u00e9boires du parking seraient li\u00e9s \u00e0 l\u2019affaissement d\u2019un mur porteur sur une descente d\u2019eaux pluviales.<\/p>\n<blockquote><p>\u00ab\u00a0J\u2019ai aussi pris un avocat. C\u2019est lanc\u00e9. Et je ne l\u00e2cherai pas le morceau\u00a0\u00bb<\/p><\/blockquote>\n<p>Une inspection par cam\u00e9ra, r\u00e9alis\u00e9e le 29\u00a0ao\u00fbt \u00e0 la demande de Sergic, a permis d\u2019arriver \u00e0 cette conclusion. \u00ab\u00a0Ce dysfonctionnement r\u00e9duit fortement les capacit\u00e9s d\u2019\u00e9vacuation, d\u00e9sormais inadapt\u00e9es au d\u00e9bit des eaux us\u00e9es de l\u2019immeuble\u00a0\u00bb, explique le syndic dans une r\u00e9ponse \u00e9crite. \u00ab\u00a0De plus, l\u2019inspection du conduit a r\u00e9v\u00e9l\u00e9 la pr\u00e9sence de lingettes, liti\u00e8re, bloc WC\u2026 Des pratiques inappropri\u00e9es qui aggravent la situation.\u00a0\u00bb<\/p>\n<p>        <img decoding=\"async\" id=\"26173871\" src=\"https:\/\/www.europesays.com\/fr\/wp-content\/uploads\/2025\/10\/img-20250930-091021.jpg\" alt=\"Dans la cour situ\u00e9e au-dessus du parking, des dalles se sont enfonc\u00e9es d\u2019une dizaine de centim\u00e8tres.\" itemprop=\"contentURL\"\/><\/p>\n<p>    Dans la cour situ\u00e9e au-dessus du parking, des dalles se sont enfonc\u00e9es d\u2019une dizaine de centim\u00e8tres.<\/p>\n<p>Y.\u00a0B.<\/p>\n<p>Le syndic dit avoir proc\u00e9d\u00e9 \u00e0 une d\u00e9claration dommage-ouvrages aupr\u00e8s de l\u2019assurance. \u00ab\u00a0Une expertise est planifi\u00e9e le 7\u00a0octobre pour confirmer les premi\u00e8res conclusions et d\u00e9terminer si des investigations compl\u00e9mentaires doivent \u00eatre r\u00e9alis\u00e9es tant dans l\u2019immeuble que sur le r\u00e9seau public d\u2019assainissement.\u00a0\u00bb La d\u00e9marche prendra du temps. Sergic va donc mettre en place une station de relevage. D\u2019une capacit\u00e9 de 500\u00a0litres, elle doit \u00eatre install\u00e9e sous quinze jours pour contenir les eaux us\u00e9es et \u00ab\u00a0limiter les d\u00e9sagr\u00e9ments\u00a0\u00bb. En attendant, ce mardi, certains habitants n\u2019avaient plus d\u2019eau chaude. Un d\u00e9tail.<\/p>\n","protected":false},"excerpt":{"rendered":"Patauger dans son appartement inond\u00e9 est une chose. S\u2019embourber dans les mati\u00e8res f\u00e9cales en est une autre. Les&hellip;\n","protected":false},"author":2,"featured_media":434647,"comment_status":"","ping_status":"","sticky":false,"template":"","format":"standard","meta":{"footnotes":""},"categories":[2817],"tags":[1111,11,1997,1777,674,1011,27,12,2219,25],"class_list":{"0":"post-434646","1":"post","2":"type-post","3":"status-publish","4":"format-standard","5":"has-post-thumbnail","7":"category-bordeaux","8":"tag-actu","9":"tag-actualites","10":"tag-bordeaux","11":"tag-eu","12":"tag-europe","13":"tag-fr","14":"tag-france","15":"tag-news","16":"tag-nouvelle-aquitaine","17":"tag-republique-francaise"},"share_on_mastodon":{"url":"https:\/\/pubeurope.com\/@fr\/115306782242378477","error":""},"_links":{"self":[{"href":"https:\/\/www.europesays.com\/fr\/wp-json\/wp\/v2\/posts\/434646","targetHints":{"allow":["GET"]}}],"collection":[{"href":"https:\/\/www.europesays.com\/fr\/wp-json\/wp\/v2\/posts"}],"about":[{"href":"https:\/\/www.europesays.com\/fr\/wp-json\/wp\/v2\/types\/post"}],"author":[{"embeddable":true,"href":"https:\/\/www.europesays.com\/fr\/wp-json\/wp\/v2\/users\/2"}],"replies":[{"embeddable":true,"href":"https:\/\/www.europesays.com\/fr\/wp-json\/wp\/v2\/comments?post=434646"}],"version-history":[{"count":0,"href":"https:\/\/www.europesays.com\/fr\/wp-json\/wp\/v2\/posts\/434646\/revisions"}],"wp:featuredmedia":[{"embeddable":true,"href":"https:\/\/www.europesays.com\/fr\/wp-json\/wp\/v2\/media\/434647"}],"wp:attachment":[{"href":"https:\/\/www.europesays.com\/fr\/wp-json\/wp\/v2\/media?parent=434646"}],"wp:term":[{"taxonomy":"category","embeddable":true,"href":"https:\/\/www.europesays.com\/fr\/wp-json\/wp\/v2\/categories?post=434646"},{"taxonomy":"post_tag","embeddable":true,"href":"https:\/\/www.europesays.com\/fr\/wp-json\/wp\/v2\/tags?post=434646"}],"curies":[{"name":"wp","href":"https:\/\/api.w.org\/{rel}","templated":true}]}}