{"id":434648,"date":"2025-10-02T21:50:19","date_gmt":"2025-10-02T21:50:19","guid":{"rendered":"https:\/\/www.europesays.com\/fr\/434648\/"},"modified":"2025-10-02T21:50:19","modified_gmt":"2025-10-02T21:50:19","slug":"qui-sont-ces-nouveaux-manifestants","status":"publish","type":"post","link":"https:\/\/www.europesays.com\/fr\/434648\/","title":{"rendered":"qui sont ces nouveaux manifestants\u00a0?"},"content":{"rendered":"<p>Comme c\u2019\u00e9tait pr\u00e9visible,<a href=\"https:\/\/www.sudouest.fr\/economie\/social\/direct-mobilisation-du-2-octobre-250-manifestations-prevues-en-france-suivez-le-fil-de-la-journee-26168483.php\" target=\"_blank\" rel=\"follow nofollow noopener\"> ils \u00e9taient beaucoup moins nombreux ce jeudi 2\u00a0octobre<\/a> dans les rues de Bordeaux \u00e0 l\u2019appel de l\u2019intersyndicale que les deux fois pr\u00e9c\u00e9dentes. 2\u00a0600\u00a0manifestants selon la pr\u00e9fecture de Gironde \u2013 qui en annon\u00e7ait plus de 9\u00a0000 le 18\u00a0septembre \u2013 \u00e0 battre le pav\u00e9 sous le soleil d\u2019automne, entre la place de la Bourse et celle de la Victoire.<\/p>\n<p>Dans leurs rangs, des visages familiers et les traditionnels drapeaux des principaux syndicats (CGT, FO, CFDT, FSU, etc.) mais aussi des nouveaux manifestants qui illustrent un paradoxe fran\u00e7ais\u00a0: alors que le nombre de syndiqu\u00e9s ne cesse de s\u2019\u00e9roder, la sympathie pour les syndicats conna\u00eet un net regain, d\u00e9sormais per\u00e7us comme \u00ab\u00a0un \u00e9l\u00e9ment de dialogue\u00a0\u00bb par 52\u00a0% des Fran\u00e7ais, en particulier depuis <a href=\"https:\/\/www.sudouest.fr\/economie\/social\/reforme-des-retraites-il-y-a-deux-ans-la-premiere-grosse-mobilisation-dans-la-region-en-images-22854258.php\" target=\"_blank\" rel=\"follow nofollow noopener\">la forte mobilisation contre la r\u00e9forme des retraites de 2023.<\/a><\/p>\n<p>        <img decoding=\"async\" id=\"26173592\" src=\"https:\/\/www.europesays.com\/fr\/wp-content\/uploads\/2025\/10\/20251002143552-fcot948.jpg\" alt=\"Mobilisation en baisse ce jeudi 2\u00a0octobre \u00e0 Bordeaux mais col\u00e8re toujours tr\u00e8s pr\u00e9sente dans les rangs.\" itemprop=\"contentURL\"\/><\/p>\n<p>    Mobilisation en baisse ce jeudi 2\u00a0octobre \u00e0 Bordeaux mais col\u00e8re toujours tr\u00e8s pr\u00e9sente dans les rangs.<\/p>\n<p>Fabien Cottereau\u00a0\/\u00a0SO<\/p>\n<p>    \u00ab\u00a0On ne nous \u00e9coute pas\u00a0\u00bb<\/p>\n<p>C\u2019est justement cet \u00e9v\u00e9nement qui avait d\u00e9cid\u00e9 Cathy et Yves Laporte, de Pessac, \u00e0 manifester pour la premi\u00e8re fois. Ils \u00e9taient encore pr\u00e9sents ce jeudi, lui salari\u00e9 dans le marketing de l\u2019imagerie m\u00e9dicale \u00e0 la retraite\u00a0; elle licenci\u00e9e \u00e9conomique d\u2019un cabinet d\u2019architectes, tous les deux l\u2019amertume au bord des l\u00e8vres dans la foule bordelaise. \u00ab\u00a0On en a ras le bol d\u2019\u00eatre pris pour des cons, la d\u00e9mocratie devient d\u00e9mocrature, on ne nous \u00e9coute pas\u00a0\u00bb, mart\u00e8le Cathy. Pourtant, pour Yves, \u00ab\u00a0pas besoin d\u2019\u00eatre syndiqu\u00e9 pour \u00eatre pr\u00e9sent\u00a0\u00bb.<\/p>\n<p>        <img decoding=\"async\" id=\"26173649\" src=\"https:\/\/www.europesays.com\/fr\/wp-content\/uploads\/2025\/10\/20251002144040-ja996.jpg\" alt=\"En attendant un nouveau gouvernement, le Premier ministre S\u00e9bastien Lecornu cibl\u00e9 par les manifestants.\" itemprop=\"contentURL\"\/><\/p>\n<p>    En attendant un nouveau gouvernement, le Premier ministre S\u00e9bastien Lecornu cibl\u00e9 par les manifestants.<\/p>\n<p>Fabien Cottereau\u00a0\/\u00a0SO<\/p>\n<p>Un peu plus loin, Nathalie, qui travaille dans une cr\u00e8che, incarne cette nouvelle vague d\u2019int\u00e9ress\u00e9s. C\u2019est sa premi\u00e8re manifestation depuis <a href=\"https:\/\/www.sudouest.fr\/justice\/charlie-hebdo\/dix-ans-apres-les-attentats-contre-charlie-hebdo-en-images-la-mobilisation-historique-a-bordeaux-22741427.php\" target=\"_blank\" rel=\"follow nofollow noopener\">celle pour d\u00e9fendre la libert\u00e9 d\u2019expression\u00a0\u00e0 la suite des attentats de \u00ab\u00a0Charlie Hebdo\u00a0\u00bb en 2015<\/a>. Ce qui l\u2019a d\u00e9cid\u00e9e\u00a0? \u00ab\u00a0Cinq jours apr\u00e8s avoir per\u00e7u mon salaire, je n\u2019ai plus rien.\u00a0\u00bb Non syndiqu\u00e9e, elle observe, elle \u00ab\u00a0potasse\u00a0\u00bb. \u00ab\u00a0Je suis venue voir comment \u00e7a se passe, et je vais peut-\u00eatre y adh\u00e9rer. Jusqu\u2019\u00e0 pr\u00e9sent, je n\u2019avais pas envie de m\u2019impliquer, par peur que cela me prenne trop de temps.\u00a0\u00bb<\/p>\n<p>Entre pragmatisme et scepticisme<\/p>\n<p>Cette h\u00e9sitation \u00e0 franchir le pas, \u00e0 transformer la sympathie en engagement, est le n\u0153ud du probl\u00e8me. De m\u00eame que la peur des repr\u00e9sailles patronales, qui reste un frein majeur pour 31\u00a0% des repr\u00e9sentants du personnel. Coll\u00e8gue de Nathalie, Claire Bouyssou, secr\u00e9taire adjointe CFDT dans la petite enfance, le confirme\u00a0: \u00ab\u00a0C\u2019est b\u00eate mais j\u2019ai attendu d\u2019\u00eatre titularis\u00e9e pour me syndiquer, d\u2019avoir une situation professionnelle s\u00e9curis\u00e9e. Je comprends que \u00e7a fasse peur \u00e0 certains.\u00a0\u00bb<\/p>\n<blockquote><p>\u00ab\u00a0Je suis venue voir comment \u00e7a se passe, et je vais peut-\u00eatre y adh\u00e9rer\u00a0\u00bb<\/p><\/blockquote>\n<p>Tarik, professeur de maths dans un lyc\u00e9e proche du bassin d\u2019Arcachon et syndiqu\u00e9 au Snes depuis vingt-cinq ans, voit dans cette col\u00e8re un potentiel. \u00ab\u00a0L\u2019\u00e9cole pousse \u00e0 l\u2019individualisation, on est cens\u00e9s faire soci\u00e9t\u00e9 mais on met les \u00e9l\u00e8ves en concurrence avec Parcoursup\u00a0\u00bb, d\u00e9plore-t-il.<\/p>\n<p>        <img decoding=\"async\" id=\"26173679\" src=\"https:\/\/www.europesays.com\/fr\/wp-content\/uploads\/2025\/10\/20251002144112-fcot9447.jpg\" alt=\"C\u2019\u00e9tait ce jeudi 2\u00a0octobre la deuxi\u00e8me manifestation \u00e0 l\u2019appel de l\u2019intersyndicale, la troisi\u00e8me apr\u00e8s \u00ab\u00a0Bloquons tout\u00a0\u00bb.\" itemprop=\"contentURL\"\/><\/p>\n<p>    C\u2019\u00e9tait ce jeudi 2\u00a0octobre la deuxi\u00e8me manifestation \u00e0 l\u2019appel de l\u2019intersyndicale, la troisi\u00e8me apr\u00e8s \u00ab\u00a0Bloquons tout\u00a0\u00bb.<\/p>\n<p>Fabien Cottereau\u00a0\/\u00a0SO<\/p>\n<p>Les syndicats peuvent-ils recr\u00e9er ce collectif\u00a0? Nicolas, jeune doctorant en sociologie, membre du Poing lev\u00e9 et de la CGT est partag\u00e9 entre la reconnaissance de leur utilit\u00e9 et l\u2019aspiration \u00e0 des formes d\u2019action plus radicales. \u00ab\u00a0Je suis venu parce que j\u2019ai aim\u00e9 l\u2019esprit autour de Bloquons tout mais je doute que cela fasse bouger les choses.\u00a0\u00bb<\/p>\n","protected":false},"excerpt":{"rendered":"Comme c\u2019\u00e9tait pr\u00e9visible, ils \u00e9taient beaucoup moins nombreux ce jeudi 2\u00a0octobre dans les rues de Bordeaux \u00e0 l\u2019appel&hellip;\n","protected":false},"author":2,"featured_media":434649,"comment_status":"","ping_status":"","sticky":false,"template":"","format":"standard","meta":{"footnotes":""},"categories":[2817],"tags":[1111,11,1997,1777,674,1011,27,12,2219,25],"class_list":{"0":"post-434648","1":"post","2":"type-post","3":"status-publish","4":"format-standard","5":"has-post-thumbnail","7":"category-bordeaux","8":"tag-actu","9":"tag-actualites","10":"tag-bordeaux","11":"tag-eu","12":"tag-europe","13":"tag-fr","14":"tag-france","15":"tag-news","16":"tag-nouvelle-aquitaine","17":"tag-republique-francaise"},"share_on_mastodon":{"url":"https:\/\/pubeurope.com\/@fr\/115306786138023444","error":""},"_links":{"self":[{"href":"https:\/\/www.europesays.com\/fr\/wp-json\/wp\/v2\/posts\/434648","targetHints":{"allow":["GET"]}}],"collection":[{"href":"https:\/\/www.europesays.com\/fr\/wp-json\/wp\/v2\/posts"}],"about":[{"href":"https:\/\/www.europesays.com\/fr\/wp-json\/wp\/v2\/types\/post"}],"author":[{"embeddable":true,"href":"https:\/\/www.europesays.com\/fr\/wp-json\/wp\/v2\/users\/2"}],"replies":[{"embeddable":true,"href":"https:\/\/www.europesays.com\/fr\/wp-json\/wp\/v2\/comments?post=434648"}],"version-history":[{"count":0,"href":"https:\/\/www.europesays.com\/fr\/wp-json\/wp\/v2\/posts\/434648\/revisions"}],"wp:featuredmedia":[{"embeddable":true,"href":"https:\/\/www.europesays.com\/fr\/wp-json\/wp\/v2\/media\/434649"}],"wp:attachment":[{"href":"https:\/\/www.europesays.com\/fr\/wp-json\/wp\/v2\/media?parent=434648"}],"wp:term":[{"taxonomy":"category","embeddable":true,"href":"https:\/\/www.europesays.com\/fr\/wp-json\/wp\/v2\/categories?post=434648"},{"taxonomy":"post_tag","embeddable":true,"href":"https:\/\/www.europesays.com\/fr\/wp-json\/wp\/v2\/tags?post=434648"}],"curies":[{"name":"wp","href":"https:\/\/api.w.org\/{rel}","templated":true}]}}