{"id":434656,"date":"2025-10-02T21:54:13","date_gmt":"2025-10-02T21:54:13","guid":{"rendered":"https:\/\/www.europesays.com\/fr\/434656\/"},"modified":"2025-10-02T21:54:13","modified_gmt":"2025-10-02T21:54:13","slug":"lille-soffre-la-roma-grace-a-son-gardien-qui-arrete-trois-penalties-de-suite","status":"publish","type":"post","link":"https:\/\/www.europesays.com\/fr\/434656\/","title":{"rendered":"Lille s&rsquo;offre la Roma gr\u00e2ce \u00e0 son gardien, qui arr\u00eate trois penalties de suite"},"content":{"rendered":"<p>Lille, qui restait sur deux d\u00e9faites cons\u00e9cutives en championnat, a surpris l&rsquo;AS Rome (1-0) ce jeudi au Stadio olimpico lors de la deuxi\u00e8me journ\u00e9e de la phase de ligue de la Ligue Europa.<\/p>\n<p>Le Losc s&rsquo;est impos\u00e9 face au 3e de Serie A gr\u00e2ce \u00e0 un but de Hakon Haraldsson (6e) et totalise d\u00e9sormais un maximum de six points apr\u00e8s <a href=\"https:\/\/www.ledauphine.com\/sport\/2025\/09\/25\/ligue-europa-lille-souffre-mais-bat-le-club-norvegien-de-brann-grace-a-un-but-d-olivier-giroud\" target=\"_blank\" rel=\"nofollow noopener\">son succ\u00e8s contre les Norv\u00e9giens de Brann Bergen (2-1)<\/a> la semaine derni\u00e8re.<\/p>\n<p>\u00d6zer h\u00e9ro\u00efque<\/p>\n<p>La Roma a eu l&rsquo;occasion d&rsquo;\u00e9galiser en fin de match sur un penalty (84e), retir\u00e9 \u00e0 deux reprises sur d\u00e9cision de l&rsquo;arbitre, d&rsquo;abord pour entr\u00e9e illicite d&rsquo;un joueur lillois dans la surface puis quand le gardien de but du Losc a quitt\u00e9 sa ligne avant le tir, mais Berke \u00d6zer a stopp\u00e9 ou d\u00e9tourn\u00e9 les trois tentatives romaines et pr\u00e9serv\u00e9 la victoire de son \u00e9quipe.<\/p>\n<p>Un an jour pour jour apr\u00e8s sa retentissante victoire face au Real Madrid en Ligue des champions (1-0), le Losc, s\u00e9duisant, a \u00e9pingl\u00e9 un autre grand d&rsquo;Europe \u00e0 son tableau de la chasse.<\/p>\n<p>La Roma n&rsquo;a certes pas le palmar\u00e8s de l&rsquo;ogre madril\u00e8ne, mais les Giallorossi peuvent \u00eatre consid\u00e9r\u00e9s comme une petite terreur de la C3, dont ils ont atteint le dernier carr\u00e9 en 2021 et 2024, et perdu la finale en 2023. Surtout, aucun club fran\u00e7ais n&rsquo;avait jusqu&rsquo;\u00e0 pr\u00e9sent r\u00e9ussi \u00e0 s&rsquo;imposer sur leur pelouse.<\/p>\n<p>Haraldsson buteur<\/p>\n<p>Le succ\u00e8s lillois sur un but d\u00e8s la 6e minute de Hakon Haraldsson, est d&rsquo;autant plus \u00e9clatant que les hommes de Bruno Genesio ont ralli\u00e9 le Stadio olimpico en plein doute apr\u00e8s <a href=\"https:\/\/www.ledauphine.com\/sport\/2025\/09\/20\/ligue-1-sous-la-pluie-de-bollaert-lens-donne-une-lecon-de-realisme-a-son-voisin-lillois\" target=\"_blank\" rel=\"nofollow noopener\">leur d\u00e9route \u00e0 Lens (3-0) dans le derby du Nord<\/a> et <a href=\"https:\/\/www.ledauphine.com\/sport\/2025\/09\/28\/ligue-1-brest-enchaine-metz-et-le-havre-n-avancent-pas-lyon-s-en-sort-bien\" target=\"_blank\" rel=\"nofollow noopener\">leur d\u00e9faite \u00e0 domicile contre l&rsquo;OL (1-0)<\/a>, avant de recevoir le PSG dimanche.<\/p>\n<p>Tout le contraire de la Roma qui abordait, elle, cette rencontre en favorite apr\u00e8s avoir remport\u00e9 quatre de ses cinq premiers matches de Serie A, synonyme de 3e place en championnat.<\/p>\n<p>Mais la \u00ab Louve \u00bb est tomb\u00e9e sur un Losc sans complexes \u00e0 l&rsquo;image de son ma\u00eetre \u00e0 jouer Ayyoub Bouaddi. L&rsquo;international Espoirs, 18 ans depuis ce jeudi, en a fait voir de toutes les couleurs aux hommes de Gian Piero Gasperini, inhabituellement emprunt\u00e9s et domin\u00e9s physiquement.<\/p>\n<p>Nice n&rsquo;y arrive toujours pas<\/p>\n<p>En revanche,\u00a0Nice, men\u00e9 2-0 apr\u00e8s moins d&rsquo;une demi-heure \u00e0 Istanbul contre Fenerbah\u00e7e, n&rsquo;est jamais parvenu \u00e0 revenir et a, une nouvelle fois, perdu (2-1) en Ligue Europa, cette saison.<\/p>\n<p>Apr\u00e8s <a href=\"https:\/\/www.ledauphine.com\/sport\/2025\/09\/24\/ligue-europa-nice-a-cru-a-un-retour-mais-la-roma-s-impose-a-l-allianz-riviera\" target=\"_blank\" rel=\"nofollow noopener\">sa d\u00e9faite initiale contre les Romains\u00a0(2-1) \u00e0 domicile<\/a>, l&rsquo;\u00e9quipe de Franck Haise n&rsquo;est donc pas parvenue \u00e0 rattraper une partie de son d\u00e9ficit en points \u00e0 l&rsquo;ext\u00e9rieur. C&rsquo;\u00e9tait la 12e fois que l&rsquo;entra\u00eeneur dirigeait Nice en Coupe d&rsquo;Europe. Et il n&rsquo;a toujours pas connu la victoire. Le 23 octobre prochain, le d\u00e9placement en Espagne \u00e0 Vigo, contre le Celta, s&rsquo;annonce donc d\u00e9j\u00e0 d\u00e9cisif pour esp\u00e9rer une qualification en barrages.<\/p>\n<p>Akt\u00fcrko\u011flu s&rsquo;offre un doubl\u00e9<\/p>\n<p>Malgr\u00e9 six changements apr\u00e8s le nul conc\u00e9d\u00e9 dimanche dernier \u00e0 domicile contre le Paris FC (1-1), malgr\u00e9 la mise en place d&rsquo;un 4-3-3 adapt\u00e9 \u00e0 cette formation turque ultra-offensive, ses hommes ont tenu moins de trois minutes avant de sombrer, crucifi\u00e9s par le doubl\u00e9 de Kerem Akt\u00fcrko\u011flu (3e, 25e).<\/p>\n<p>Le transfuge du Benfica, avec qui il avait d\u00e9j\u00e0 \u00e9limin\u00e9 Nice en ao\u00fbt dernier (2-0, 2-0 en 3e tour pr\u00e9liminaire de Ligue des champions) a une nouvelle fois fait des malheurs dans la d\u00e9fense centrale azur\u00e9enne.<\/p>\n<p>Si celle-ci est inexp\u00e9riment\u00e9e, celle de Fenerbah\u00e7e demeure lente. L&rsquo;ex-Parisien Milan Skriniar a commis une faute sur Tiago Gouveia, puis, sur la m\u00eame action, a fait une main dans sa surface (34e). L&rsquo;Hispano-nig\u00e9rian Carlos n&rsquo;a pas trembl\u00e9 et inscrit, \u00e0 contrepied, le penalty de l&rsquo;espoir (2-1, 37e).<\/p>\n","protected":false},"excerpt":{"rendered":"Lille, qui restait sur deux d\u00e9faites cons\u00e9cutives en championnat, a surpris l&rsquo;AS Rome (1-0) ce jeudi au Stadio&hellip;\n","protected":false},"author":2,"featured_media":434657,"comment_status":"","ping_status":"","sticky":false,"template":"","format":"standard","meta":{"footnotes":""},"categories":[2815],"tags":[1111,11,1777,674,107,63,1011,27,811,1307,12,25,517,1947],"class_list":{"0":"post-434656","1":"post","2":"type-post","3":"status-publish","4":"format-standard","5":"has-post-thumbnail","7":"category-lille","8":"tag-actu","9":"tag-actualites","10":"tag-eu","11":"tag-europe","12":"tag-fil-info","13":"tag-football","14":"tag-fr","15":"tag-france","16":"tag-hauts-de-france","17":"tag-lille","18":"tag-news","19":"tag-republique-francaise","20":"tag-sport","21":"tag-sport-national"},"share_on_mastodon":{"url":"https:\/\/pubeurope.com\/@fr\/115306801755690450","error":""},"_links":{"self":[{"href":"https:\/\/www.europesays.com\/fr\/wp-json\/wp\/v2\/posts\/434656","targetHints":{"allow":["GET"]}}],"collection":[{"href":"https:\/\/www.europesays.com\/fr\/wp-json\/wp\/v2\/posts"}],"about":[{"href":"https:\/\/www.europesays.com\/fr\/wp-json\/wp\/v2\/types\/post"}],"author":[{"embeddable":true,"href":"https:\/\/www.europesays.com\/fr\/wp-json\/wp\/v2\/users\/2"}],"replies":[{"embeddable":true,"href":"https:\/\/www.europesays.com\/fr\/wp-json\/wp\/v2\/comments?post=434656"}],"version-history":[{"count":0,"href":"https:\/\/www.europesays.com\/fr\/wp-json\/wp\/v2\/posts\/434656\/revisions"}],"wp:featuredmedia":[{"embeddable":true,"href":"https:\/\/www.europesays.com\/fr\/wp-json\/wp\/v2\/media\/434657"}],"wp:attachment":[{"href":"https:\/\/www.europesays.com\/fr\/wp-json\/wp\/v2\/media?parent=434656"}],"wp:term":[{"taxonomy":"category","embeddable":true,"href":"https:\/\/www.europesays.com\/fr\/wp-json\/wp\/v2\/categories?post=434656"},{"taxonomy":"post_tag","embeddable":true,"href":"https:\/\/www.europesays.com\/fr\/wp-json\/wp\/v2\/tags?post=434656"}],"curies":[{"name":"wp","href":"https:\/\/api.w.org\/{rel}","templated":true}]}}