{"id":434658,"date":"2025-10-02T21:55:13","date_gmt":"2025-10-02T21:55:13","guid":{"rendered":"https:\/\/www.europesays.com\/fr\/434658\/"},"modified":"2025-10-02T21:55:13","modified_gmt":"2025-10-02T21:55:13","slug":"stephane-ravier-passe-son-tour-et-soutient-le-rn-franck-allisio","status":"publish","type":"post","link":"https:\/\/www.europesays.com\/fr\/434658\/","title":{"rendered":"St\u00e9phane Ravier passe son tour et soutient le RN Franck Allisio"},"content":{"rendered":"<p>\u00ab\u00a0\u00c7a pique un peu\u2026\u00a0\u00bb La m\u00e2choire encore serr\u00e9e, St\u00e9phane Ravier est sonn\u00e9 par les mots qu&rsquo;il vient de prononcer en exclusivit\u00e9 sur le plateau de l&rsquo;\u00e9mission \u00ab\u00a0Marseille politiques\u00a0\u00bb. \u00ab\u00a0J&rsquo;ai d\u00e9cid\u00e9 de ne pas \u00eatre candidat aux municipales\u00a0\u00bb, a annonc\u00e9 le s\u00e9nateur (ex-RN, ex-Reconqu\u00eate), interrog\u00e9 par le directeur de la r\u00e9daction de La Provence Olivier Biscaye et la journaliste de BFM Marseille-Provence Sophie H\u00e9brard.<\/p>\n<p>Le s\u00e9nateur d&rsquo;extr\u00eame droite met fin \u00e0 un suspense savamment entretenu. Au d\u00e9but de l&rsquo;\u00e9t\u00e9, il avait <a href=\"https:\/\/www.laprovence.com\/article\/politique\/6152460292923314\/municipales-2026-a-marseille-je-ne-minterdis-rien-assure-stephane-ravier-ex-rn-ex-reconquete\" target=\"_blank\" rel=\"noopener\">de nouveau tendu la main au RN<\/a> dans les colonnes de La Provence. L&rsquo;\u00e9lu a h\u00e9sit\u00e9 quasiment jusqu&rsquo;\u00e0 la derni\u00e8re minute \u00e0 l&rsquo;id\u00e9e de se lancer ou non dans la course \u00e0 la mairie de Marseille. La veille, l&rsquo;id\u00e9e d&rsquo;une d\u00e9claration de candidature bruissait encore. \u00ab\u00a0Les 48 derni\u00e8res heures ont \u00e9t\u00e9 tr\u00e8s compliqu\u00e9es\u00a0\u00bb, souffle-t-on dans son entourage. Finalement, la pi\u00e8ce est retomb\u00e9e face retrait et le \u00ab\u00a0soutien sans r\u00e9serve \u00e0 Franck Allisio\u00a0\u00bb, le candidat RN.<\/p>\n<p>\u00ab\u00a0Un tournant de la campagne\u00a0\u00bb pour Franck Allisio<br \/>\n<img alt=\"St\u00e9phane Ravier, le 2 octobre 2025, sur le plateau de Marseille politiques \u00e0 Marseille.\" loading=\"lazy\" decoding=\"async\" data-nimg=\"fill\" class=\" TwicCore_img__i9TC1 undefined  undefined\" style=\"position:absolute;height:100%;width:100%;left:0;top:0;right:0;bottom:0;color:transparent;background-size:cover;background-position:50% 50%;background-repeat:no-repeat;background-image:url(&quot;data:image\/svg+xml;charset=utf-8,%3Csvg xmlns='http:\/\/www.w3.org\/2000\/svg' %3E%3Cfilter id='b' color-interpolation-filters='sRGB'%3E%3CfeGaussianBlur stdDeviation='20'\/%3E%3CfeColorMatrix values='1 0 0 0 0 0 1 0 0 0 0 0 1 0 0 0 0 0 100 -1' result='s'\/%3E%3CfeFlood x='0' y='0' width='100%25' height='100%25'\/%3E%3CfeComposite operator='out' in='s'\/%3E%3CfeComposite in2='SourceGraphic'\/%3E%3CfeGaussianBlur stdDeviation='20'\/%3E%3C\/filter%3E%3Cimage width='100%25' height='100%25' x='0' y='0' preserveAspectRatio='none' style='filter: url(%23b);' href='https:\/\/pictures.laprovence.com\/cdn-cgi\/image\/blur=250\/media\/melody\/2025\/10\/02\/politique-a-marseille-plateau-bfm-marseille-provence-et-la-provence-a-grand-central-a-marseille-step-1759426373_f422dc6a7ed861922dc6a7ed8dc22dv_.jpg'\/%3E%3C\/svg%3E&quot;)\"   src=\"https:\/\/www.europesays.com\/fr\/wp-content\/uploads\/2025\/10\/politique-a-marseille-plateau-bfm-marseille-provence-et-la-provence-a-grand-central-a-marseille-step.jpeg\"\/>St\u00e9phane Ravier, le 2 octobre 2025, sur le plateau de Marseille politiques \u00e0 Marseille. \/ PHOTO NICOLAS VALLAURI<\/p>\n<p>Pour la premi\u00e8re fois depuis 1995, apr\u00e8s avoir \u00e9chou\u00e9 trois fois \u00e0 conqu\u00e9rir l&rsquo;h\u00f4tel de ville (en 2008, 2014 et 2020), le nom de l&rsquo;ancien employ\u00e9 de France T\u00e9l\u00e9com ne figurera donc sur aucune liste. Pas m\u00eame dans les 13e-14e dont il fut maire de 2014 \u00e0 2017. \u00ab\u00a0C&rsquo;\u00e9tait le prix \u00e0 payer\u00a0\u00bb, grince-t-il apr\u00e8s l&rsquo;\u00e9mission. La note a \u00e9t\u00e9 envoy\u00e9e par Marine Le Pen, qu&rsquo;il avait vilipend\u00e9 en ralliant \u00c9ric Zemmour \u00e0 la pr\u00e9sidentielle de 2022 et qui n&rsquo;a visiblement jamais pardonn\u00e9 ce d\u00e9part fracassant.<\/p>\n<p>\u00ab\u00a0On m&rsquo;a demand\u00e9 de ne pas \u00eatre candidat parce que mon ralliement \u00e0 \u00c9ric Zemmour est une plaie qui ne s&rsquo;est pas referm\u00e9e, a reconnu St\u00e9phane Ravier. Je quitte en \u00e9tant extr\u00eamement bless\u00e9 mais c&rsquo;est pour l&rsquo;int\u00e9r\u00eat sup\u00e9rieur de Marseille.\u00a0\u00bb Franck Allisio, proche de l&rsquo;ancienne pr\u00e9sidente du RN, redoutait aussi les d\u00e9rapages de ce \u00ab\u00a0jean-mariste\u00a0\u00bb inv\u00e9t\u00e9r\u00e9. Le d\u00e9put\u00e9 de Vitrolles pousse finalement un ouf de soulagement, apr\u00e8s avoir d\u00e9couvert l&rsquo;annonce de son ancien rival en direct sur BFM, en d\u00e9but de soir\u00e9e. \u00ab\u00a0On \u00e9changeait r\u00e9guli\u00e8rement. Jusqu&rsquo;au bout, St\u00e9phane \u00e9tait libre de se pr\u00e9senter, d&rsquo;attendre ou de faire ce qu&rsquo;il a fait aujourd&rsquo;hui (hier), confie-t-il. C&rsquo;est un tournant important de la campagne. Il a fait quelque chose de rare en politique: faire passer Marseille avant sa personne.\u00a0\u00bb \u00ab\u00a0C&rsquo;est un sacrifice qui va payer pour battre Beno\u00eet Payan et remettre Marseille en ordre\u00a0\u00bb, avertit-il.<\/p>\n<p>\u00ab\u00a017\u00a0% et 19\u00a0%, au final, \u00e7a fait z\u00e9ro\u00a0\u00bb<\/p>\n<p>St\u00e9phane Ravier dresse un tableau sombre de Marseille\u00a0: \u00ab\u00a0Hyperfiscalit\u00e9 d\u00e9lirante\u00a0\u00bb, \u00ab\u00a0narcotrafic galopant\u00a0\u00bb, th\u00e9orie complotiste du \u00ab\u00a0grand remplacement\u00a0\u00bb\u2026\u00a0\u00ab\u00a0Mon seul souci, c&rsquo;est Marseille et son peuple historique\u00a0\u00bb, poursuit-il dans une p\u00e9riphrase excluant bon nombre de Marseillais issus de l&rsquo;immigration r\u00e9cente. \u00c0 entendre St\u00e9phane Ravier, ce soutien r\u00e9sulterait d&rsquo;une logique math\u00e9matique : \u00ab\u00a0Les sondages me cr\u00e9ditent de 10\u00a0% \u00e0 17\u00a0% d&rsquo;intentions de vote, Franck Allisio de 15\u00a0% \u00e0 19\u00a0%. Mais 17 et 19, au final, \u00e7a fait z\u00e9ro. Et vous vous interdisez la victoire qui est pourtant \u00e0 port\u00e9e de main.\u00a0\u00bb<\/p>\n<p>\u00ab\u00a0Je ne serai pas le diviseur alors que <a href=\"https:\/\/www.laprovence.com\/article\/elections\/7290396181831714\/municipales-2026-a-marseille-martine-vassal-passe-un-accord-avec-renaissance\" target=\"_blank\" rel=\"noopener\">la droite s&rsquo;est alli\u00e9e avec la macronie<\/a>\u00ab\u00a0, promet-il en r\u00e9f\u00e9rence au soutien apport\u00e9 la veille par Renaissance \u00e0 Martine Vassal. Mais il se reconna\u00eet \u00ab\u00a0un seul adversaire, la gauche, et un seul ennemi, La France insoumise\u00a0\u00bb\u00a0 imaginant une hypoth\u00e9tique \u00ab\u00a0alliance entre Beno\u00eet Payan et S\u00e9bastien Delogu\u00a0\u00bb.<\/p>\n<p><img alt=\"St\u00e9phane Ravier a annonc\u00e9 qu'il ne serait pas candidat \u00e0 la mairie de Marseille sur le plateau de BFM Marseille Provence et La Provence, ce jeudi 2 octobre 2025.\" loading=\"lazy\" decoding=\"async\" data-nimg=\"fill\" class=\" TwicCore_img__i9TC1 undefined  undefined\" style=\"position:absolute;height:100%;width:100%;left:0;top:0;right:0;bottom:0;color:transparent;background-size:cover;background-position:50% 50%;background-repeat:no-repeat;background-image:url(&quot;data:image\/svg+xml;charset=utf-8,%3Csvg xmlns='http:\/\/www.w3.org\/2000\/svg' %3E%3Cfilter id='b' color-interpolation-filters='sRGB'%3E%3CfeGaussianBlur stdDeviation='20'\/%3E%3CfeColorMatrix values='1 0 0 0 0 0 1 0 0 0 0 0 1 0 0 0 0 0 100 -1' result='s'\/%3E%3CfeFlood x='0' y='0' width='100%25' height='100%25'\/%3E%3CfeComposite operator='out' in='s'\/%3E%3CfeComposite in2='SourceGraphic'\/%3E%3CfeGaussianBlur stdDeviation='20'\/%3E%3C\/filter%3E%3Cimage width='100%25' height='100%25' x='0' y='0' preserveAspectRatio='none' style='filter: url(%23b);' href='https:\/\/pictures.laprovence.com\/cdn-cgi\/image\/blur=250\/media\/melody\/2025\/10\/02\/politique-a-marseille-plateau-bfm-marseille-provence-et-la-provence-a-grand-central-a-marseille-step-1759426374_55e66d2a7ed8649e66d2a7ed81de66v_.jpg'\/%3E%3C\/svg%3E&quot;)\"   src=\"https:\/\/www.europesays.com\/fr\/wp-content\/uploads\/2025\/10\/1759442113_765_politique-a-marseille-plateau-bfm-marseille-provence-et-la-provence-a-grand-central-a-marseille-step.jpeg\"\/>St\u00e9phane Ravier a annonc\u00e9 qu&rsquo;il ne serait pas candidat \u00e0 la mairie de Marseille sur le plateau de BFM Marseille Provence et La Provence, ce jeudi 2 octobre 2025. \/photo Nicolas VALLAURI<\/p>\n<p>Cet effacement du s\u00e9nateur d&rsquo;extr\u00eame droite enl\u00e8ve une \u00e9pine du pied de Franck Allisio qui craignait qu&rsquo;en coulisses, la droite vassaliste ne pousse St\u00e9phane Ravier \u00e0 se pr\u00e9senter pour affaiblir son score au 1er tour. \u00ab\u00a0Mes coll\u00e8gues chez LR seront peut-\u00eatre d\u00e9\u00e7us que je ne serve pas leurs int\u00e9r\u00eats \u00e9lectoraux\u00a0\u00bb, commente St\u00e9phane Ravier.<\/p>\n<p>Ses h\u00e9sitations de derni\u00e8re minute ont-elles un lien avec des n\u00e9gociations en vue des s\u00e9natoriales de septembre\u00a02026, o\u00f9 il remettra son mandat en jeu\u00a0? \u00ab\u00a0On n&rsquo;a eu aucune discussion, encore moins sur la composition des listes\u00a0\u00bb, certifie-t-il. S&rsquo;il promet qu&rsquo;il n&rsquo;y a eu \u00ab\u00a0aucun marchandage\u00a0\u00bb, Franck Allisio n&rsquo;\u00e9carte pas l&rsquo;id\u00e9e d&rsquo;int\u00e9grer des fid\u00e8les de l&rsquo;ancien maire des 13e-14e sur sa liste: \u00ab\u00a0On va travailler ensemble et \u00e9changer sur la constitution des listes, entre autres. Je consulterai \u00e9videmment le s\u00e9nateur et c&rsquo;est dans la logique qu&rsquo;il me pr\u00e9sente des personnalit\u00e9s qui peuvent apporter quelque chose.\u00a0\u00bb<\/p>\n<p><a href=\"https:\/\/www.laprovence.com\/article\/politique\/7294640597635914\/exclusif-municipales-2026-a-marseille-lionel-royer-perreaut-quitte-la-vie-publique-et-ne-soutiendra-pas-martine-vassal\" target=\"_blank\" rel=\"noopener\">Contrairement \u00e0 Lionel Royer-Perreaut (Renaissance)<\/a>, St\u00e9phane Ravier n&rsquo;annonce pas son retrait de la vie politique. Elle risque toutefois d&rsquo;\u00eatre rythm\u00e9e par ses rendez-vous judiciaires : il attend le proc\u00e8s en appel de l&rsquo;affaire de l&#8217;emploi octroy\u00e9 par la Ville sous Jean-Claude Gaudin \u00e0 son fils, pour lequel il avait \u00e9cop\u00e9 d&rsquo;un an d&rsquo;in\u00e9ligibilit\u00e9. Il sera jug\u00e9 le 2 d\u00e9cembre dans une autre affaire pour \u00ab\u00a0favoritisme\u00a0\u00bb lorsqu&rsquo;il \u00e9tait maire des 13e-14e entre\u00a02014 et\u00a02017.<\/p>\n","protected":false},"excerpt":{"rendered":"\u00ab\u00a0\u00c7a pique un peu\u2026\u00a0\u00bb La m\u00e2choire encore serr\u00e9e, St\u00e9phane Ravier est sonn\u00e9 par les mots qu&rsquo;il vient de&hellip;\n","protected":false},"author":2,"featured_media":434659,"comment_status":"","ping_status":"","sticky":false,"template":"","format":"standard","meta":{"footnotes":""},"categories":[2814],"tags":[17,5734,1111,11,5949,1777,674,3384,1011,27,884,3554,12,5242,882,52923,25,32006],"class_list":{"0":"post-434658","1":"post","2":"type-post","3":"status-publish","4":"format-standard","5":"has-post-thumbnail","7":"category-marseille","8":"tag-17","9":"tag-5734","10":"tag-actu","11":"tag-actualites","12":"tag-elections","13":"tag-eu","14":"tag-europe","15":"tag-exclusif","16":"tag-fr","17":"tag-france","18":"tag-marseille","19":"tag-municipales","20":"tag-news","21":"tag-passe","22":"tag-provence-alpes-cote-dazur","23":"tag-ravier","24":"tag-republique-francaise","25":"tag-stephane"},"share_on_mastodon":{"url":"https:\/\/pubeurope.com\/@fr\/115306806099022062","error":""},"_links":{"self":[{"href":"https:\/\/www.europesays.com\/fr\/wp-json\/wp\/v2\/posts\/434658","targetHints":{"allow":["GET"]}}],"collection":[{"href":"https:\/\/www.europesays.com\/fr\/wp-json\/wp\/v2\/posts"}],"about":[{"href":"https:\/\/www.europesays.com\/fr\/wp-json\/wp\/v2\/types\/post"}],"author":[{"embeddable":true,"href":"https:\/\/www.europesays.com\/fr\/wp-json\/wp\/v2\/users\/2"}],"replies":[{"embeddable":true,"href":"https:\/\/www.europesays.com\/fr\/wp-json\/wp\/v2\/comments?post=434658"}],"version-history":[{"count":0,"href":"https:\/\/www.europesays.com\/fr\/wp-json\/wp\/v2\/posts\/434658\/revisions"}],"wp:featuredmedia":[{"embeddable":true,"href":"https:\/\/www.europesays.com\/fr\/wp-json\/wp\/v2\/media\/434659"}],"wp:attachment":[{"href":"https:\/\/www.europesays.com\/fr\/wp-json\/wp\/v2\/media?parent=434658"}],"wp:term":[{"taxonomy":"category","embeddable":true,"href":"https:\/\/www.europesays.com\/fr\/wp-json\/wp\/v2\/categories?post=434658"},{"taxonomy":"post_tag","embeddable":true,"href":"https:\/\/www.europesays.com\/fr\/wp-json\/wp\/v2\/tags?post=434658"}],"curies":[{"name":"wp","href":"https:\/\/api.w.org\/{rel}","templated":true}]}}