{"id":43466,"date":"2025-04-22T08:09:13","date_gmt":"2025-04-22T08:09:13","guid":{"rendered":"https:\/\/www.europesays.com\/fr\/43466\/"},"modified":"2025-04-22T08:09:13","modified_gmt":"2025-04-22T08:09:13","slug":"toulouse-les-regles-de-circulation-de-cette-rue-en-chantier-evoluent-pour-continuer-les-travaux","status":"publish","type":"post","link":"https:\/\/www.europesays.com\/fr\/43466\/","title":{"rendered":"Toulouse. Les r\u00e8gles de circulation de cette rue en chantier \u00e9voluent pour continuer les travaux"},"content":{"rendered":"<p>            Par<br \/>\n        <strong><br \/>\n            <a href=\"https:\/\/actu.fr\/auteur\/romain-piccolo\" title=\"Consulter tous les articles de Romain Piccolo\" target=\"_blank\" rel=\"noopener\">Romain Piccolo<\/a><br \/>\n        <\/strong><\/p>\n<p>        Publi\u00e9 le<\/p>\n<p>            22 avr. 2025 \u00e0 7h12        <\/p>\n<p>Les travaux avancent et<strong> la circulation s\u2019adapte<\/strong> dans le centre-ville de <a href=\"https:\/\/actu.fr\/toulouse\/\" target=\"_blank\" rel=\"noopener\">Toulouse<\/a>. Pour vous aider \u00e0 mieux anticiper vos d\u00e9placements dans l\u2019hypercentre, sachez que l<strong>e vaste chantier de<a href=\"https:\/\/actu.fr\/occitanie\/toulouse_31555\/toulouse-les-travaux-de-reamenagement-de-cette-rue-du-centre-ville-touchent-a-leur-fin_62142118.html\" target=\"_blank\" rel=\"noopener\"> r\u00e9am\u00e9nagement de la rue de Metz<\/a><\/strong> se poursuit. Depuis le 14\u00a0avril 2025, de nouvelles r\u00e8gles sont mises en place <strong>jusqu\u2019au 19\u00a0mai 2025.<\/strong><\/p>\n<p class=\" wall-content\">En revanche, certains acc\u00e8s \u00e0 la rue de Metz demeurent ferm\u00e9s aux v\u00e9hicules jusqu\u2019\u00e0 la fin des travaux, ce qui entra\u00eene un r\u00e9ajustement complet des itin\u00e9raires habituels. Ces fermetures partielles et totales<strong> p\u00e8sent sur la fluidit\u00e9 de la voirie<\/strong> et appellent chacun \u00e0 <strong>la vigilance et \u00e0 l\u2019anticipation de ses parcours<\/strong>. Des travaux qui vont durer jusqu\u2019\u00e0 la fin du printemps.<\/p>\n<p>Des axes r\u00e9ouverts d\u2019axes\u2009:<\/p>\n<ul class=\" wall-content\">\n<li>La rue\u00a0Boulbonne\u00a0est rouverte \u00e0 la circulation dans le sens\u00a0Saint-\u00c9tienne\u00a0\u2192 Saint-Georges.<\/li>\n<li>La circulation dans la rue des Arts est r\u00e9tablie dans le sens rue de Metz \u2192 Croix-Baragnon.<\/li>\n<\/ul>\n<p>Des restrictions de circulation\u2009:<\/p>\n<ul class=\" wall-content\">\n<li><strong>La rue Bertrand de l\u2019Isle<\/strong> est en impasse.<\/li>\n<li>L\u2019acc\u00e8s \u00e0 <strong>la rue de Metz<\/strong> se fait uniquement \u00e0 partir de <strong>la rue du Rempart Saint \u00c9tienne.<\/strong><\/li>\n<li>La circulation des v\u00e9hicules sur <strong>le boulevard Carnot<\/strong> et <strong>les all\u00e9es Fran\u00e7ois Verdier<\/strong> se fait \u00e0 double sens (c\u00f4t\u00e9 pair).<\/li>\n<li>La circulation des cycles sur <strong>le boulevard Carnot<\/strong> et <strong>les\u00a0all\u00e9es Fran\u00e7ois Verdier<\/strong> se fait dans le sens sud \u2192 nord.<\/li>\n<li>Un itin\u00e9raire de contournement par <strong>la rue\u00a0Delpech<\/strong>\u00a0est\u00a0propos\u00e9 aux cycles dans le sens nord \u2192 sud.<\/li>\n<li>Le sens de circulation sur<strong> la rue Bida<\/strong> est invers\u00e9.<\/li>\n<\/ul>\n<p>      <img   decoding=\"async\" loading=\"lazy\" src=\"https:\/\/www.europesays.com\/fr\/wp-content\/uploads\/2025\/04\/sens-de-circulation-du-14-avril-au-19-mai-2025-3-page-0001-1-960x640.jpg\" alt=\"Sens de circulation rue de Metz du 14 avril au 19 mai 2025 \" width=\"960\" height=\"640\"\/><br \/>\n    Sens de circulation rue de Metz du 14\u00a0avril au 19\u00a0mai 2025 (\u00a9Mairie de Toulouse)Am\u00e9nagement temporaire autour du carrefour Fran\u00e7ois-Verdier<\/p>\n<p class=\" wall-content\">Pour s\u00e9curiser la zone et <strong>pr\u00e9parer l\u2019arriv\u00e9e de la <a href=\"https:\/\/actu.fr\/occitanie\/toulouse_31555\/en-images-fouilles-archeologiques-de-la-ligne-c-du-metro-de-toulouse-ce-qui-a-ete-trouve-a-francois-verdier_62275911.html\" target=\"_blank\" rel=\"noopener\">station Fran\u00e7ois-verdier de la ligne C<\/a><\/strong><a href=\"https:\/\/actu.fr\/occitanie\/toulouse_31555\/en-images-fouilles-archeologiques-de-la-ligne-c-du-metro-de-toulouse-ce-qui-a-ete-trouve-a-francois-verdier_62275911.html\" target=\"_blank\" rel=\"noopener\">,<\/a> des am\u00e9nagements sp\u00e9cifiques ont \u00e9t\u00e9 mis en place. Sur le Boulavard Lazare Carnot et les all\u00e9es Fran\u00e7ois-Verdier, la circulation des v\u00e9hicules se fait d\u00e9sormais en <strong>double sens sur le c\u00f4t\u00e9 pair<\/strong>, ce qui modifie les habitudes de nombreux conducteurs.<\/p>\n<p class=\" wall-content\">Durant les travaux, <strong>les commerces restent en grande partie ouverts<\/strong> et s\u2019adaptent pour accueillir leur client\u00e8le dans les meilleures conditions.<\/p>\n<p class=\" wall-content\">Les cyclistes, quant \u00e0 eux, continuent de circuler du sud vers le nord sur ces m\u00eames axes, un sens unique qui permet de limiter les conflits avec les voitures. En sens inverse, un itin\u00e9raire de contournement leur est propos\u00e9 vie la rue Delpech pour assurer <strong>un parcours s\u00e9curis\u00e9 et balis\u00e9<\/strong>, tandis que l\u2019acc\u00e8s \u00e0 la rue de Metz ne s\u2019effectue plus qu\u2019\u00e0 partir de la rue du Rempart Saint Etienne.<\/p>\n<p>Conseils pour \u00e9viter les perturbations<\/p>\n<p class=\" wall-content\">Pour limiter les d\u00e9sagr\u00e9ments au quotidien, il est fortement recommand\u00e9 de privil\u00e9gier les transports en commun et les modes de d\u00e9placement doux. <strong>Les stations Esquirol et Capitole de la ligne\u202fA du m\u00e9tro offrent une alternative<\/strong> rapide et fiable pour rejoindre le c\u0153ur de Toulouse sans subir les embouteillages.<\/p>\n<p class=\" wall-content\">Les acc\u00e8s cyclables sont maintenus rue de\u202fMetz et le long des d\u00e9viations mises en place, garantissant aux v\u00e9los un itin\u00e9raire continu.<\/p>\n<p class=\" wall-content\">Enfin, pour <strong>rester inform\u00e9 des \u00e9volutions<\/strong>, pensez \u00e0 consulter r\u00e9guli\u00e8rement les plans de circulation disponibles en t\u00e9l\u00e9chargement sur le site de la M\u00e9tropole ou via l\u2019application \u201c<strong>Parlons\u202fTravaux<\/strong>\u201d.<\/p>\n<p class=\" wall-content\">Suivez toute l\u2019actualit\u00e9 de vos villes et m\u00e9dias favoris en vous inscrivant \u00e0 <a href=\"https:\/\/moncompte.actu.fr\" title=\"D\u00e9couvez Mon Actu\" rel=\"nofollow noopener\" data-trk=\"{&quot;cta&quot;:{&quot;action&quot;:&quot;https:\\\/\\\/moncompte.actu.fr&quot;,&quot;category&quot;:&quot;mon compte&quot;,&quot;from&quot;:&quot;article footer&quot;,&quot;name&quot;:&quot;Mon actu&quot;,&quot;type&quot;:&quot;cta&quot;}}\" target=\"_blank\">Mon Actu<\/a>.<\/p>\n","protected":false},"excerpt":{"rendered":"Par Romain Piccolo Publi\u00e9 le 22 avr. 2025 \u00e0 7h12 Les travaux avancent et la circulation s\u2019adapte dans&hellip;\n","protected":false},"author":2,"featured_media":43467,"comment_status":"","ping_status":"","sticky":false,"template":"","format":"standard","meta":{"footnotes":""},"categories":[2816],"tags":[1111,11,1777,674,1011,27,5224,12,2680,25,104,2312,1090,2086],"class_list":{"0":"post-43466","1":"post","2":"type-post","3":"status-publish","4":"format-standard","5":"has-post-thumbnail","7":"category-toulouse","8":"tag-actu","9":"tag-actualites","10":"tag-eu","11":"tag-europe","12":"tag-fr","13":"tag-france","14":"tag-ligne-c-du-metro-de-toulouse","15":"tag-news","16":"tag-occitanie","17":"tag-republique-francaise","18":"tag-societe","19":"tag-toulouse","20":"tag-toulouse-metropole","21":"tag-travaux"},"share_on_mastodon":{"url":"https:\/\/pubeurope.com\/@fr\/114380600984437919","error":""},"_links":{"self":[{"href":"https:\/\/www.europesays.com\/fr\/wp-json\/wp\/v2\/posts\/43466","targetHints":{"allow":["GET"]}}],"collection":[{"href":"https:\/\/www.europesays.com\/fr\/wp-json\/wp\/v2\/posts"}],"about":[{"href":"https:\/\/www.europesays.com\/fr\/wp-json\/wp\/v2\/types\/post"}],"author":[{"embeddable":true,"href":"https:\/\/www.europesays.com\/fr\/wp-json\/wp\/v2\/users\/2"}],"replies":[{"embeddable":true,"href":"https:\/\/www.europesays.com\/fr\/wp-json\/wp\/v2\/comments?post=43466"}],"version-history":[{"count":0,"href":"https:\/\/www.europesays.com\/fr\/wp-json\/wp\/v2\/posts\/43466\/revisions"}],"wp:featuredmedia":[{"embeddable":true,"href":"https:\/\/www.europesays.com\/fr\/wp-json\/wp\/v2\/media\/43467"}],"wp:attachment":[{"href":"https:\/\/www.europesays.com\/fr\/wp-json\/wp\/v2\/media?parent=43466"}],"wp:term":[{"taxonomy":"category","embeddable":true,"href":"https:\/\/www.europesays.com\/fr\/wp-json\/wp\/v2\/categories?post=43466"},{"taxonomy":"post_tag","embeddable":true,"href":"https:\/\/www.europesays.com\/fr\/wp-json\/wp\/v2\/tags?post=43466"}],"curies":[{"name":"wp","href":"https:\/\/api.w.org\/{rel}","templated":true}]}}