{"id":434660,"date":"2025-10-02T21:56:12","date_gmt":"2025-10-02T21:56:12","guid":{"rendered":"https:\/\/www.europesays.com\/fr\/434660\/"},"modified":"2025-10-02T21:56:12","modified_gmt":"2025-10-02T21:56:12","slug":"un-nouveau-chef-doeuvre-de-louis-finson-entre-au-musee-des-beaux-arts-de-marseille","status":"publish","type":"post","link":"https:\/\/www.europesays.com\/fr\/434660\/","title":{"rendered":"Un nouveau chef-d&rsquo;\u0153uvre de Louis Finson entre au mus\u00e9e des Beaux-Arts de Marseille"},"content":{"rendered":"<p>Le tableau est pos\u00e9 sur un grand chevalet en bois, la toile est dans son jus, on y distingue des taches \u00e9parses, du vernis jauni. L\u2019\u0153uvre repr\u00e9sente un Saint S\u00e9bastien cribl\u00e9 de fl\u00e8ches, dans un clair-obscur qui met en avant le corps sublim\u00e9 du martyr au regard exalt\u00e9. Cette peinture est sign\u00e9e <a href=\"https:\/\/www.laprovence.com\/article\/culture-loisirs\/1052913821817915\/lhotel-dagar-a-cavaillon-fait-lacquisition-dun-chef-d-oeuvre-du-peintre-louis-finson\" target=\"_blank\" rel=\"noopener\">Louis Finson<\/a> et a \u00e9t\u00e9 r\u00e9alis\u00e9e en\u00a01612 quand ce dernier \u00e9tait \u00e0 Naples, l\u00e0 o\u00f9 il a c\u00f4toy\u00e9 quelque temps <a href=\"https:\/\/laprovence.com\/article\/societe\/5596282\/cavaillon-rendez-vous-avec-le-caravage.html\" target=\"_blank\" rel=\"noopener\">Le Caravage<\/a>.<\/p>\n<p>La notori\u00e9t\u00e9 de Finson tient d\u2019ailleurs \u00e0 cette inspiration et cette connivence avec le ma\u00eetre italien. C\u2019est en effet Finson, artiste flamand parti voyager en Italie, qui d\u00e9barque sur les rivages de Provence, avec dans ses bagages des toiles du Caravage \u00e0 vendre. \u00ab\u00a0Il a introduit la r\u00e9volution caravagesque ici\u00a0\u00bb, explique Luc Georget, directeur du <a href=\"https:\/\/www.laprovence.com\/article\/culture-loisirs\/71792469586717\/au-musee-des-beaux-arts-a-marseille-une-exposition-inedite-sur-le-dessin-en-provence-jusquau-21-septembre\" target=\"_blank\" rel=\"noopener\">mus\u00e9e des Beaux-Arts de Marseille<\/a>.<\/p>\n<p>Le mus\u00e9e poss\u00e8de d\u00e9j\u00e0 des \u0153uvres de Louis Finson qui sont en parfait \u00e9cho avec cette nouvelle acquisition, une g\u00e9n\u00e9reuse donation anonyme estim\u00e9e \u00e0 500\u00a0000\u00a0euros. On peut admirer d\u00e9j\u00e0 dans la salle une Madeleine en extase, une sc\u00e8ne de Samson et Dalila ainsi que deux autoportraits.<\/p>\n<p>\u00c0 voir pendant trois jours<\/p>\n<p>\u00ab\u00a0C\u2019est historique car on n\u2019avait pas connu une donation aussi importante depuis les premiers leg&#8230;<\/p>\n","protected":false},"excerpt":{"rendered":"Le tableau est pos\u00e9 sur un grand chevalet en bois, la toile est dans son jus, on y&hellip;\n","protected":false},"author":2,"featured_media":434661,"comment_status":"","ping_status":"","sticky":false,"template":"","format":"standard","meta":{"footnotes":""},"categories":[2814],"tags":[17,1111,11,4374,251,154,2834,1777,674,56225,1011,27,17260,884,3048,12,4565,882,25],"class_list":{"0":"post-434660","1":"post","2":"type-post","3":"status-publish","4":"format-standard","5":"has-post-thumbnail","7":"category-marseille","8":"tag-17","9":"tag-actu","10":"tag-actualites","11":"tag-chef-doeuvre","12":"tag-culture","13":"tag-des","14":"tag-entre","15":"tag-eu","16":"tag-europe","17":"tag-finson","18":"tag-fr","19":"tag-france","20":"tag-louis","21":"tag-marseille","22":"tag-musee","23":"tag-news","24":"tag-nouveau","25":"tag-provence-alpes-cote-dazur","26":"tag-republique-francaise"},"share_on_mastodon":{"url":"https:\/\/pubeurope.com\/@fr\/115306809571472793","error":""},"_links":{"self":[{"href":"https:\/\/www.europesays.com\/fr\/wp-json\/wp\/v2\/posts\/434660","targetHints":{"allow":["GET"]}}],"collection":[{"href":"https:\/\/www.europesays.com\/fr\/wp-json\/wp\/v2\/posts"}],"about":[{"href":"https:\/\/www.europesays.com\/fr\/wp-json\/wp\/v2\/types\/post"}],"author":[{"embeddable":true,"href":"https:\/\/www.europesays.com\/fr\/wp-json\/wp\/v2\/users\/2"}],"replies":[{"embeddable":true,"href":"https:\/\/www.europesays.com\/fr\/wp-json\/wp\/v2\/comments?post=434660"}],"version-history":[{"count":0,"href":"https:\/\/www.europesays.com\/fr\/wp-json\/wp\/v2\/posts\/434660\/revisions"}],"wp:featuredmedia":[{"embeddable":true,"href":"https:\/\/www.europesays.com\/fr\/wp-json\/wp\/v2\/media\/434661"}],"wp:attachment":[{"href":"https:\/\/www.europesays.com\/fr\/wp-json\/wp\/v2\/media?parent=434660"}],"wp:term":[{"taxonomy":"category","embeddable":true,"href":"https:\/\/www.europesays.com\/fr\/wp-json\/wp\/v2\/categories?post=434660"},{"taxonomy":"post_tag","embeddable":true,"href":"https:\/\/www.europesays.com\/fr\/wp-json\/wp\/v2\/tags?post=434660"}],"curies":[{"name":"wp","href":"https:\/\/api.w.org\/{rel}","templated":true}]}}