{"id":434664,"date":"2025-10-02T21:58:12","date_gmt":"2025-10-02T21:58:12","guid":{"rendered":"https:\/\/www.europesays.com\/fr\/434664\/"},"modified":"2025-10-02T21:58:12","modified_gmt":"2025-10-02T21:58:12","slug":"lyon-vainqueur-sans-trop-forcer-de-salzbourg","status":"publish","type":"post","link":"https:\/\/www.europesays.com\/fr\/434664\/","title":{"rendered":"Lyon vainqueur sans trop forcer de Salzbourg"},"content":{"rendered":"<p><strong>Lyon\u00a0&#8211; Salzbourg\u00a0: 2-0<\/strong><\/p>\n<p>La belle s\u00e9rie continue pour l\u2019OL. Lyon s\u2019est impos\u00e9 aux d\u00e9pens d\u2019une faible \u00e9quipe du RB Salzbourg (2-0), jeudi 2\u00a0octobre 2025 au Groupama stadium, dans un match de Ligue Europa au cours duquel Martin Satriano et Ruben Kluivert ont inscrit leur premier but avec le club rhodanien.<\/p>\n<p>L\u2019Olympique lyonnais, d\u00e9j\u00e0 vainqueur \u00e0 Utrecht (1-0) le 25\u00a0septembre, est 5e du classement avec six points en deux journ\u00e9es. Toujours aussi herm\u00e9tique en d\u00e9fense, il confirme ainsi son excellent d\u00e9but de saison en Ligue\u00a01.<\/p>\n<p>Martin Satriano retrouve le chemin des filets<\/p>\n<p>Pr\u00eat\u00e9 par Lens \u00e0 la fin du mercato, l\u2019avant-centre uruguayen Martin Satriano a repris victorieusement d\u2019une t\u00eate plongeante un centre d\u00e9livr\u00e9 de l\u2019aile droite par le Tch\u00e8que Adam Karabec d\u00e8s la 11e minute (1-0).\u00a0Bless\u00e9 toute la saison derni\u00e8re apr\u00e8s une op\u00e9ration \u00e0 un genou, Satriano, remplac\u00e9 \u00e0 la 77e minute par le jeune Enzo Molebe (18\u00a0ans), n\u2019avait plus marqu\u00e9 en match officiel depuis le 28\u00a0avril 2024, avec Brest contre Rennes.<\/p>\n<p>Apr\u00e8s un tir de Pavel Sulc, d\u00e9tourn\u00e9 par Stefan Lainer, le N\u00e9erlandais Ruben Kluivert, lui aussi arriv\u00e9 \u00e0 Lyon cet \u00e9t\u00e9, a repris, \u00e9galement de la t\u00eate, un centre adress\u00e9 par Karabec, auteur de deux passes d\u00e9cisives, pour porter le score \u00e0 2-0 (57e). Hormis son but, la performance du d\u00e9fenseur a toutefois \u00e9t\u00e9 assez terne, au poste d\u2019arri\u00e8re droit comme \u00e0 gauche.<\/p>\n<p>Un penalty manqu\u00e9 par Pavel Sulc<\/p>\n<p>Cette avance de deux buts \u00e9tait m\u00e9rit\u00e9e pour l\u2019OL, qui aurait m\u00eame pu ouvrir la marque d\u00e8s la 7e minute si Pavel Sulc n\u2019avait pas rat\u00e9 un penalty, tr\u00e8s mal tir\u00e9 et arr\u00eat\u00e9 par le gardien Alexander Schlager.<\/p>\n<p>Par la suite, Nicolas Tagliafico et Corentin Tolisso ont \u00e9t\u00e9 dangereux sur deux centres de Karabec, encore lui (22e, 24e) avant que Lyon ne baisse de rythme, permettant \u00e0 Salzbourg d\u2019\u00eatre mena\u00e7ant sur une action de Yorbe Vertessen, apr\u00e8s une erreur de Clinton Mata (31e), et sur un tir de Maurits Kjaergaard (45e+\u00a02).<\/p>\n<p>Nouvelle \u00ab\u00a0clean sheet\u00a0\u00bb pour l\u2019OL<\/p>\n<p>Mais le gardien slovaque de l\u2019OL, Dominik Greif, s\u2019est interpos\u00e9, comme il l\u2019a \u00e9galement fait en seconde p\u00e9riode sur des tentatives de Kerim Alajbegovic (65e, 70e), Aleksa Terzic (74e) ou Edmund Baidoo (90e+\u00a03).<\/p>\n<p>Pour son quatri\u00e8me match, Greif, recrut\u00e9 au mois d\u2019ao\u00fbt, n\u2019a toujours pas conc\u00e9d\u00e9 de but et, depuis le d\u00e9but de saison, la d\u00e9fense lyonnaise n\u2019en a encaiss\u00e9 que trois en huit rencontres officielles, lors du seul d\u00e9placement \u00e0 Rennes (3-1) en championnat le 14\u00a0septembre.<\/p>\n<p><strong>Mi-temps\u00a0:<\/strong> 1-0.<br \/><strong>Arbitre\u00a0:<\/strong> M.\u00a0Treimanis<br \/><strong>Buts\u00a0:<\/strong> M.\u00a0Satriano (11e), R.\u00a0Kluivert (57e).<\/p>\n","protected":false},"excerpt":{"rendered":"Lyon\u00a0&#8211; Salzbourg\u00a0: 2-0 La belle s\u00e9rie continue pour l\u2019OL. Lyon s\u2019est impos\u00e9 aux d\u00e9pens d\u2019une faible \u00e9quipe du&hellip;\n","protected":false},"author":2,"featured_media":434665,"comment_status":"","ping_status":"","sticky":false,"template":"","format":"standard","meta":{"footnotes":""},"categories":[1889],"tags":[1111,11,2430,1777,674,63,1011,27,5843,2428,12,25,60],"class_list":{"0":"post-434664","1":"post","2":"type-post","3":"status-publish","4":"format-standard","5":"has-post-thumbnail","7":"category-lyon","8":"tag-actu","9":"tag-actualites","10":"tag-auvergne-rhone-alpes","11":"tag-eu","12":"tag-europe","13":"tag-football","14":"tag-fr","15":"tag-france","16":"tag-ligue-europa","17":"tag-lyon","18":"tag-news","19":"tag-republique-francaise","20":"tag-sports"},"share_on_mastodon":{"url":"https:\/\/pubeurope.com\/@fr\/115306817293911191","error":""},"_links":{"self":[{"href":"https:\/\/www.europesays.com\/fr\/wp-json\/wp\/v2\/posts\/434664","targetHints":{"allow":["GET"]}}],"collection":[{"href":"https:\/\/www.europesays.com\/fr\/wp-json\/wp\/v2\/posts"}],"about":[{"href":"https:\/\/www.europesays.com\/fr\/wp-json\/wp\/v2\/types\/post"}],"author":[{"embeddable":true,"href":"https:\/\/www.europesays.com\/fr\/wp-json\/wp\/v2\/users\/2"}],"replies":[{"embeddable":true,"href":"https:\/\/www.europesays.com\/fr\/wp-json\/wp\/v2\/comments?post=434664"}],"version-history":[{"count":0,"href":"https:\/\/www.europesays.com\/fr\/wp-json\/wp\/v2\/posts\/434664\/revisions"}],"wp:featuredmedia":[{"embeddable":true,"href":"https:\/\/www.europesays.com\/fr\/wp-json\/wp\/v2\/media\/434665"}],"wp:attachment":[{"href":"https:\/\/www.europesays.com\/fr\/wp-json\/wp\/v2\/media?parent=434664"}],"wp:term":[{"taxonomy":"category","embeddable":true,"href":"https:\/\/www.europesays.com\/fr\/wp-json\/wp\/v2\/categories?post=434664"},{"taxonomy":"post_tag","embeddable":true,"href":"https:\/\/www.europesays.com\/fr\/wp-json\/wp\/v2\/tags?post=434664"}],"curies":[{"name":"wp","href":"https:\/\/api.w.org\/{rel}","templated":true}]}}