{"id":434668,"date":"2025-10-02T22:02:13","date_gmt":"2025-10-02T22:02:13","guid":{"rendered":"https:\/\/www.europesays.com\/fr\/434668\/"},"modified":"2025-10-02T22:02:13","modified_gmt":"2025-10-02T22:02:13","slug":"pour-son-premier-adjoint-anne-hidalgo-donne-des-garanties-dindependance-en-achetant-ses-robes-de-luxe","status":"publish","type":"post","link":"https:\/\/www.europesays.com\/fr\/434668\/","title":{"rendered":"pour son premier adjoint, Anne Hidalgo donne des garanties d\u2019ind\u00e9pendance en achetant ses robes de luxe"},"content":{"rendered":"<p class=\"article-p mdl\">Face \u00e0 la pol\u00e9mique autour\u00a0<a class=\"link\" href=\"https:\/\/www.rtl.fr\/actu\/politique\/robes-de-luxe-diners-etoiles-un-maire-peut-il-tout-se-faire-rembourser-avec-ses-notes-de-frais-7900547087\" title=\"Robes de luxe, d\u00eeners \u00e9toil\u00e9s\u2026 Un maire peut-il tout se faire rembourser avec ses notes de frais ?\" target=\"_blank\" rel=\"noopener\">des notes de frais d&rsquo;Anne Hidalgo et du maire du XVIIIe arrondissement<\/a>, la mairie de Paris a annonc\u00e9, ce jeudi 2 octobre, qu&rsquo;elle allait\u00a0mettre \u00e0 disposition de la presse les notes de frais de tous les maires d&rsquo;arrondissement.\u00a0<\/p>\n<p class=\"article-p mdl\">A l&rsquo;occasion de la pr\u00e9sentation du dispositif, Patrick Bloche, le premier adjoint de la mairesse de Paris, est venu au secours de l&rsquo;\u00e9dile socialiste en expliquant \u00e0 RTL qu&rsquo;en achetant ses v\u00eatements \u00e0 de grandes maisons de couture sur ses frais de repr\u00e9sentation, Anne Hidalgo donne des garanties d&rsquo;ind\u00e9pendance.\u00a0\u00ab\u00a0Contrairement \u00e0 ce que pratiquent certaines et certains, elle ne se fait pas pr\u00eater les v\u00eatements par telle ou telle grande maison\u00a0\u00bb, assure-t-il, critiquant \u00e9galement les personnes qui \u00ab\u00a0oublient de les restituer apr\u00e8s usage\u00a0\u00bb.\u00a0<\/p>\n<p class=\"article-p mdl\">Un argumentaire qui vise clairement Rachida Dati, qui sera jug\u00e9e,\u00a0du 16 au 28 septembre 2026,\u00a0<a class=\"link\" href=\"https:\/\/www.rtl.fr\/actu\/politique\/rachida-dati-son-proces-pour-corruption-se-tiendra-du-16-au-28-septembre-2026-six-mois-apres-les-municipales-7900546732\" target=\"_blank\" rel=\"noopener\">pour corruption et trafic d&rsquo;influence<\/a>. \u00ab\u00a0Elle n&rsquo;a aucune note de frais qu&rsquo;on peut lui opposer\u00a0\u00bb, assure, en r\u00e9ponse, sa porte-parole, Nelly Garnier. \u00ab\u00a0Elle a toujours \u00e9t\u00e9 tr\u00e8s respectueuse de l&rsquo;argent des Parisiens. Son principe, \u00e7a sera chaque euro d\u00e9pens\u00e9 sera un euro utile aux Parisiens.\u00a0\u00bb<\/p>\n<p class=\"article-p mdl\">De son c\u00f4t\u00e9, Patrick Bloche affirme qu&rsquo;Anne Hidalgo n&rsquo;a jamais d\u00e9pens\u00e9 plus que ce \u00e0 quoi elle avait le droit. \u00ab\u00a0Faux\u00a0\u00bb, estime Nelly Garnier, qui \u00e9voque\u00a0<a class=\"link\" href=\"https:\/\/www.rtl.fr\/actu\/politique\/anne-hidalgo-a-tahiti-le-depute-sylvain-maillard-a-saisi-le-procureur-de-la-republique-7900323753\" title=\"Anne Hidalgo \u00e0 Tahiti : le d\u00e9put\u00e9 Sylvain Maillard a saisi le procureur de la R\u00e9publique\" target=\"_blank\" rel=\"noopener\">ses notes de t\u00e9l\u00e9phone lors d&rsquo;un voyage \u00e0 Tahiti<\/a>.\u00a0<\/p>\n<p class=\"article-p mdl\">La pol\u00e9mique autour des frais de repr\u00e9sentation de la maire de Paris est n\u00e9e apr\u00e8s les r\u00e9v\u00e9lations de Transparence citoyenne. L&rsquo;association avait calcul\u00e9, qu&rsquo;entre 2020 et 2024, la mairie de Paris avait\u00a0<a class=\"link\" href=\"https:\/\/www.rtl.fr\/actu\/politique\/robes-de-luxe-diners-etoiles-un-maire-peut-il-tout-se-faire-rembourser-avec-ses-notes-de-frais-7900547087\" target=\"_blank\" rel=\"noopener\">d\u00e9pens\u00e9 au moins 75 000 euros<\/a>\u00a0en frais de d\u00e9placements, de repr\u00e9sentations, mais aussi pour l&rsquo;achat de v\u00eatements de luxe avec, notamment,\u00a0<a class=\"link\" href=\"https:\/\/www.rtl.fr\/actu\/politique\/notes-de-frais-d-anne-hidalgo-des-robes-dior-a-6-320-euros-un-manteau-burberry-a-3-067-euros-4-questions-pour-comprendre-la-polemique-7900546521\" title=\"Notes de frais d&#039;Anne Hidalgo : des robes Dior \u00e0 6.320 euros, un manteau Burberry \u00e0 3.067 euros... 4 questions pour comprendre la pol\u00e9mique\" target=\"_blank\" rel=\"noopener\">une robe Dior \u00e0 plus de 6 000 euros<\/a>.\u00a0L&rsquo;\u00e9dile avait ripost\u00e9 en\u00a0<a class=\"link\" href=\"https:\/\/www.rtl.fr\/actu\/politique\/apres-les-revelations-sur-ses-notes-de-frais-anne-hidalgo-porte-plainte-pour-denonciations-calomnieuses-7900543419\" title=\"Apr\u00e8s les r\u00e9v\u00e9lations sur ses notes de frais, Anne Hidalgo porte plainte pour &quot;d\u00e9nonciations calomnieuses&quot;\" target=\"_blank\" rel=\"noopener\">portant plainte contre X<\/a>\u00a0pour d\u00e9nonciations calomnieuses.<\/p>\n<p>    L&rsquo;\u00e9quipe de l&rsquo;\u00e9mission vous recommande<\/p>\n<p class=\"s-newsletter__title\">\n                L\u2019actualit\u00e9 par la r\u00e9daction de RTL dans votre bo\u00eete mail.\n            <\/p>\n<p class=\"s-newsletter__subtitle\">\n                Gr\u00e2ce \u00e0 votre compte RTL abonnez-vous \u00e0 la newsletter RTL info pour suivre toute l&rsquo;actualit\u00e9 au quotidien\n            <\/p>\n<p>\n                                    Lire la suite\n                                <\/p>\n","protected":false},"excerpt":{"rendered":"Face \u00e0 la pol\u00e9mique autour\u00a0des notes de frais d&rsquo;Anne Hidalgo et du maire du XVIIIe arrondissement, la mairie&hellip;\n","protected":false},"author":2,"featured_media":434669,"comment_status":"","ping_status":"","sticky":false,"template":"","format":"standard","meta":{"footnotes":""},"categories":[1888],"tags":[1111,1928,11,1927,2618,1777,674,107,1011,27,2381,12,1926,626,1925,417,362,361,360,25],"class_list":{"0":"post-434668","1":"post","2":"type-post","3":"status-publish","4":"format-standard","5":"has-post-thumbnail","7":"category-paris","8":"tag-actu","9":"tag-actu-paris","10":"tag-actualites","11":"tag-actualites-paris","12":"tag-anne-hidalgo","13":"tag-eu","14":"tag-europe","15":"tag-fil-info","16":"tag-fr","17":"tag-france","18":"tag-mairie-de-paris","19":"tag-news","20":"tag-news-paris","21":"tag-paris","22":"tag-paris-news","23":"tag-rachida-dati","24":"tag-replay","25":"tag-replay-a-la-une","26":"tag-replay-integral","27":"tag-republique-francaise"},"share_on_mastodon":{"url":"https:\/\/pubeurope.com\/@fr\/115306833329207392","error":""},"_links":{"self":[{"href":"https:\/\/www.europesays.com\/fr\/wp-json\/wp\/v2\/posts\/434668","targetHints":{"allow":["GET"]}}],"collection":[{"href":"https:\/\/www.europesays.com\/fr\/wp-json\/wp\/v2\/posts"}],"about":[{"href":"https:\/\/www.europesays.com\/fr\/wp-json\/wp\/v2\/types\/post"}],"author":[{"embeddable":true,"href":"https:\/\/www.europesays.com\/fr\/wp-json\/wp\/v2\/users\/2"}],"replies":[{"embeddable":true,"href":"https:\/\/www.europesays.com\/fr\/wp-json\/wp\/v2\/comments?post=434668"}],"version-history":[{"count":0,"href":"https:\/\/www.europesays.com\/fr\/wp-json\/wp\/v2\/posts\/434668\/revisions"}],"wp:featuredmedia":[{"embeddable":true,"href":"https:\/\/www.europesays.com\/fr\/wp-json\/wp\/v2\/media\/434669"}],"wp:attachment":[{"href":"https:\/\/www.europesays.com\/fr\/wp-json\/wp\/v2\/media?parent=434668"}],"wp:term":[{"taxonomy":"category","embeddable":true,"href":"https:\/\/www.europesays.com\/fr\/wp-json\/wp\/v2\/categories?post=434668"},{"taxonomy":"post_tag","embeddable":true,"href":"https:\/\/www.europesays.com\/fr\/wp-json\/wp\/v2\/tags?post=434668"}],"curies":[{"name":"wp","href":"https:\/\/api.w.org\/{rel}","templated":true}]}}