{"id":434670,"date":"2025-10-02T22:03:17","date_gmt":"2025-10-02T22:03:17","guid":{"rendered":"https:\/\/www.europesays.com\/fr\/434670\/"},"modified":"2025-10-02T22:03:17","modified_gmt":"2025-10-02T22:03:17","slug":"publiees-par-anne-hidalgo-que-revelent-les-notes-de-frais-des-maires-darrondissement-de-paris","status":"publish","type":"post","link":"https:\/\/www.europesays.com\/fr\/434670\/","title":{"rendered":"Publi\u00e9es par Anne Hidalgo, que r\u00e9v\u00e8lent les notes de frais des maires d\u2019arrondissement de Paris"},"content":{"rendered":"<p class=\"mb-4 text-lg md:leading-8 break-words\">PARIS &#8211; \u00c7a balance pas mal \u00e0 Paris. Elle-m\u00eame cibl\u00e9e pour d\u2019importantes d\u00e9penses en note de frais, la <a data-i13n=\"cpos:1;pos:1\" href=\"https:\/\/fr.news.yahoo.com\/anne-hidalgo-critiqu%C3%A9e-droite-parisienne-140849389.html\" data-ylk=\"slk:maire de Paris Anne Hidalgo;cpos:1;pos:1;elm:context_link;itc:0;sec:content-canvas;outcm:mb_qualified_link;_E:mb_qualified_link;ct:story;\" class=\"link  yahoo-link\" target=\"_blank\" rel=\"noopener\">maire de Paris Anne Hidalgo<\/a> a ripost\u00e9 \u00e0 sa mani\u00e8re ce jeudi 2 octobre. Sa m\u00e9thode ? Rendre accessible, \u00ab dans un souci constant de transparence et de responsabilit\u00e9 \u00bb, les \u00ab frais engag\u00e9s par les maires d\u2019arrondissement \u00bb de la capitale. De quoi tendre les \u00e9lus de la Ville de <a data-i13n=\"cpos:2;pos:1\" href=\"https:\/\/fr.style.yahoo.com\/l-enseigne-chinoise-shein-va-155913388.html\" data-ylk=\"slk:Paris;cpos:2;pos:1;elm:context_link;itc:0;sec:content-canvas;outcm:mb_qualified_link;_E:mb_qualified_link;ct:story;\" class=\"link  yahoo-link\" target=\"_blank\" rel=\"noopener\">Paris<\/a> \u00e0 l\u2019approche du <a data-i13n=\"cpos:3;pos:1\" href=\"https:\/\/fr.news.yahoo.com\/municipales-2026-candidats-pr%C3%AAts-%C3%A0-102543016.html\" data-ylk=\"slk:scrutin municipal de 2026;cpos:3;pos:1;elm:context_link;itc:0;sec:content-canvas;outcm:mb_qualified_link;_E:mb_qualified_link;ct:story;\" class=\"link  yahoo-link\" target=\"_blank\" rel=\"noopener\">scrutin municipal de 2026<\/a>.<\/p>\n<p class=\"mb-4 text-lg md:leading-8 break-words\">Ces r\u00e9v\u00e9lations permises par la maire parisienne interviennent dans un contexte de d\u00e9fiance autour de ses propres frais de repr\u00e9sentation, <a data-i13n=\"cpos:4;pos:1\" href=\"https:\/\/www.mediapart.fr\/journal\/france\/160925\/notes-de-frais-anne-hidalgo-toujours-fachee-avec-la-transparence\" rel=\"nofollow noopener\" target=\"_blank\" data-ylk=\"slk:r\u00e9cemment \u00e9pluch\u00e9s par Mediapart;cpos:4;pos:1;elm:context_link;itc:0;sec:content-canvas\" class=\"link \">r\u00e9cemment \u00e9pluch\u00e9s par Mediapart<\/a>. \u00ab Cher et ch\u00e8re coll\u00e8gue, afin de r\u00e9pondre aux sollicitations des m\u00e9dias, la maire de Paris a souhait\u00e9, dans un souci de transparence, permettre l\u2019acc\u00e8s des journalistes aux frais engag\u00e9s par les maires d\u2019arrondissement (\u2026). Je souhaitais vous en informer \u00bb, pouvait-on ainsi lire dans un mail envoy\u00e9 par la Ville de Paris que rapporte <a data-i13n=\"cpos:5;pos:1\" href=\"https:\/\/www.leparisien.fr\/paris-75\/des-represailles-mesquines-anne-hidalgo-irrite-les-maires-darrondissement-en-devoilant-leurs-frais-02-10-2025-E2YCXE5J4RCKXCQ5DG52YUPTFQ.php\" rel=\"nofollow noopener\" target=\"_blank\" data-ylk=\"slk:Le Parisien;cpos:5;pos:1;elm:context_link;itc:0;sec:content-canvas\" class=\"link \">Le Parisien<\/a> ce jeudi.<\/p>\n<p class=\"mb-4 text-lg md:leading-8 break-words\"><a data-i13n=\"cpos:6;pos:1\" href=\"https:\/\/fr.news.yahoo.com\/parquet-national-financier-confirme-pencher-111515912.html\" data-ylk=\"slk:Le Parquet national financier confirme se pencher sur les notes de frais d\u2019Anne Hidalgo;cpos:6;pos:1;elm:context_link;itc:0;sec:content-canvas;outcm:mb_qualified_link;_E:mb_qualified_link;ct:story;\" class=\"link  yahoo-link\" target=\"_blank\" rel=\"noopener\">Le Parquet national financier confirme se pencher sur les notes de frais d\u2019Anne Hidalgo <\/a><\/p>\n<p class=\"mb-4 text-lg md:leading-8 break-words\">Apr\u00e8s Anne Hidalgo, c\u2019est \u00c9ric Lejoindre, fid\u00e8le de l\u2019\u00e9dile et lui-m\u00eame maire PS du XVIIIe arrondissement de la capitale qui avait vu ses justificatifs de frais scrut\u00e9s \u00e0 la loupe apr\u00e8s leur publication. Pour contre-attaquer, Anne Hidalgo a donc tout d\u00e9ball\u00e9. Et le journal <a data-i13n=\"cpos:7;pos:1\" href=\"https:\/\/www.liberation.fr\/politique\/vetements-de-marque-grandes-tables-bols-a-prenom-revelations-sur-les-notes-de-frais-des-maires-parisiens-20251002_2UH66AFIX5C4XDHQTNZFG3C7IQ\/?redirected=1\" rel=\"nofollow noopener\" target=\"_blank\" data-ylk=\"slk:Lib\u00e9ration;cpos:7;pos:1;elm:context_link;itc:0;sec:content-canvas\" class=\"link \">Lib\u00e9ration<\/a> s\u2019est donc empress\u00e9 d\u2019\u00e9plucher toutes ces d\u00e9penses de repr\u00e9sentation des maires d\u2019arrondissement.<\/p>\n<p>Dati, la plus \u00e9conome des maires<\/p>\n<p class=\"mb-4 text-lg md:leading-8 break-words\">Dans le d\u00e9tail, ces justifications et factures correspondent aux documents remis chaque ann\u00e9e par les maires \u00e0 l\u2019administration municipale. Et concernent la p\u00e9riode s\u2019\u00e9talant du 11 juillet 2020 jusqu\u2019\u00e0 la fin de l\u2019ann\u00e9e 2024. Et si la maire de Paris \u00e9tait attaqu\u00e9e, notamment pour l\u2019achat de robe, elle ne devrait plus \u00eatre la seule. Ainsi, Lib\u00e9ration cite parmi les justificatifs apport\u00e9s par les \u00e9lus : \u00ab Repas dans les grandes tables parisiennes, ap\u00e9ritifs au champagne, d\u00e9penses en chocolats, mais aussi caisses de champagne, menus enfant, bougies antiodeurs de tabac et livres \u00bb. Sans oublier des \u00ab sommes folles \u00bb dans l\u2019achat de v\u00eatements durant ces quatre ann\u00e9es.<\/p>\n<p class=\"mb-4 text-lg md:leading-8 break-words\">Des frais autoris\u00e9s, notamment ceux li\u00e9s \u00e0 l\u2019apparence (habits, coiffure, pressing, soins de beaut\u00e9) ou \u00e0 la repr\u00e9sentation (repas, d\u00eeners, r\u00e9ceptions et restaurants), sans oublier les \u00ab cadeaux protocolaires \u00bb comme l\u2019explique Lib\u00e9. Pour autant, ces frais sont limit\u00e9s \u00e0 une enveloppe annuelle de 19 720 euros pour la maire de Paris et \u00e0 11 092 euros pour les maires d\u2019arrondissement. Et avec comme conditions que les frais engag\u00e9s soient \u00ab en relation directe avec l\u2019exercice du mandat \u00bb et que les d\u00e9penses pay\u00e9es aient \u00ab un caract\u00e8re raisonnable \u00bb. Ce qui n\u2019est visiblement pas toujours le cas.<\/p>\n<p class=\"mb-4 text-lg md:leading-8 break-words\">\u00c0 ce titre, le journal cite les 35 779,65 euros de frais de v\u00eatements en quatre ans et demi de la maire LR du VIIIe arrondissement, Jeanne d\u2019Hauteserre. Ou les vingt rendez-vous chez le coiffeur de Florence Berthout, maire Horizons du Ve arrondissement. La maire du VIIIe r\u00e9pond que \u00ab ces frais font partie de la repr\u00e9sentation qui est la n\u00f4tre \u00bb, mais juge d\u00e9sormais n\u00e9cessaire de les supprimer. \u00ab Dans le priv\u00e9, on s\u2019habille avec son propre argent. \u00bb<\/p>\n<p class=\"mb-4 text-lg md:leading-8 break-words\">Autre exemple plus surprenant, les notes de <a data-i13n=\"cpos:8;pos:1\" href=\"https:\/\/fr.news.yahoo.com\/%C3%A0-paris-harry-styles-s-142121796.html\" data-ylk=\"slk:Rachida Dati;cpos:8;pos:1;elm:context_link;itc:0;sec:content-canvas;outcm:mb_qualified_link;_E:mb_qualified_link;ct:story;\" class=\"link  yahoo-link\" target=\"_blank\" rel=\"noopener\">Rachida Dati<\/a> (maire LR du VIIe), qualifi\u00e9e d\u2019\u00e9dile la plus \u00e9conome. Lib\u00e9ration rel\u00e8ve \u00e0 ce titre seulement deux repas au deuxi\u00e8me semestre 2020 et un dernier en octobre 2021. Ses seules d\u00e9penses au frais du contribuable de la capitale.<\/p>\n<p>Instauration d\u2019un \u00ab climat malsain \u00bb<\/p>\n<p class=\"mb-4 text-lg md:leading-8 break-words\">La liste est encore tr\u00e8s longue : on y apprend par exemple que le maire du XV, Philippe Goujon d\u00e9pense en moyenne \u00ab 150 euros par bouche \u00bb au restaurant. Qu\u2019Emmanuelle Pierre-Marie, maire \u00e9colo du XIIe arrondissement a demand\u00e9 des remboursements pour une bouteille isotherme et \u00ab quatre bols \u00e0 pr\u00e9nom \u00bb \u00e0 Cherbourg. Ce qui est certes bien moins on\u00e9reux que les 745 euros en chaussures f\u00e9minines que le maire LR du VIe, Jean-Pierre Lecoq, demande \u00e0 se faire rembourser durant ses vacances en juin 2023. Ou les 65 euros de lampes antiodeurs de tabac achet\u00e9es par la femme de Francis Szpiner, \u00e9dile LR du XVIe, assez difficiles \u00e0 justifier en frais de repr\u00e9sentation.<\/p>\n<p class=\"mb-4 text-lg md:leading-8 break-words\">Les r\u00e9v\u00e9lations sont particuli\u00e8rement nombreuses et agitent d\u00e9j\u00e0 la municipalit\u00e9 parisienne. Aupr\u00e8s du Parisien, certains s\u2019inqui\u00e8tent d\u00e9j\u00e0 des retomb\u00e9s apr\u00e8s cette petite bombe l\u00e2ch\u00e9e par Anne Hidalgo, qui avait \u00e9t\u00e9 particuli\u00e8rement critiqu\u00e9e par l\u2019opposition pour ses propres frais.<\/p>\n<p class=\"mb-4 text-lg md:leading-8 break-words\">\u00ab Quand on va regarder les frais des autres, ceux de droite qui nous critiquent, on aura les m\u00eames remarques que pour \u00c9ric Lejoindre \u00bb, estime un maire proche d\u2019Anne Hidalgo. Mais globalement, tous regrettent l\u2019instauration d\u2019\u00ab un climat malsain \u00e0 quelques mois des municipales, que cela g\u00e9n\u00e8re une ambiance \u00e9pouvantable \u00bb. \u00ab Un d\u00e9ballage qui nuira \u00e0 tous \u00bb, l\u00e2che \u00e9galement une maire d\u2019opposition cit\u00e9e par nos confr\u00e8res. Difficile de lui donner tort.<\/p>\n<p class=\"mb-4 text-lg md:leading-8 break-words\"><a data-i13n=\"cpos:9;pos:1\" href=\"https:\/\/fr.news.yahoo.com\/logements-sociaux-%C3%A0-prix-d-063118556.html\" data-ylk=\"slk:Des logements sociaux \u00e0 prix d\u2019or tout pr\u00e8s des Champs-\u00c9lys\u00e9es ? La mairie de Paris r\u00e9plique;cpos:9;pos:1;elm:context_link;itc:0;sec:content-canvas;outcm:mb_qualified_link;_E:mb_qualified_link;ct:story;\" class=\"link  yahoo-link\" target=\"_blank\" rel=\"noopener\">Des logements sociaux \u00e0 prix d\u2019or tout pr\u00e8s des Champs-\u00c9lys\u00e9es ? La mairie de Paris r\u00e9plique <\/a><\/p>\n<p class=\"mb-4 text-lg md:leading-8 break-words\"><a data-i13n=\"cpos:10;pos:1\" href=\"https:\/\/fr.news.yahoo.com\/anne-hidalgo-an-apr%C3%A8s-voyage-175015518.html\" data-ylk=\"slk:Anne Hidalgo : un an apr\u00e8s son voyage \u00e0 Tahiti, la mairie de Paris s\u2019explique sur ses factures t\u00e9l\u00e9phoniques;cpos:10;pos:1;elm:context_link;itc:0;sec:content-canvas;outcm:mb_qualified_link;_E:mb_qualified_link;ct:story;\" class=\"link  yahoo-link\" target=\"_blank\" rel=\"noopener\">Anne Hidalgo : un an apr\u00e8s son voyage \u00e0 Tahiti, la mairie de Paris s\u2019explique sur ses factures t\u00e9l\u00e9phoniques <\/a><\/p>\n","protected":false},"excerpt":{"rendered":"PARIS &#8211; \u00c7a balance pas mal \u00e0 Paris. Elle-m\u00eame cibl\u00e9e pour d\u2019importantes d\u00e9penses en note de frais, la&hellip;\n","protected":false},"author":2,"featured_media":434671,"comment_status":"","ping_status":"","sticky":false,"template":"","format":"standard","meta":{"footnotes":""},"categories":[1888],"tags":[1111,1928,11,1927,2618,1777,674,1011,53449,27,12258,6793,12,1926,626,1925,25],"class_list":{"0":"post-434670","1":"post","2":"type-post","3":"status-publish","4":"format-standard","5":"has-post-thumbnail","7":"category-paris","8":"tag-actu","9":"tag-actu-paris","10":"tag-actualites","11":"tag-actualites-paris","12":"tag-anne-hidalgo","13":"tag-eu","14":"tag-europe","15":"tag-fr","16":"tag-frais-de-representation","17":"tag-france","18":"tag-maire-de-paris","19":"tag-maires","20":"tag-news","21":"tag-news-paris","22":"tag-paris","23":"tag-paris-news","24":"tag-republique-francaise"},"share_on_mastodon":{"url":"https:\/\/pubeurope.com\/@fr\/115306837081613203","error":""},"_links":{"self":[{"href":"https:\/\/www.europesays.com\/fr\/wp-json\/wp\/v2\/posts\/434670","targetHints":{"allow":["GET"]}}],"collection":[{"href":"https:\/\/www.europesays.com\/fr\/wp-json\/wp\/v2\/posts"}],"about":[{"href":"https:\/\/www.europesays.com\/fr\/wp-json\/wp\/v2\/types\/post"}],"author":[{"embeddable":true,"href":"https:\/\/www.europesays.com\/fr\/wp-json\/wp\/v2\/users\/2"}],"replies":[{"embeddable":true,"href":"https:\/\/www.europesays.com\/fr\/wp-json\/wp\/v2\/comments?post=434670"}],"version-history":[{"count":0,"href":"https:\/\/www.europesays.com\/fr\/wp-json\/wp\/v2\/posts\/434670\/revisions"}],"wp:featuredmedia":[{"embeddable":true,"href":"https:\/\/www.europesays.com\/fr\/wp-json\/wp\/v2\/media\/434671"}],"wp:attachment":[{"href":"https:\/\/www.europesays.com\/fr\/wp-json\/wp\/v2\/media?parent=434670"}],"wp:term":[{"taxonomy":"category","embeddable":true,"href":"https:\/\/www.europesays.com\/fr\/wp-json\/wp\/v2\/categories?post=434670"},{"taxonomy":"post_tag","embeddable":true,"href":"https:\/\/www.europesays.com\/fr\/wp-json\/wp\/v2\/tags?post=434670"}],"curies":[{"name":"wp","href":"https:\/\/api.w.org\/{rel}","templated":true}]}}