{"id":434672,"date":"2025-10-02T22:04:13","date_gmt":"2025-10-02T22:04:13","guid":{"rendered":"https:\/\/www.europesays.com\/fr\/434672\/"},"modified":"2025-10-02T22:04:13","modified_gmt":"2025-10-02T22:04:13","slug":"a-la-courneuve-lusine-orangina-qui-emploie-105-personnes-va-fermer-ses-portes","status":"publish","type":"post","link":"https:\/\/www.europesays.com\/fr\/434672\/","title":{"rendered":"\u00e0 La Courneuve, l&rsquo;usine Orangina qui emploie 105 personnes va fermer ses portes"},"content":{"rendered":"<p>            Par<br \/>\n        <strong><br \/>\n            <a href=\"https:\/\/actu.fr\/auteur\/ines-cussac-actu-fr\" title=\"Consulter tous les articles de In\u00e8s Cussac\" target=\"_blank\" rel=\"noopener\">In\u00e8s Cussac<\/a><br \/>\n        <\/strong><\/p>\n<p>        Publi\u00e9 le<\/p>\n<p>            2 oct. 2025 \u00e0 18h16        <\/p>\n<p>Coup de semonce \u00e0 La Courneuve. Ce jeudi 2 octobre 2025, la filiale fran\u00e7aise du groupe japonais Suntory Beverage &amp; Food, connu pour ses marques Orangina, Schweppes ou Oasis, a annonc\u00e9 <strong>la fermeture de son usine de La Courneuve<\/strong> (<a href=\"https:\/\/actu.fr\/ile-de-france\/seine-saint-denis_93\" target=\"_blank\" rel=\"noopener\">Seine-Saint-Denis<\/a>). D\u2019ici un an, la production de ce site o\u00f9 travaillent une centaine de personnes, sera transf\u00e9r\u00e9e vers l\u2019usine de Donnery (Loiret). \u00ab\u00a0Contraint par son implantation en centre-ville limitant ses activit\u00e9s op\u00e9rationnelles\u00a0\u00bb, le groupe a d\u00e9cid\u00e9 de r\u00e9organiser son implantation industrielle.<\/p>\n<p>Cinquante postes en suspend<\/p>\n<p class=\" wall-content\">\u00ab\u00a0Une telle d\u00e9cision, qui impacte directement la vie des 105 salari\u00e9s et de leurs familles, ne peut se prendre <strong>en catimini et sans dialogue social<\/strong>\u00ab\u00a0, a r\u00e9agit le pr\u00e9sident du D\u00e9partement de la Seine-Saint-Denis, St\u00e9phane Troussel, dans un communiqu\u00e9. Il d\u00e9nonce \u00ab\u00a0une d\u00e9cision brutale, sans concertation ni avec les 105 salari\u00e9s du site, ni avec les \u00e9lus locaux\u00a0\u00bb.<\/p>\n<p class=\" wall-content\">\u00ab\u00a0Ce projet vise \u00e0 restaurer la comp\u00e9titivit\u00e9 de l\u2019entreprise dans un environnement marqu\u00e9 par un recul des ventes depuis 2022, li\u00e9 \u00e0 l\u2019augmentation in\u00e9dite des co\u00fbts de production et \u00e0 une inflation impactant le pouvoir d\u2019achat des Fran\u00e7ais, accentu\u00e9e par la hausse r\u00e9cente de la taxe des boissons sucr\u00e9es\u00a0\u00bb, a expliqu\u00e9 l\u2019entreprise dans un communiqu\u00e9. Ce red\u00e9ploiement \u00ab\u00a0pourrait entra\u00eener <strong>la suppression de 50 postes<\/strong>\u00ab\u00a0, a par ailleurs fait savoir Suntory Beverage &amp; Food. De son c\u00f4t\u00e9, St\u00e9phane Troussel a demand\u00e9 un rendez-vous avec les dirigeants du groupe \u00ab\u00a0afin de pouvoir envisager toutes les alternatives pour le maintien du site et des emplois \u00e0 La Courneuve\u00a0\u00bb.<\/p>\n<p class=\" wall-content\">Depuis trois ans, les chiffres de l\u2019entreprise ont baiss\u00e9 de 10 %, rappelle <a href=\"https:\/\/www.lefigaro.fr\/societes\/le-proprietaire-d-orangina-schweppes-et-oasis-ferme-son-usine-de-la-courneuve-20251002\" target=\"_blank\" rel=\"noopener\">Le Figaro<\/a>. Ce qui \u00e9quivaut \u00e0 la production annuelle de La Courneuve.<\/p>\n<p class=\" wall-content\">Personnalisez votre actualit\u00e9 en ajoutant vos villes et m\u00e9dias en favori avec <a href=\"https:\/\/moncompte.actu.fr\" title=\"D\u00e9couvez Mon Actu\" rel=\"nofollow noopener\" data-trk=\"{&quot;cta&quot;:{&quot;action&quot;:&quot;https:\\\/\\\/moncompte.actu.fr&quot;,&quot;category&quot;:&quot;mon compte&quot;,&quot;from&quot;:&quot;article footer&quot;,&quot;name&quot;:&quot;Mon actu&quot;,&quot;type&quot;:&quot;cta&quot;}}\" target=\"_blank\">Mon Actu<\/a>.<\/p>\n","protected":false},"excerpt":{"rendered":"Par In\u00e8s Cussac Publi\u00e9 le 2 oct. 2025 \u00e0 18h16 Coup de semonce \u00e0 La Courneuve. Ce jeudi&hellip;\n","protected":false},"author":2,"featured_media":434673,"comment_status":"","ping_status":"","sticky":false,"template":"","format":"standard","meta":{"footnotes":""},"categories":[1888],"tags":[11,33,341,1777,674,1011,27,12,626,25],"class_list":{"0":"post-434672","1":"post","2":"type-post","3":"status-publish","4":"format-standard","5":"has-post-thumbnail","7":"category-paris","8":"tag-actualites","9":"tag-economie","10":"tag-emploi","11":"tag-eu","12":"tag-europe","13":"tag-fr","14":"tag-france","15":"tag-news","16":"tag-paris","17":"tag-republique-francaise"},"share_on_mastodon":{"url":"https:\/\/pubeurope.com\/@fr\/115306841176334850","error":""},"_links":{"self":[{"href":"https:\/\/www.europesays.com\/fr\/wp-json\/wp\/v2\/posts\/434672","targetHints":{"allow":["GET"]}}],"collection":[{"href":"https:\/\/www.europesays.com\/fr\/wp-json\/wp\/v2\/posts"}],"about":[{"href":"https:\/\/www.europesays.com\/fr\/wp-json\/wp\/v2\/types\/post"}],"author":[{"embeddable":true,"href":"https:\/\/www.europesays.com\/fr\/wp-json\/wp\/v2\/users\/2"}],"replies":[{"embeddable":true,"href":"https:\/\/www.europesays.com\/fr\/wp-json\/wp\/v2\/comments?post=434672"}],"version-history":[{"count":0,"href":"https:\/\/www.europesays.com\/fr\/wp-json\/wp\/v2\/posts\/434672\/revisions"}],"wp:featuredmedia":[{"embeddable":true,"href":"https:\/\/www.europesays.com\/fr\/wp-json\/wp\/v2\/media\/434673"}],"wp:attachment":[{"href":"https:\/\/www.europesays.com\/fr\/wp-json\/wp\/v2\/media?parent=434672"}],"wp:term":[{"taxonomy":"category","embeddable":true,"href":"https:\/\/www.europesays.com\/fr\/wp-json\/wp\/v2\/categories?post=434672"},{"taxonomy":"post_tag","embeddable":true,"href":"https:\/\/www.europesays.com\/fr\/wp-json\/wp\/v2\/tags?post=434672"}],"curies":[{"name":"wp","href":"https:\/\/api.w.org\/{rel}","templated":true}]}}