{"id":434676,"date":"2025-10-02T22:06:17","date_gmt":"2025-10-02T22:06:17","guid":{"rendered":"https:\/\/www.europesays.com\/fr\/434676\/"},"modified":"2025-10-02T22:06:17","modified_gmt":"2025-10-02T22:06:17","slug":"la-russie-repondra-si-leurope-la-provoque-dit-poutine-02-10-2025-a-2251","status":"publish","type":"post","link":"https:\/\/www.europesays.com\/fr\/434676\/","title":{"rendered":"La Russie r\u00e9pondra si l&rsquo;Europe la provoque, dit Poutine &#8211; 02\/10\/2025 \u00e0 22:51"},"content":{"rendered":"<p>\n (Actualis\u00e9 avec pr\u00e9cisions)\n<\/p>\n<p>\n Le pr\u00e9sident russe<br \/>\nVladimir Poutine a d\u00e9clar\u00e9 jeudi que la Russie r\u00e9agirait<br \/>\nrapidement si l&rsquo;Europe la provoquait, pr\u00e9cisant toutefois qu&rsquo;il<br \/>\nn&rsquo;avait aucune intention d&rsquo;attaquer l&rsquo;Otan.\n<\/p>\n<p>\n Vladimir Poutine a \u00e9galement estim\u00e9 que si les Etats-Unis<br \/>\nfournissaient des missiles Tomahawks \u00e0 l&rsquo;Ukraine, cela ouvrirait<br \/>\nla voie \u00e0 une nouvelle, et dangereuse, escalade.\n<\/p>\n<p>\n \u00ab\u00a0Il est impossible d&rsquo;utiliser des Tomahawks sans que du<br \/>\npersonnel militaire am\u00e9ricain ne participe directement\u00a0\u00bb, a dit<br \/>\nle chef du Kremlin. \u00ab\u00a0Cela signifiera une nouvelle escalade,<br \/>\nenti\u00e8rement nouvelle, notamment dans les relations entre la<br \/>\nRussie et les Etats-Unis.\u00a0\u00bb\n<\/p>\n<p>\n Washington n&rsquo;a pour l&rsquo;instant pas annonc\u00e9 de d\u00e9cision<br \/>\nconcernant la fourniture de Tomahawks \u00e0 Kyiv.\n<\/p>\n<p>\n Le chef du Kremlin a \u00e9galement ironis\u00e9 sur les<br \/>\nd\u00e9clarations faites par les europ\u00e9ens sur des incursions de<br \/>\ndrones russes dans l&rsquo;espace a\u00e9rien de l&rsquo;Otan, lan\u00e7ant<br \/>\nmalicieusement qu&rsquo;il ne le ferait plus au Danemark.\n<\/p>\n<p>\n \u00ab\u00a0CALMEZ-VOUS, DORMEZ TRANQUILLES\u00a0\u00bb\n<\/p>\n<p>\n Vladimir Poutine a rejet\u00e9 l&rsquo;id\u00e9e que la Russie<br \/>\nattaquerait un jour l&rsquo;un des pays membres de l&rsquo;Otan, d\u00e9clarant<br \/>\nque cela \u00e9tait \u00ab\u00a0impossible \u00e0 croire\u00a0\u00bb.\n<\/p>\n<p>\n \u00ab\u00a0Sinc\u00e8rement, je veux simplement dire: Calmez-vous,<br \/>\ndormez tranquilles et prenez soin de vos propres probl\u00e8mes.<br \/>\nRegardez ce qu&rsquo;il se passe dans les rues des villes<br \/>\neurop\u00e9ennes\u00a0\u00bb, a-t-il dit.\n<\/p>\n<p>\n \u00ab\u00a0Si quiconque souhaite nous affronter en mati\u00e8re militaire,<br \/>\nalors, comme on dit, qu&rsquo;il le fasse, qu&rsquo;il essaie\u00a0\u00bb, a dit<br \/>\nVladimir Poutine lors du forum du club Valda\u00ef \u00e0 Sotchi. \u00ab\u00a0Les<br \/>\ncontre-mesures de la Russie ne se feront pas attendre.\u00a0\u00bb\n<\/p>\n<p>\n Il a indiqu\u00e9 que la Russie avait montr\u00e9 au fil des si\u00e8cle<br \/>\nqu&rsquo;elle r\u00e9pondrait rapidement en cas de provocation.\n<\/p>\n<p>\n \u00ab\u00a0Les \u00e9lites de l&rsquo;Europe unifi\u00e9e continuent d&rsquo;alimenter<br \/>\nl&rsquo;hyst\u00e9rie\u00a0\u00bb, a-t-il estim\u00e9. \u00ab\u00a0Il semble que la guerre avec les<br \/>\nRusses soit proche. Ils continuent de r\u00e9p\u00e9ter ces inepties, ce<br \/>\nmantra, encore et encore.\u00a0\u00bb\n<\/p>\n<p>\n (Vladimir Soldatkin et la r\u00e9daction de Reuters \u00e0 Moscou, r\u00e9dig\u00e9<br \/>\npar Lucy Papachristou; version fran\u00e7aise Camille Raynaud)<\/p>\n","protected":false},"excerpt":{"rendered":"(Actualis\u00e9 avec pr\u00e9cisions) Le pr\u00e9sident russe Vladimir Poutine a d\u00e9clar\u00e9 jeudi que la Russie r\u00e9agirait rapidement si l&rsquo;Europe&hellip;\n","protected":false},"author":2,"featured_media":2486,"comment_status":"","ping_status":"","sticky":false,"template":"","format":"standard","meta":{"footnotes":""},"categories":[1591],"tags":[400,11,398,408,405,1887,403,402,399,404,12,1885,1886,132,401,406,407],"class_list":{"0":"post-434676","1":"post","2":"type-post","3":"status-publish","4":"format-standard","5":"has-post-thumbnail","7":"category-russie","8":"tag-action-cac-40","9":"tag-actualites","10":"tag-bourse-de-paris","11":"tag-boursorama","12":"tag-cotations","13":"tag-federation-de-russie","14":"tag-indices-devises","15":"tag-investir","16":"tag-investissement","17":"tag-marche-boursier","18":"tag-news","19":"tag-russia","20":"tag-russian-federation","21":"tag-russie","22":"tag-sicav","23":"tag-trackers","24":"tag-warrants"},"share_on_mastodon":{"url":"https:\/\/pubeurope.com\/@fr\/115306848856617484","error":""},"_links":{"self":[{"href":"https:\/\/www.europesays.com\/fr\/wp-json\/wp\/v2\/posts\/434676","targetHints":{"allow":["GET"]}}],"collection":[{"href":"https:\/\/www.europesays.com\/fr\/wp-json\/wp\/v2\/posts"}],"about":[{"href":"https:\/\/www.europesays.com\/fr\/wp-json\/wp\/v2\/types\/post"}],"author":[{"embeddable":true,"href":"https:\/\/www.europesays.com\/fr\/wp-json\/wp\/v2\/users\/2"}],"replies":[{"embeddable":true,"href":"https:\/\/www.europesays.com\/fr\/wp-json\/wp\/v2\/comments?post=434676"}],"version-history":[{"count":0,"href":"https:\/\/www.europesays.com\/fr\/wp-json\/wp\/v2\/posts\/434676\/revisions"}],"wp:featuredmedia":[{"embeddable":true,"href":"https:\/\/www.europesays.com\/fr\/wp-json\/wp\/v2\/media\/2486"}],"wp:attachment":[{"href":"https:\/\/www.europesays.com\/fr\/wp-json\/wp\/v2\/media?parent=434676"}],"wp:term":[{"taxonomy":"category","embeddable":true,"href":"https:\/\/www.europesays.com\/fr\/wp-json\/wp\/v2\/categories?post=434676"},{"taxonomy":"post_tag","embeddable":true,"href":"https:\/\/www.europesays.com\/fr\/wp-json\/wp\/v2\/tags?post=434676"}],"curies":[{"name":"wp","href":"https:\/\/api.w.org\/{rel}","templated":true}]}}