{"id":434677,"date":"2025-10-02T22:07:11","date_gmt":"2025-10-02T22:07:11","guid":{"rendered":"https:\/\/www.europesays.com\/fr\/434677\/"},"modified":"2025-10-02T22:07:11","modified_gmt":"2025-10-02T22:07:11","slug":"a-copenhague-lappel-des-dirigeants-europeens-a-une-reponse-ferme-face-a-la-menace-russe","status":"publish","type":"post","link":"https:\/\/www.europesays.com\/fr\/434677\/","title":{"rendered":"\u00c0 Copenhague, l&rsquo;appel des dirigeants europ\u00e9ens \u00e0 une r\u00e9ponse ferme face \u00e0 la menace russe"},"content":{"rendered":"<p>          <img decoding=\"async\" class=\"c-ad__placeholder__logo\" src=\"https:\/\/static.euronews.com\/website\/images\/logos\/logo-euronews-stacked-outlined-72x72-grey-9.svg\" width=\"72\" height=\"72\" alt=\"\" loading=\"lazy\"\/><br \/>\n          PUBLICIT\u00c9<\/p>\n<p>L&rsquo;Europe doit adopter une approche plus agressive \u00e0 l&rsquo;\u00e9gard de la Russie en abattant les drones qui p\u00e9n\u00e8trent dans l&rsquo;espace a\u00e9rien europ\u00e9en et en arraisonnant les navires de la flotte fant\u00f4me qui transportent illicitement du p\u00e9trole afin de priver Moscou de ses revenus de guerre, a d\u00e9clar\u00e9 le pr\u00e9sident fran\u00e7ais Emmanuel Macron.<\/p>\n<p>S&rsquo;exprimant lors d&rsquo;un sommet europ\u00e9en \u00e0 Copenhague, Emmanuel Macron et d&rsquo;autres dirigeants europ\u00e9ens ont appel\u00e9 \u00e0 davantage de sanctions contre la Russie, en ciblant notamment son secteur \u00e9nerg\u00e9tique, et ont soulign\u00e9 que l&rsquo;Ukraine se trouvait sur la ligne de front d&rsquo;une guerre hybride de plus en plus \u00e9tendue contre l&rsquo;Europe.<\/p>\n<p>La position de certains dirigeants europ\u00e9ens \u00e0 l&rsquo;\u00e9gard des incursions de drones, des actes de sabotage, des cyberattaques et des sanctions semble s&rsquo;\u00eatre durcie au cours des deux jours de discussions \u00e0 Copenhague, y compris lors d&rsquo;une s\u00e9ance \u00e0 huis clos sans t\u00e9l\u00e9phone ni conseillers.<\/p>\n<p>Le pr\u00e9sident fran\u00e7ais a exhort\u00e9 la quarantaine de dirigeants pr\u00e9sents au sommet de la Communaut\u00e9 politique europ\u00e9enne \u00e0 se contenter de prot\u00e9ger leurs int\u00e9r\u00eats sans faire part de leurs intentions au pr\u00e9sident russe Vladimir Poutine.<\/p>\n<p>\u00ab\u00a0Je pense que la principale r\u00e9ponse devrait \u00eatre plus d&rsquo;impr\u00e9visibilit\u00e9 et plus d&rsquo;ambigu\u00eft\u00e9 strat\u00e9gique\u00a0\u00bb, a-t-il d\u00e9clar\u00e9.<\/p>\n<p>\u00ab\u00a0Il est tr\u00e8s important d&rsquo;avoir un message clair : les drones qui violeraient nos territoires ne font que prendre un grand risque. Ils peuvent \u00eatre d\u00e9truits, point final\u00a0\u00bb, a-t-il d\u00e9clar\u00e9. \u00ab\u00a0Nous ne sommes pas l\u00e0 pour donner un avis complet. Nous ferons ce que nous avons \u00e0 faire\u00a0\u00bb.<\/p>\n<p>Emmanuel Macron a soulign\u00e9 que la d\u00e9cision des autorit\u00e9s fran\u00e7aises d&rsquo;arr\u00eater un p\u00e9trolier figurant sur la liste des sanctions de la flotte fant\u00f4me de l&rsquo;Union europ\u00e9enne et de d\u00e9tenir deux de ses membres d&rsquo;\u00e9quipage constituait un moyen d&rsquo;action efficace.<\/p>\n<p>Les experts navals pensent que le navire pourrait avoir \u00e9t\u00e9 utilis\u00e9 comme base de lancement pour des vols de drones au-dessus d&rsquo;installations militaires et d&rsquo;a\u00e9roports au Danemark.<\/p>\n<p>Le pr\u00e9sident fran\u00e7ais a d\u00e9clar\u00e9 que la Russie finan\u00e7ait \u00ab\u00a030 \u00e0 40 % de l&rsquo;effort de guerre\u00a0\u00bb par l&rsquo;interm\u00e9diaire de cette flotte fant\u00f4me de p\u00e9troliers vieillissants dont la propri\u00e9t\u00e9 est obscure.<\/p>\n<p>En saisissant les navires, pendant une semaine ou deux, \u00ab\u00a0nous cassons compl\u00e8tement l&rsquo;efficacit\u00e9 de l&rsquo;organisation\u00a0\u00bb, a d\u00e9clar\u00e9 Emmanuel Macron. La flotte fant\u00f4me est donc une tr\u00e8s bonne cible si l&rsquo;on veut am\u00e9liorer notre efficacit\u00e9 et r\u00e9duire ces capacit\u00e9s.<\/p>\n<p>Il a pr\u00e9cis\u00e9 que le m\u00eame navire avait \u00e9t\u00e9 contr\u00f4l\u00e9 par les autorit\u00e9s estoniennes en mars.<\/p>\n<p><strong>La Russie est une menace pour nous tous, d\u00e9clare Mette Frederiksen<\/strong><\/p>\n<p>La Premi\u00e8re ministre danoise, Mette Frederiksen, qui a accueilli le sommet quelques jours apr\u00e8s une s\u00e9rie d&rsquo;incidents impliquant des drones au-dessus d&rsquo;a\u00e9roports et de bases militaires du Danemark, a d\u00e9clar\u00e9 : \u00ab\u00a0Il doit \u00eatre clair pour tout le monde que la Russie ne s&rsquo;arr\u00eatera pas tant qu&rsquo;elle n&rsquo;y sera pas contrainte.\u00a0\u00bb<\/p>\n<p>La Russie, a-t-elle ajout\u00e9, est \u00ab\u00a0une menace non seulement pour l&rsquo;Ukraine, mais pour nous tous. Aujourd&rsquo;hui, une t\u00e2che majeure nous attend. Nous devons rendre notre Europe commune si forte que la guerre contre nous devienne impensable, et nous devons le faire maintenant.\u00a0\u00bb<\/p>\n<p>Mette Frederiksen a averti ses partenaires que l&rsquo;Europe \u00ab\u00a0ne peut plus \u00eatre na\u00efve. La guerre n&rsquo;a jamais concern\u00e9 que l&rsquo;Ukraine. Elle concerne l&rsquo;Europe. Toutes nos nations, tous nos citoyens, nos valeurs et notre libert\u00e9\u00a0\u00bb.<\/p>\n<p>\u00c0 l&rsquo;issue de la r\u00e9union, le chancelier allemand Friedrich Merz a d\u00e9clar\u00e9 que \u00ab\u00a0Poutine ne doit pas sous-estimer notre d\u00e9termination. Il y a vraiment une unit\u00e9 tr\u00e8s forte et une volont\u00e9 tr\u00e8s ferme de faire face ensemble \u00e0 cette agression et je vous en suis extr\u00eamement reconnaissant\u00a0\u00bb.<\/p>\n<p>Le Premier ministre polonais, Donald Tusk, a exhort\u00e9 les dirigeants \u00e0 abandonner toutes les \u00ab\u00a0illusions\u00a0\u00bb qu&rsquo;ils pourraient avoir sur les intentions de la Russie. Il a d\u00e9clar\u00e9 que la Pologne \u00e9tait constamment victime d&rsquo;intimidations de la part de Moscou, \u00e0 l&rsquo;image de l&rsquo;importante intrusion de drones le mois dernier.<\/p>\n<p>Cette incursion a incit\u00e9 Varsovie \u00e0 activer l&rsquo;article 4 du trait\u00e9 de l&rsquo;OTAN pour permettre des consultations avec les alli\u00e9s.<\/p>\n<p>Depuis, la Pologne s&rsquo;est engag\u00e9e \u00e0 abattre les drones russes qui p\u00e9n\u00e8trent dans son espace a\u00e9rien.<\/p>\n<p>\u00ab\u00a0La premi\u00e8re illusion \u00e9tait, et est toujours, qu&rsquo;il n&rsquo;y a pas de guerre\u00a0\u00bb, a d\u00e9clar\u00e9 Donald Tusk, en faisant r\u00e9f\u00e9rence \u00e0 ceux qui parlent de la guerre en Ukraine comme d&rsquo;une \u00ab\u00a0agression \u00e0 grande \u00e9chelle\u00a0\u00bb ou qui utilisent d&rsquo;autres euph\u00e9mismes.<\/p>\n<p>\u00ab\u00a0Non, c&rsquo;est une guerre. Un nouveau type de guerre. Tr\u00e8s complexe, mais c&rsquo;est la guerre.\u00a0\u00bb<\/p>\n<p>Une autre illusion, a d\u00e9clar\u00e9 Donald Tusk, est \u00ab\u00a0qu&rsquo;il est impossible pour l&rsquo;Ukraine et pour nous tous de gagner cette guerre. C&rsquo;est absurde. Le seul avantage russe, le seul, c&rsquo;est la mentalit\u00e9. Nous sommes bien plus grands qu&rsquo;eux\u00a0\u00bb, en termes de puissance \u00e9conomique et de population.<\/p>\n<p>Donald Tusk, dont le pays est limitrophe du B\u00e9larus et de l&rsquo;Ukraine, a ajout\u00e9 : \u00ab\u00a0Nous savons que s&rsquo;ils gagnent contre l&rsquo;Ukraine, c&rsquo;est aussi \u00e0 l&rsquo;avenir la fin de mon pays et de l&rsquo;Europe. Je n&rsquo;ai aucun doute \u00e0 ce sujet.\u00a0\u00bb<\/p>\n<p><strong>Pression \u00e9conomique<\/strong><\/p>\n<p>Le Premier ministre britannique Keir Starmer a d\u00e9clar\u00e9 qu&rsquo;il \u00e9tait important d&rsquo;accro\u00eetre la pression \u00e9conomique sur Vladimir Poutine.<\/p>\n<p>\u00ab\u00a0La pression \u00e9conomique a un effet et nous devons la poursuivre. Nous devons continuer \u00e0 faire pression par le biais de nouvelles sanctions, en nous attaquant notamment \u00e0 l&rsquo;\u00e9nergie et \u00e0 la flotte fant\u00f4me\u00a0\u00bb, a d\u00e9clar\u00e9 Keir Starmer avant de quitter le sommet plus t\u00f4t que pr\u00e9vu pour rentrer au Royaume-Uni apr\u00e8s l&rsquo;attentat terroriste qui a fait deux morts \u00e0 la sortie d&rsquo;une synagogue \u00e0 Manchester.<\/p>\n<p>Il est \u00e9galement essentiel de placer \u00ab\u00a0l&rsquo;Ukraine dans la position la plus forte possible, ce qui implique de renforcer les d\u00e9fenses a\u00e9riennes, les missiles \u00e0 longue port\u00e9e et les capacit\u00e9s antidrones\u00a0\u00bb qui doivent \u00eatre envoy\u00e9es dans le pays, a-t-il ajout\u00e9.<\/p>\n","protected":false},"excerpt":{"rendered":"PUBLICIT\u00c9 L&rsquo;Europe doit adopter une approche plus agressive \u00e0 l&rsquo;\u00e9gard de la Russie en abattant les drones qui&hellip;\n","protected":false},"author":2,"featured_media":434678,"comment_status":"","ping_status":"","sticky":false,"template":"","format":"standard","meta":{"footnotes":""},"categories":[1590],"tags":[11,145,2024,1777,674,131,2025,12,132,220,364],"class_list":{"0":"post-434677","1":"post","2":"type-post","3":"status-publish","4":"format-standard","5":"has-post-thumbnail","7":"category-ukraine","8":"tag-actualites","9":"tag-danemark","10":"tag-drones","11":"tag-eu","12":"tag-europe","13":"tag-guerre-en-ukraine","14":"tag-invasion-de-la-russie-en-ukraine","15":"tag-news","16":"tag-russie","17":"tag-ukraine","18":"tag-union-europeenne"},"share_on_mastodon":{"url":"https:\/\/pubeurope.com\/@fr\/115306853209968202","error":""},"_links":{"self":[{"href":"https:\/\/www.europesays.com\/fr\/wp-json\/wp\/v2\/posts\/434677","targetHints":{"allow":["GET"]}}],"collection":[{"href":"https:\/\/www.europesays.com\/fr\/wp-json\/wp\/v2\/posts"}],"about":[{"href":"https:\/\/www.europesays.com\/fr\/wp-json\/wp\/v2\/types\/post"}],"author":[{"embeddable":true,"href":"https:\/\/www.europesays.com\/fr\/wp-json\/wp\/v2\/users\/2"}],"replies":[{"embeddable":true,"href":"https:\/\/www.europesays.com\/fr\/wp-json\/wp\/v2\/comments?post=434677"}],"version-history":[{"count":0,"href":"https:\/\/www.europesays.com\/fr\/wp-json\/wp\/v2\/posts\/434677\/revisions"}],"wp:featuredmedia":[{"embeddable":true,"href":"https:\/\/www.europesays.com\/fr\/wp-json\/wp\/v2\/media\/434678"}],"wp:attachment":[{"href":"https:\/\/www.europesays.com\/fr\/wp-json\/wp\/v2\/media?parent=434677"}],"wp:term":[{"taxonomy":"category","embeddable":true,"href":"https:\/\/www.europesays.com\/fr\/wp-json\/wp\/v2\/categories?post=434677"},{"taxonomy":"post_tag","embeddable":true,"href":"https:\/\/www.europesays.com\/fr\/wp-json\/wp\/v2\/tags?post=434677"}],"curies":[{"name":"wp","href":"https:\/\/api.w.org\/{rel}","templated":true}]}}