{"id":434681,"date":"2025-10-02T22:09:17","date_gmt":"2025-10-02T22:09:17","guid":{"rendered":"https:\/\/www.europesays.com\/fr\/434681\/"},"modified":"2025-10-02T22:09:17","modified_gmt":"2025-10-02T22:09:17","slug":"victimes-blesses-graves-et-suspect-abattu-ce-que-lon-sait-de-lattaque-dune-synagogue-a-manchester","status":"publish","type":"post","link":"https:\/\/www.europesays.com\/fr\/434681\/","title":{"rendered":"Victimes, bless\u00e9s graves et suspect abattu\u2026 Ce que l\u2019on sait de l\u2019attaque d\u2019une synagogue \u00e0 Manchester"},"content":{"rendered":"<p class=\"mb-4 text-lg md:leading-8 break-words\"><strong>ANTIS\u00c9MITISME &#8211; Deux personnes ont \u00e9t\u00e9 tu\u00e9es et quatre gri\u00e8vement bless\u00e9es, jeudi matin, devant une synagogue \u00e0 Manchester, en plein Yom Kippour. L\u2019assaillant, abattu par la police, a vis\u00e9 les fid\u00e8les avec sa voiture puis un couteau<\/strong><\/p>\n<p class=\"mb-4 text-lg md:leading-8 break-words\"><a href=\"https:\/\/www.20minutes.fr\/faits_divers\/4176620-20251002-royaume-uni-attaque-couteau-devant-synagogue-nord-manchester?at_medium=RSS%20feed&amp;at_campaign=ynews&amp;utm_source=yahoo&amp;utm_medium=rss&amp;utm_campaign=news_feed&amp;utm_content=in_article_link\" rel=\"nofollow noopener\" target=\"_blank\" data-ylk=\"slk:Deux personnes ont \u00e9t\u00e9 tu\u00e9es et quatre autres gri\u00e8vement bless\u00e9es;elm:context_link;itc:0;sec:content-canvas\" class=\"link \">Deux personnes ont \u00e9t\u00e9 tu\u00e9es et quatre autres gri\u00e8vement bless\u00e9es<\/a> jeudi matin lors d\u2019un attentat visant une synagogue de Manchester au <a href=\"https:\/\/www.20minutes.fr\/monde\/royaume-uni\/?at_medium=RSS%20feed&amp;at_campaign=ynews&amp;utm_source=yahoo&amp;utm_medium=rss&amp;utm_campaign=news_feed&amp;utm_content=in_article_link\" rel=\"nofollow noopener\" target=\"_blank\" data-ylk=\"slk:Royaume-Uni;elm:context_link;itc:0;sec:content-canvas\" class=\"link \">Royaume-Uni<\/a>, en plein Yom Kippour. L\u2019assaillant, qui a fonc\u00e9 sur la foule avec sa voiture avant de poignarder plusieurs personnes, a \u00e9t\u00e9 abattu par la police. 20 Minutes fait le point.<\/p>\n<p>Que s\u2019est-il pass\u00e9 exactement ?<\/p>\n<p class=\"mb-4 text-lg md:leading-8 break-words\">L\u2019attaque a eu lieu vers 9h30 devant la <a href=\"https:\/\/www.20minutes.fr\/dossier\/synagogue?at_medium=RSS%20feed&amp;at_campaign=ynews&amp;utm_source=yahoo&amp;utm_medium=rss&amp;utm_campaign=news_feed&amp;utm_content=in_article_link\" rel=\"nofollow noopener\" target=\"_blank\" data-ylk=\"slk:synagogue;elm:context_link;itc:0;sec:content-canvas\" class=\"link \">synagogue<\/a> d\u2019Heaton Park, dans le quartier de Crumpsall, alors que de nombreux fid\u00e8les \u00e9taient r\u00e9unis pour la plus importante f\u00eate du calendrier juif. Selon la police, l\u2019homme a d\u2019abord percut\u00e9 plusieurs personnes avec son v\u00e9hicule, avant de sortir arm\u00e9 d\u2019un <a href=\"https:\/\/www.20minutes.fr\/dossier\/coup_de_couteau?at_medium=RSS%20feed&amp;at_campaign=ynews&amp;utm_source=yahoo&amp;utm_medium=rss&amp;utm_campaign=news_feed&amp;utm_content=in_article_link\" rel=\"nofollow noopener\" target=\"_blank\" data-ylk=\"slk:couteau;elm:context_link;itc:0;sec:content-canvas\" class=\"link \">couteau<\/a> et de s\u2019en prendre aux passants. L\u2019assaillant portait un gilet qui pouvait laisser croire \u00e0 la pr\u00e9sence d\u2019explosifs. Les forces de l\u2019ordre l\u2019ont neutralis\u00e9 seulement sept minutes apr\u00e8s le premier appel d\u2019urgence.<\/p>\n<p class=\"mb-4 text-lg md:leading-8 break-words\">Deux membres de la communaut\u00e9 juive ont perdu la vie, tandis que quatre autres victimes ont \u00e9t\u00e9 hospitalis\u00e9es pour des blessures graves. Les fid\u00e8les encore pr\u00e9sents dans la synagogue ont \u00e9t\u00e9 confin\u00e9s avant d\u2019\u00eatre finalement \u00e9vacu\u00e9s.<\/p>\n<p>Quelles sont les r\u00e9actions ?<\/p>\n<p class=\"mb-4 text-lg md:leading-8 break-words\">Le Premier ministre britannique Keir Starmer a exprim\u00e9 son \u00ab horreur \u00bb et annonc\u00e9 le d\u00e9ploiement de forces de s\u00e9curit\u00e9 suppl\u00e9mentaires autour des synagogues du pays, tout en \u00e9courtant sa participation au sommet de la Communaut\u00e9 politique europ\u00e9enne \u00e0 Copenhague pour rentrer \u00e0 Londres. \u00ab Ce n\u2019est pas une haine nouvelle, c\u2019est quelque chose que les Juifs ont toujours(&#8230;)<\/p>\n<p class=\"mb-4 text-lg md:leading-8 break-words\"><a href=\"https:\/\/www.20minutes.fr\/monde\/royaume-uni\/4176824-20251002-royaume-uni-victimes-blesses-graves-suspect-abattu-sait-attaque-synagogue-manchester?at_medium=RSS%20feed&amp;at_campaign=ynews&amp;utm_source=yahoo&amp;utm_medium=rss&amp;utm_campaign=news_feed&amp;utm_content=read_more_link&quot;\" rel=\"nofollow noopener\" target=\"_blank\" data-ylk=\"slk:Lire la suite sur 20minutes;elm:context_link;itc:0;sec:content-canvas\" class=\"link \">Lire la suite sur 20minutes<\/a><\/p>\n<p>\u00c0 lire aussi :<br \/><a href=\"https:\/\/www.20minutes.fr\/faits_divers\/4176620-20251002-royaume-uni-attaque-couteau-devant-synagogue-nord-manchester?at_medium=RSS%20feed&amp;at_campaign=ynews&amp;utm_source=yahoo&amp;utm_medium=rss&amp;utm_campaign=news_feed&amp;utm_content=related_content_link\" rel=\"nofollow noopener\" target=\"_blank\" data-ylk=\"slk:Royaume-Uni : Deux morts et trois bless\u00e9s graves dans une attaque au couteau devant une synagogue \u00e0 Manchester;elm:context_link;itc:0;sec:content-canvas\" class=\"link \">Royaume-Uni : Deux morts et trois bless\u00e9s graves dans une attaque au couteau devant une synagogue \u00e0 Manchester<\/a><br \/><a href=\"https:\/\/www.20minutes.fr\/monde\/royaume-uni\/4165397-20250726-royaume-uni-londres-critique-primes-offertes-hong-kong-arreter-militants-pro-democratie?at_medium=RSS%20feed&amp;at_campaign=ynews&amp;utm_source=yahoo&amp;utm_medium=rss&amp;utm_campaign=news_feed&amp;utm_content=related_content_link\" rel=\"nofollow noopener\" target=\"_blank\" data-ylk=\"slk:Royaume-Uni : Londres critique les primes offertes par Hong Kong pour arr\u00eater des militants pro-d\u00e9mocratie;elm:context_link;itc:0;sec:content-canvas\" class=\"link \">Royaume-Uni : Londres critique les primes offertes par Hong Kong pour arr\u00eater des militants pro-d\u00e9mocratie<\/a><\/p>\n","protected":false},"excerpt":{"rendered":"ANTIS\u00c9MITISME &#8211; Deux personnes ont \u00e9t\u00e9 tu\u00e9es et quatre gri\u00e8vement bless\u00e9es, jeudi matin, devant une synagogue \u00e0 Manchester,&hellip;\n","protected":false},"author":2,"featured_media":434682,"comment_status":"","ping_status":"","sticky":false,"template":"","format":"standard","meta":{"footnotes":""},"categories":[1588],"tags":[11,1777,674,3160,56227,3491,12,473,1853,15934,1851,1850,1852,56226],"class_list":{"0":"post-434681","1":"post","2":"type-post","3":"status-publish","4":"format-standard","5":"has-post-thumbnail","7":"category-royaume-uni","8":"tag-actualites","9":"tag-eu","10":"tag-europe","11":"tag-forces-de-lordre","12":"tag-forces-de-securite","13":"tag-manchester","14":"tag-news","15":"tag-royaume-uni","16":"tag-royaume-uni-de-grande-bretagne-et-dirlande-du-nord","17":"tag-synagogue","18":"tag-uk","19":"tag-united-kingdom","20":"tag-united-kingdom-of-great-britain-and-northern-ireland","21":"tag-yom-kippour"},"share_on_mastodon":{"url":"https:\/\/pubeurope.com\/@fr\/115306860618510018","error":""},"_links":{"self":[{"href":"https:\/\/www.europesays.com\/fr\/wp-json\/wp\/v2\/posts\/434681","targetHints":{"allow":["GET"]}}],"collection":[{"href":"https:\/\/www.europesays.com\/fr\/wp-json\/wp\/v2\/posts"}],"about":[{"href":"https:\/\/www.europesays.com\/fr\/wp-json\/wp\/v2\/types\/post"}],"author":[{"embeddable":true,"href":"https:\/\/www.europesays.com\/fr\/wp-json\/wp\/v2\/users\/2"}],"replies":[{"embeddable":true,"href":"https:\/\/www.europesays.com\/fr\/wp-json\/wp\/v2\/comments?post=434681"}],"version-history":[{"count":0,"href":"https:\/\/www.europesays.com\/fr\/wp-json\/wp\/v2\/posts\/434681\/revisions"}],"wp:featuredmedia":[{"embeddable":true,"href":"https:\/\/www.europesays.com\/fr\/wp-json\/wp\/v2\/media\/434682"}],"wp:attachment":[{"href":"https:\/\/www.europesays.com\/fr\/wp-json\/wp\/v2\/media?parent=434681"}],"wp:term":[{"taxonomy":"category","embeddable":true,"href":"https:\/\/www.europesays.com\/fr\/wp-json\/wp\/v2\/categories?post=434681"},{"taxonomy":"post_tag","embeddable":true,"href":"https:\/\/www.europesays.com\/fr\/wp-json\/wp\/v2\/tags?post=434681"}],"curies":[{"name":"wp","href":"https:\/\/api.w.org\/{rel}","templated":true}]}}