{"id":434685,"date":"2025-10-02T22:11:11","date_gmt":"2025-10-02T22:11:11","guid":{"rendered":"https:\/\/www.europesays.com\/fr\/434685\/"},"modified":"2025-10-02T22:11:11","modified_gmt":"2025-10-02T22:11:11","slug":"a-copenhague-karin-keller-sutter-au-milieu-de-dirigeants-preoccupes-par-le-rearmement-et-la-defense-de-leurope","status":"publish","type":"post","link":"https:\/\/www.europesays.com\/fr\/434685\/","title":{"rendered":"A Copenhague, Karin Keller-Sutter, au milieu de dirigeants pr\u00e9occup\u00e9s par le r\u00e9armement et la d\u00e9fense de l\u2019Europe"},"content":{"rendered":"<p>La Russie peut violer l\u2019espace a\u00e9rien \u00abn\u2019importe o\u00f9 en Europe\u00bb. A Copenhague, Volodymyr Zelensky, les traits tir\u00e9s, a sonn\u00e9 l\u2019alarme \u00e0 propos des incursions de drones et de chasseurs russes, destin\u00e9es \u00e0 tester les d\u00e9fenses nationales et celles de l\u2019OTAN. Le pr\u00e9sident fran\u00e7ais Emmanuel Macron, d\u00e9termin\u00e9 \u00e0 s\u00e9vir contre la flotte fant\u00f4me russe, n\u2019a pas non plus m\u00e2ch\u00e9 ses mots: les drones qui repr\u00e9sentent un risque \u00abpeuvent \u00eatre d\u00e9truits, point final\u00bb. La premi\u00e8re ministre danoise Mette Frederiksen a de son c\u00f4t\u00e9 une nouvelle fois martel\u00e9: \u00abPlus aucun d\u2019entre nous ne peut se permettre d\u2019\u00eatre na\u00effs\u00bb. Lors du septi\u00e8me sommet de la Communaut\u00e9 politique europ\u00e9enne (CPE), les provocations de Moscou et la course \u00e0 l\u2019armement \u00e9taient sur toutes les l\u00e8vres. Sauf sur celles de la pr\u00e9sidente de la Conf\u00e9d\u00e9ration, Karin Keller-Sutter. Du moins pas en d\u00e9but de journ\u00e9e.<\/p>\n<p>La CPE, qui se d\u00e9roulait dans le centre de conf\u00e9rences Bella Center, a r\u00e9uni les dirigeants de toute l\u2019Europe, Union europ\u00e9enne (UE) et hors UE, pr\u00e8s d\u2019une cinquantaine de leaders au total. La veille, les chefs d\u2019Etat ou de gouvernement des Vingt-Sept s\u2019\u00e9taient retrouv\u00e9s dans le palais de Christiansborg, en plein c\u0153ur de la capitale danoise, pour un sommet informel centr\u00e9 sur la d\u00e9fense et la s\u00e9curit\u00e9. Vu le contexte \u00e9lectrique de ces derni\u00e8res semaines, ces m\u00eames th\u00e8mes ont domin\u00e9 la journ\u00e9e de jeudi, alors que Karin Keller-Sutter pensait surtout \u00e9changer \u00e0 propos de comp\u00e9titivit\u00e9 et de stabilit\u00e9 \u00e9conomique. En arrivant au sommet le matin, elle a ainsi bott\u00e9 en touche les questions s\u00e9curitaires devant des journalistes suisses. Quelques heures plus tard, apr\u00e8s avoir plong\u00e9 dans l\u2019ambiance danoise, elle s\u2019est rattrap\u00e9e, tr\u00e8s disponible.<\/p>\n","protected":false},"excerpt":{"rendered":"La Russie peut violer l\u2019espace a\u00e9rien \u00abn\u2019importe o\u00f9 en Europe\u00bb. A Copenhague, Volodymyr Zelensky, les traits tir\u00e9s, a&hellip;\n","protected":false},"author":2,"featured_media":434686,"comment_status":"","ping_status":"","sticky":false,"template":"","format":"standard","meta":{"footnotes":""},"categories":[1586],"tags":[11,1777,674,1011,27,12,136,301,25,132,656,220,364],"class_list":{"0":"post-434685","1":"post","2":"type-post","3":"status-publish","4":"format-standard","5":"has-post-thumbnail","7":"category-europe","8":"tag-actualites","9":"tag-eu","10":"tag-europe","11":"tag-fr","12":"tag-france","13":"tag-news","14":"tag-otan","15":"tag-premium","16":"tag-republique-francaise","17":"tag-russie","18":"tag-securite","19":"tag-ukraine","20":"tag-union-europeenne"},"share_on_mastodon":{"url":"https:\/\/pubeurope.com\/@fr\/115306868524897437","error":""},"_links":{"self":[{"href":"https:\/\/www.europesays.com\/fr\/wp-json\/wp\/v2\/posts\/434685","targetHints":{"allow":["GET"]}}],"collection":[{"href":"https:\/\/www.europesays.com\/fr\/wp-json\/wp\/v2\/posts"}],"about":[{"href":"https:\/\/www.europesays.com\/fr\/wp-json\/wp\/v2\/types\/post"}],"author":[{"embeddable":true,"href":"https:\/\/www.europesays.com\/fr\/wp-json\/wp\/v2\/users\/2"}],"replies":[{"embeddable":true,"href":"https:\/\/www.europesays.com\/fr\/wp-json\/wp\/v2\/comments?post=434685"}],"version-history":[{"count":0,"href":"https:\/\/www.europesays.com\/fr\/wp-json\/wp\/v2\/posts\/434685\/revisions"}],"wp:featuredmedia":[{"embeddable":true,"href":"https:\/\/www.europesays.com\/fr\/wp-json\/wp\/v2\/media\/434686"}],"wp:attachment":[{"href":"https:\/\/www.europesays.com\/fr\/wp-json\/wp\/v2\/media?parent=434685"}],"wp:term":[{"taxonomy":"category","embeddable":true,"href":"https:\/\/www.europesays.com\/fr\/wp-json\/wp\/v2\/categories?post=434685"},{"taxonomy":"post_tag","embeddable":true,"href":"https:\/\/www.europesays.com\/fr\/wp-json\/wp\/v2\/tags?post=434685"}],"curies":[{"name":"wp","href":"https:\/\/api.w.org\/{rel}","templated":true}]}}