{"id":434693,"date":"2025-10-02T22:18:17","date_gmt":"2025-10-02T22:18:17","guid":{"rendered":"https:\/\/www.europesays.com\/fr\/434693\/"},"modified":"2025-10-02T22:18:17","modified_gmt":"2025-10-02T22:18:17","slug":"super-league-super-league-2025-les-wolves-de-warrington-inoffensifs-rugby-a-xiii","status":"publish","type":"post","link":"https:\/\/www.europesays.com\/fr\/434693\/","title":{"rendered":"Super League &#8211; Super League 2025 : Les Wolves de Warrington inoffensifs &#8211; Rugby \u00e0 XIII"},"content":{"rendered":"<p><strong>La saison r\u00e9guli\u00e8re de la Super League vient de se terminer. C\u2019est donc l\u2019heure pour faire un point sur la saison des \u00e9quipes qui n\u2019ont pas r\u00e9ussi \u00e0 se qualifier.<\/strong><\/p>\n<p style=\"text-align: justify;\">La saison 2025 des Warrington Wolves a \u00e9t\u00e9 marqu\u00e9e par des moments d\u2019\u00e9clats, mais aussi par des p\u00e9riodes de doute, illustrant les d\u00e9fis auxquels le club a d\u00fb faire face tout au long de l\u2019ann\u00e9e.<\/p>\n<p>D\u00e9faits \u00e0 Wembley<\/p>\n<p style=\"text-align: justify;\">Sous la direction de l\u2019entra\u00eeneur Sam Burgess, les Wolves ont entam\u00e9 la saison avec des ambitions \u00e9lev\u00e9es. Leur parcours en Challenge Cup a \u00e9t\u00e9 remarquable, les menant jusqu\u2019\u00e0 la finale contre Hull KR. Malheureusement pour eux, malgr\u00e9 une performance solide, ils ont \u00e9t\u00e9 d\u00e9faits 8-6 dans les derni\u00e8res minutes du match, mettant fin \u00e0 leurs espoirs de remporter ce troph\u00e9e prestigieux.<\/p>\n<p style=\"text-align: justify;\">En Super League, l\u2019\u00e9quipe a montr\u00e9 des signes de force, mais a \u00e9galement connu des p\u00e9riodes d\u2019inconstance. Des victoires impressionnantes ont \u00e9t\u00e9 suivies de d\u00e9faites d\u00e9cevantes, ce qui a rendu difficile la qu\u00eate d\u2019une place en playoffs. Des joueurs cl\u00e9s tels que George Williams ont \u00e9t\u00e9 confront\u00e9s \u00e0 des blessures, ce qui a affect\u00e9 la dynamique de l\u2019\u00e9quipe.<\/p>\n<p style=\"text-align: justify;\">Le d\u00e9part de plusieurs joueurs cl\u00e9s en fin de saison a laiss\u00e9 un vide dans l\u2019effectif, et le club a d\u00fb se tourner vers les jeunes talents pour combler ces lacunes. Des joueurs comme Josh Thewlis et Adam Holroyd ont \u00e9merg\u00e9 comme des leaders potentiels pour l\u2019avenir du club.<\/p>\n<p style=\"text-align: justify;\">En conclusion, la saison 2025 des Warrington Wolves a \u00e9t\u00e9 une nouvelle fois d\u00e9cevante. Bien que les r\u00e9sultats en Super League n\u2019aient pas \u00e9t\u00e9 \u00e0 la hauteur des attentes, la finale en Challenge Cup a apport\u00e9 une lueur d\u2019espoir.<\/p>\n<blockquote class=\"instagram-media\" data-instgrm-captioned=\"\" data-instgrm-permalink=\"https:\/\/www.instagram.com\/reel\/DO_eavmDm0A\/?utm_source=ig_embed&amp;utm_campaign=loading\" data-instgrm-version=\"14\" style=\" background:#FFF; border:0; border-radius:3px; box-shadow:0 0 1px 0 rgba(0,0,0,0.5),0 1px 10px 0 rgba(0,0,0,0.15); margin: 1px; max-width:500px; min-width:326px; padding:0; width:99.375%; width:-webkit-calc(100% - 2px); width:calc(100% - 2px);\">\n<\/blockquote>\n<p>        <script async src=\"\/\/www.instagram.com\/embed.js\"><\/script><\/p>\n","protected":false},"excerpt":{"rendered":"La saison r\u00e9guli\u00e8re de la Super League vient de se terminer. C\u2019est donc l\u2019heure pour faire un point&hellip;\n","protected":false},"author":2,"featured_media":283474,"comment_status":"","ping_status":"","sticky":false,"template":"","format":"standard","meta":{"footnotes":""},"categories":[1416],"tags":[1011,27,479,2228,1468,2229,60,4474,29045],"class_list":{"0":"post-434693","1":"post","2":"type-post","3":"status-publish","4":"format-standard","5":"has-post-thumbnail","7":"category-rugby","8":"tag-fr","9":"tag-france","10":"tag-rugby","11":"tag-rugby-a-xiii","12":"tag-rugby-football","13":"tag-rugby-league","14":"tag-sports","15":"tag-super-league","16":"tag-warrington-wolves"},"share_on_mastodon":{"url":"https:\/\/pubeurope.com\/@fr\/115306896088848724","error":""},"_links":{"self":[{"href":"https:\/\/www.europesays.com\/fr\/wp-json\/wp\/v2\/posts\/434693","targetHints":{"allow":["GET"]}}],"collection":[{"href":"https:\/\/www.europesays.com\/fr\/wp-json\/wp\/v2\/posts"}],"about":[{"href":"https:\/\/www.europesays.com\/fr\/wp-json\/wp\/v2\/types\/post"}],"author":[{"embeddable":true,"href":"https:\/\/www.europesays.com\/fr\/wp-json\/wp\/v2\/users\/2"}],"replies":[{"embeddable":true,"href":"https:\/\/www.europesays.com\/fr\/wp-json\/wp\/v2\/comments?post=434693"}],"version-history":[{"count":0,"href":"https:\/\/www.europesays.com\/fr\/wp-json\/wp\/v2\/posts\/434693\/revisions"}],"wp:featuredmedia":[{"embeddable":true,"href":"https:\/\/www.europesays.com\/fr\/wp-json\/wp\/v2\/media\/283474"}],"wp:attachment":[{"href":"https:\/\/www.europesays.com\/fr\/wp-json\/wp\/v2\/media?parent=434693"}],"wp:term":[{"taxonomy":"category","embeddable":true,"href":"https:\/\/www.europesays.com\/fr\/wp-json\/wp\/v2\/categories?post=434693"},{"taxonomy":"post_tag","embeddable":true,"href":"https:\/\/www.europesays.com\/fr\/wp-json\/wp\/v2\/tags?post=434693"}],"curies":[{"name":"wp","href":"https:\/\/api.w.org\/{rel}","templated":true}]}}