{"id":434696,"date":"2025-10-02T22:21:11","date_gmt":"2025-10-02T22:21:11","guid":{"rendered":"https:\/\/www.europesays.com\/fr\/434696\/"},"modified":"2025-10-02T22:21:11","modified_gmt":"2025-10-02T22:21:11","slug":"gp-dindonesie-2025-le-programme-tv-du-vendredi-horaires-france","status":"publish","type":"post","link":"https:\/\/www.europesays.com\/fr\/434696\/","title":{"rendered":"GP d&rsquo;Indon\u00e9sie 2025 : le programme TV du vendredi (+ horaires France)"},"content":{"rendered":"<p class=\"mb-4 text-lg md:leading-8 break-words\">Le<strong> programme TV complet du vendredi,<\/strong> journ\u00e9e d<strong>&lsquo;essais libres,<\/strong> du<strong> Grand Prix d&rsquo;Indon\u00e9sie MotoGP 2025<\/strong>, est disponible ci-dessous sur<strong> Sport Auto.<\/strong><\/p>\n<p>Grand Prix d&rsquo;Indon\u00e9sie MotoGP 2025 : le programme TV du vendredi<\/p>\n<p class=\"mb-4 text-lg md:leading-8 break-words\">Retrouvez ci-dessous le <strong>programme complet<\/strong> de la journ\u00e9e du vendredi en vue<strong> du Grand Prix d&rsquo;Indon\u00e9sie <a href=\"https:\/\/www.sportauto.fr\/motogp\/motogp-essence-carburant-non-fossile-2027-436401.htmlitem=1\" rel=\"nofollow noopener\" target=\"_blank\" data-ylk=\"slk:MotoGP;elm:context_link;itc:0;sec:content-canvas\" class=\"link \">MotoGP<\/a> 2025<\/strong>. Toutes les s\u00e9ances et \u00e9preuves du week-end seront diffus\u00e9es sur les <a href=\"https:\/\/www.canalplus.com\/programme-tv\/\" rel=\"nofollow noopener\" target=\"_blank\" data-ylk=\"slk:cha\u00eenes du groupe;elm:context_link;itc:0;sec:content-canvas\" class=\"link \">cha\u00eenes du groupe <\/a><strong><a href=\"https:\/\/www.canalplus.com\/programme-tv\/\" rel=\"nofollow noopener\" target=\"_blank\" data-ylk=\"slk:Canal+;elm:context_link;itc:0;sec:content-canvas\" class=\"link \">Canal+<\/a>. <\/strong>Pour les t\u00e9l\u00e9spectateurs belges, cette<strong> 18\u00e8me manche de la saison<\/strong> sera retransmise sur la plateforme en ligne, et gratuite d&rsquo;acc\u00e8s, <strong><a href=\"https:\/\/auvio.rtbf.be\/emission\/motogp-5557\" rel=\"nofollow noopener\" target=\"_blank\" data-ylk=\"slk:RTBF Auvio;elm:context_link;itc:0;sec:content-canvas\" class=\"link \">RTBF Auvio<\/a>.<br \/><\/strong>La<strong> course Moto2 et le Grand Prix MotoGP<\/strong> seront \u00e9galement visibles en direct sur la cha\u00eene<strong> Tipik, <\/strong>avec les trois \u00e9preuves du dimanche, y compris la <strong>Moto3, retransmis dans l&rsquo;apr\u00e8s-midi<\/strong> (<a href=\"https:\/\/www.rtbf.be\/grille-des-programmes\" rel=\"nofollow noopener\" target=\"_blank\" data-ylk=\"slk:par ici le programme RTBF;elm:context_link;itc:0;sec:content-canvas\" class=\"link \">par ici le programme RTBF<\/a>).<\/p>\n<p>Vendredi 03 octobre 2025<\/p>\n<ul class=\"mb-4\">\n<li class=\"ml-4 list-disc\">\n<p class=\"mb-4 text-lg md:leading-8 break-words\">03h00 &#8211; 03h35 : Moto3 Essais Libres<\/p>\n<\/li>\n<li class=\"ml-4 list-disc\">\n<p class=\"mb-4 text-lg md:leading-8 break-words\">03h50 &#8211; 04h30 : Moto2 Essais Libres<\/p>\n<\/li>\n<li class=\"ml-4 list-disc\">\n<p class=\"mb-4 text-lg md:leading-8 break-words\"><strong>04h45 &#8211; 05h30 : MotoGP Essais Libres 1<\/strong><\/p>\n<\/li>\n<li class=\"ml-4 list-disc\">\n<p class=\"mb-4 text-lg md:leading-8 break-words\">06h15 &#8211; 06h50 : Moto3 Essais 1<\/p>\n<\/li>\n<li class=\"ml-4 list-disc\">\n<p class=\"mb-4 text-lg md:leading-8 break-words\">07h05 &#8211; 07h45 : Moto2 Essais 1<\/p>\n<\/li>\n<li class=\"ml-4 list-disc\">\n<p class=\"mb-4 text-lg md:leading-8 break-words\"><strong>09h00 &#8211; 10h00 : MotoGP Essais<\/strong><\/p>\n<\/li>\n<\/ul>\n<p class=\"mb-4 text-lg md:leading-8 break-words\">&gt;&gt; <a href=\"https:\/\/www.sportauto.fr\/motogp\/motogp-grand-prix-indonesie-2025-programme-horaires-tv-essais-vendredi-france-440036.html\" rel=\"nofollow noopener\" target=\"_blank\" data-ylk=\"slk:Lire la suite sur Sport Auto;elm:context_link;itc:0;sec:content-canvas\" class=\"link \">Lire la suite sur Sport Auto<\/a><\/p>\n","protected":false},"excerpt":{"rendered":"Le programme TV complet du vendredi, journ\u00e9e d&lsquo;essais libres, du Grand Prix d&rsquo;Indon\u00e9sie MotoGP 2025, est disponible ci-dessous&hellip;\n","protected":false},"author":2,"featured_media":434697,"comment_status":"","ping_status":"","sticky":false,"template":"","format":"standard","meta":{"footnotes":""},"categories":[1413],"tags":[1011,27,1982,1457,8978,1456,1458,5240,502,60,6949],"class_list":{"0":"post-434696","1":"post","2":"type-post","3":"status-publish","4":"format-standard","5":"has-post-thumbnail","7":"category-moto","8":"tag-fr","9":"tag-france","10":"tag-grand-prix","11":"tag-moto","12":"tag-moto2","13":"tag-motocycle","14":"tag-motogp","15":"tag-programme","16":"tag-programme-tv","17":"tag-sports","18":"tag-vendredi"},"share_on_mastodon":{"url":"https:\/\/pubeurope.com\/@fr\/115306907917491378","error":""},"_links":{"self":[{"href":"https:\/\/www.europesays.com\/fr\/wp-json\/wp\/v2\/posts\/434696","targetHints":{"allow":["GET"]}}],"collection":[{"href":"https:\/\/www.europesays.com\/fr\/wp-json\/wp\/v2\/posts"}],"about":[{"href":"https:\/\/www.europesays.com\/fr\/wp-json\/wp\/v2\/types\/post"}],"author":[{"embeddable":true,"href":"https:\/\/www.europesays.com\/fr\/wp-json\/wp\/v2\/users\/2"}],"replies":[{"embeddable":true,"href":"https:\/\/www.europesays.com\/fr\/wp-json\/wp\/v2\/comments?post=434696"}],"version-history":[{"count":0,"href":"https:\/\/www.europesays.com\/fr\/wp-json\/wp\/v2\/posts\/434696\/revisions"}],"wp:featuredmedia":[{"embeddable":true,"href":"https:\/\/www.europesays.com\/fr\/wp-json\/wp\/v2\/media\/434697"}],"wp:attachment":[{"href":"https:\/\/www.europesays.com\/fr\/wp-json\/wp\/v2\/media?parent=434696"}],"wp:term":[{"taxonomy":"category","embeddable":true,"href":"https:\/\/www.europesays.com\/fr\/wp-json\/wp\/v2\/categories?post=434696"},{"taxonomy":"post_tag","embeddable":true,"href":"https:\/\/www.europesays.com\/fr\/wp-json\/wp\/v2\/tags?post=434696"}],"curies":[{"name":"wp","href":"https:\/\/api.w.org\/{rel}","templated":true}]}}