{"id":434698,"date":"2025-10-02T22:22:17","date_gmt":"2025-10-02T22:22:17","guid":{"rendered":"https:\/\/www.europesays.com\/fr\/434698\/"},"modified":"2025-10-02T22:22:17","modified_gmt":"2025-10-02T22:22:17","slug":"le-sport-ny-echappe-pas-trump-lomnipresent-eurosport","status":"publish","type":"post","link":"https:\/\/www.europesays.com\/fr\/434698\/","title":{"rendered":"Le sport n&#039;y \u00e9chappe pas : Trump, l&#039;omnipr\u00e9sent &#8211; Eurosport"},"content":{"rendered":"<ol>\n<li><a href=\"https:\/\/news.google.com\/rss\/articles\/CBMi-AFBVV95cUxPU2lxU3J2UTJ4XzBWcGlXNU0wQWxLWXItM3ZWZTJGaWFYYWFjb1JmeVJsaG9ZZW9mY1JWWW9LQVhoN1gyUmg5ckgwb0JOaUN3NXBSRTZ6cms4R20xanU1NlJsX1ZXX000eXZKamY5Rm5ydTduXzZyYV91NWdXaEpKTnFIcXNrRFluRnNMUzMwQzU0RWF0NjBaRFd5MHRKN2d4MEZCaWpZdGw3VHBaOEh4NnNGMVlvekUwUVhINC1ta3g3VkcxQXlsWWlQblhONVhjUUpBTWpHcGFMb2xtZ0NZYkJFZHIxbzhhMWpkbDBWRkUxNVdqb05iNg?oc=5\" target=\"_blank\" rel=\"noopener\">Le sport n&rsquo;y \u00e9chappe pas : Trump, l&rsquo;omnipr\u00e9sent<\/a>&nbsp;&nbsp;Eurosport<\/li>\n<li><a href=\"https:\/\/news.google.com\/rss\/articles\/CBMi2AFBVV95cUxQWkRyNzd4VWdXeUZMMDV4d0U0cmZtNkk2YjBFRXEyMTNkVl9LazF5cnJTd0RjWWtfYlNWUzQ4OEQtVnhud29JcXota2g4THMxZHZUR1ZwM3JHQW5PbEJ1MGhGZUtkUExwZy0wUFJBajZuQzVYbzJqVHg1dnYtUU40ajktVWlCS0NtZnVmUXNyZTdxZTd3dVVMZFVQTTVoZkxrWHMyWTdLUkV0cUFZMzljVVdPaVF0MjNITXNvNVFLbFFUN19tS0Zqd2l0UWt0VnVfT2hnb3hwTnQ?oc=5\" target=\"_blank\" rel=\"noopener\">Donald Trump r\u00e9agit au chambrage de l&rsquo;\u00e9quipe europ\u00e9enne, laur\u00e9ate de la Ryder Cup : \u00ab F\u00e9licitations ! \u00bb<\/a>&nbsp;&nbsp;L&rsquo;\u00c9quipe<\/li>\n<li><a href=\"https:\/\/news.google.com\/rss\/articles\/CBMixAFBVV95cUxNeGVCci1RWDdTLWRBSzU5ZVRPQ2FVME5xTDZuaUwtckREOEpWSVU0R2VacWNKbWRsTGVDenc0ckdQRkhpbzFxby0zZVUxbWstcUppSl9rUll5Qkk1ZGxjSXFNU2tRVXhDZDlHWThGSm0wdDdZcExPbkl5RHFVck1oSmdXdjluX1hQUnZwM1ZiSmc3WlZxUUhtT3o2bHBKMXdqdUI3b25LZWNkYVJVaWIzaDltMXgwYVFPb0RwcmgwTU9iVzA0?oc=5\" target=\"_blank\" rel=\"noopener\">Fan Zone Bethpage : un dimanche de folie ? &#8211; Golf &#8211; Ryder Cup<\/a>&nbsp;&nbsp;Orange Actualit\u00e9s | Sports<\/li>\n<li><a href=\"https:\/\/news.google.com\/rss\/articles\/CBMirAFBVV95cUxPRU1jTmtVaG9tM3lXZ0JEaldzaFY2WDljbHR3MWVXdGk5Mll5MmUzaXU2Q1pRcjZ5ZUk4WW1GMzhfak0tY2VVU1FWcFVYTUZxZXVpX1NvX3JhRXg5YU5DeHVEUUdDbFZWYXVQNUJPZUV0X1lrZTNrZ3NNeGhUeDBTNlNwcnJNZXhwNldzNFo2VGNJVVA1SjB1Nk9OUlZzOU9iVDRJUVd0dUo2b1R4?oc=5\" target=\"_blank\" rel=\"noopener\">Ryder Cup : Les tops et les flops d\u2019une \u00e9dition marquante<\/a>&nbsp;&nbsp;F\u00e9d\u00e9ration fran\u00e7aise de golf (ffgolf)<\/li>\n<li><a href=\"https:\/\/news.google.com\/rss\/articles\/CBMi1wFBVV95cUxOYlowTnRUS1o5UWR2emhWYmtjUXIyNFByWURFdVdIWno0QnczQ3JSdmViTVVjS3BTOFpsS2ktcUwweTdxTEc5bmphZTBtSzN5YVg4VXdhVHh6c0tmdU1aVUVranNHTDJlLW54STFNZmNmMU9PQzVzWlRza2hHT09JdGs4VjBLYXZlWEpqV3lyeXg2UElHSjc5Y252ajJLaUhBcUxiblhPOGRvcjhxVTlOVDBhR0pNeER4OGpGWmhyUHBFNjU2SkdVajMzQmlxUDktTC1kRFRNNA?oc=5\" target=\"_blank\" rel=\"noopener\">Trump r\u00e9pond (poliment) au chambrage de l\u2019\u00e9quipe europ\u00e9enne apr\u00e8s la Ryder Cup<\/a>&nbsp;&nbsp;20 Minutes<\/li>\n<\/ol>\n","protected":false},"excerpt":{"rendered":"Le sport n&rsquo;y \u00e9chappe pas : Trump, l&rsquo;omnipr\u00e9sent&nbsp;&nbsp;Eurosport Donald Trump r\u00e9agit au chambrage de l&rsquo;\u00e9quipe europ\u00e9enne, laur\u00e9ate de&hellip;\n","protected":false},"author":2,"featured_media":395849,"comment_status":"","ping_status":"","sticky":false,"template":"","format":"standard","meta":{"footnotes":""},"categories":[1412],"tags":[1451,1452,1453,1454,1455,1011,27,60],"class_list":{"0":"post-434698","1":"post","2":"type-post","3":"status-publish","4":"format-standard","5":"has-post-thumbnail","7":"category-f1","8":"tag-f1","9":"tag-formula-1","10":"tag-formula1","11":"tag-formule-1","12":"tag-formule1","13":"tag-fr","14":"tag-france","15":"tag-sports"},"share_on_mastodon":{"url":"https:\/\/pubeurope.com\/@fr\/115306911744678314","error":""},"_links":{"self":[{"href":"https:\/\/www.europesays.com\/fr\/wp-json\/wp\/v2\/posts\/434698","targetHints":{"allow":["GET"]}}],"collection":[{"href":"https:\/\/www.europesays.com\/fr\/wp-json\/wp\/v2\/posts"}],"about":[{"href":"https:\/\/www.europesays.com\/fr\/wp-json\/wp\/v2\/types\/post"}],"author":[{"embeddable":true,"href":"https:\/\/www.europesays.com\/fr\/wp-json\/wp\/v2\/users\/2"}],"replies":[{"embeddable":true,"href":"https:\/\/www.europesays.com\/fr\/wp-json\/wp\/v2\/comments?post=434698"}],"version-history":[{"count":0,"href":"https:\/\/www.europesays.com\/fr\/wp-json\/wp\/v2\/posts\/434698\/revisions"}],"wp:featuredmedia":[{"embeddable":true,"href":"https:\/\/www.europesays.com\/fr\/wp-json\/wp\/v2\/media\/395849"}],"wp:attachment":[{"href":"https:\/\/www.europesays.com\/fr\/wp-json\/wp\/v2\/media?parent=434698"}],"wp:term":[{"taxonomy":"category","embeddable":true,"href":"https:\/\/www.europesays.com\/fr\/wp-json\/wp\/v2\/categories?post=434698"},{"taxonomy":"post_tag","embeddable":true,"href":"https:\/\/www.europesays.com\/fr\/wp-json\/wp\/v2\/tags?post=434698"}],"curies":[{"name":"wp","href":"https:\/\/api.w.org\/{rel}","templated":true}]}}