{"id":434707,"date":"2025-10-02T22:27:17","date_gmt":"2025-10-02T22:27:17","guid":{"rendered":"https:\/\/www.europesays.com\/fr\/434707\/"},"modified":"2025-10-02T22:27:17","modified_gmt":"2025-10-02T22:27:17","slug":"region-michael-arnoulet-auteur-doubien-sort-un-nouveau-livre-doubs-toute-linfo-locale","status":"publish","type":"post","link":"https:\/\/www.europesays.com\/fr\/434707\/","title":{"rendered":"R\u00e9gion. Michael Arnoulet, auteur Doubien, sort un nouveau livre &#8211; Doubs : toute l&rsquo;info locale"},"content":{"rendered":"<p>&#13;<br \/>\n        &#13;<br \/>\n&#13;<br \/>\n        &#13;<br \/>\n&#13;<\/p>\n<p>        <a href=\"https:\/\/www.europesays.com\/fr\/wp-content\/uploads\/2025\/10\/sang-d-ange.jpg\" data-caption=\"\"><img loading=\"lazy\" decoding=\"async\" width=\"325\" height=\"461\" class=\"entry-thumb td-modal-image\" src=\"https:\/\/www.europesays.com\/fr\/wp-content\/uploads\/2025\/10\/sang-d-ange.jpg\"   alt=\"\" title=\"Livre Sang d'Ange Michael Arnoulet\"\/><\/a><\/p>\n<p>Natif de Pontarlier, ayant grandi \u00e0 Sochaux puis \u00e9tudi\u00e9 \u00e0 Besan\u00e7on, l\u2019\u00e9crivain Michael Arnoulet n\u2019oublie pas sa r\u00e9gion et l\u2019a m\u00eame mise \u00e0 l\u2019honneur dans son deuxi\u00e8me roman : Les Disparues de Belvoir, sorti l\u2019ann\u00e9e derni\u00e8re. Un troisi\u00e8me ouvrage vient de sortir, en ao\u00fbt dernier, Sang d\u2019Ange, dont l\u2019intrigue se d\u00e9roule cette fois-ci en Corse. \u00ab C\u2019est un gros coup de c\u0153ur et je trouve qu\u2019il y a beaucoup de points communs avec la Franche-Comt\u00e9, notamment le Haut-Doubs et le Haut-Jura. D\u00e9j\u00e0, ce sont des peuples montagnards au d\u00e9part. Ils sont tr\u00e8s attach\u00e9s \u00e0 leur terre, il y a un c\u00f4t\u00e9 identitaire et ont subi beaucoup d\u2019invasions, comme en Franche-Comt\u00e9 \u00bb, d\u00e9taille l\u2019auteur. Des r\u00e9f\u00e9rences \u00e0 la Franche-Comt\u00e9 peuvent \u00eatre retrouv\u00e9es, notamment avec la pr\u00e9sence de personnages figurants dans son pr\u00e9c\u00e9dent ouvrage.<\/p>\n<p>Le roman conte les aventures de la jeune Madison Quigley, d\u00e9j\u00e0 h\u00e9ro\u00efne de ses deux premiers romans, venue sur l\u2019\u00eele de beaut\u00e9 avec ses amis. Ils rendent visite aux parents adoptifs de Nicolas, originaires de Franche-Comt\u00e9 et pr\u00e9sents dans Les Disparues de Belvoir, qui se sont install\u00e9s en Corse. Madison se retrouve dans une intrigue centr\u00e9e autour d\u2019un m\u00e9daillon transmis par la m\u00e8re biologique de Nicolas. Les \u00e9l\u00e9ments de d\u00e9cors sont r\u00e9els, mais les personnages et \u00e9v\u00e9nements sont fictifs. \u00ab J\u2019ai fait beaucoup de recherches sur l\u2019histoire et la culture corses. J\u2019ai demand\u00e9 \u00e0 une institutrice, native du coin, de corriger les expressions corses. Je souhaite coller au plus pr\u00e8s de la r\u00e9alit\u00e9, pour que le lecteur arrive \u00e0 se transposer dans des d\u00e9cors vrais \u00bb. Michael Arnoulet travaille sur une nouvelle intrigue, dans le but de r\u00e9aliser une trilogie des aventures de Madison, faisant du roman La Fabuleuse histoire de Madison Quigley, le pr\u00e9quel. <\/p>\n<p><a href=\"#\" target=\"_blank\"><img decoding=\"async\" src=\"https:\/\/www.europesays.com\/fr\/wp-content\/uploads\/2025\/04\/newspaper-rec728.jpg\"\/><\/a>        &#13;<br \/>\n&#13;<br \/>\n&#13;<br \/>\n        &#13;<br \/>\n                        &#13;<br \/>\n            &#13;<br \/>\n&#13;<br \/>\n                                    \t                &#13;<br \/>\n&#13;<\/p>\n","protected":false},"excerpt":{"rendered":"&#13; &#13; &#13; &#13; &#13; Natif de Pontarlier, ayant grandi \u00e0 Sochaux puis \u00e9tudi\u00e9 \u00e0 Besan\u00e7on, l\u2019\u00e9crivain Michael&hellip;\n","protected":false},"author":2,"featured_media":434708,"comment_status":"","ping_status":"","sticky":false,"template":"","format":"standard","meta":{"footnotes":""},"categories":[1357],"tags":[1379,58,59,1011,27,1380],"class_list":{"0":"post-434707","1":"post","2":"type-post","3":"status-publish","4":"format-standard","5":"has-post-thumbnail","7":"category-livres","8":"tag-books","9":"tag-divertissement","10":"tag-entertainment","11":"tag-fr","12":"tag-france","13":"tag-livres"},"share_on_mastodon":{"url":"https:\/\/pubeurope.com\/@fr\/115306931781304729","error":""},"_links":{"self":[{"href":"https:\/\/www.europesays.com\/fr\/wp-json\/wp\/v2\/posts\/434707","targetHints":{"allow":["GET"]}}],"collection":[{"href":"https:\/\/www.europesays.com\/fr\/wp-json\/wp\/v2\/posts"}],"about":[{"href":"https:\/\/www.europesays.com\/fr\/wp-json\/wp\/v2\/types\/post"}],"author":[{"embeddable":true,"href":"https:\/\/www.europesays.com\/fr\/wp-json\/wp\/v2\/users\/2"}],"replies":[{"embeddable":true,"href":"https:\/\/www.europesays.com\/fr\/wp-json\/wp\/v2\/comments?post=434707"}],"version-history":[{"count":0,"href":"https:\/\/www.europesays.com\/fr\/wp-json\/wp\/v2\/posts\/434707\/revisions"}],"wp:featuredmedia":[{"embeddable":true,"href":"https:\/\/www.europesays.com\/fr\/wp-json\/wp\/v2\/media\/434708"}],"wp:attachment":[{"href":"https:\/\/www.europesays.com\/fr\/wp-json\/wp\/v2\/media?parent=434707"}],"wp:term":[{"taxonomy":"category","embeddable":true,"href":"https:\/\/www.europesays.com\/fr\/wp-json\/wp\/v2\/categories?post=434707"},{"taxonomy":"post_tag","embeddable":true,"href":"https:\/\/www.europesays.com\/fr\/wp-json\/wp\/v2\/tags?post=434707"}],"curies":[{"name":"wp","href":"https:\/\/api.w.org\/{rel}","templated":true}]}}