{"id":434712,"date":"2025-10-02T22:30:33","date_gmt":"2025-10-02T22:30:33","guid":{"rendered":"https:\/\/www.europesays.com\/fr\/434712\/"},"modified":"2025-10-02T22:30:33","modified_gmt":"2025-10-02T22:30:33","slug":"ce-nouvel-indice-prouve-que-la-nouvelle-version-sera-plus-fidele-aux-livres-que-les-films","status":"publish","type":"post","link":"https:\/\/www.europesays.com\/fr\/434712\/","title":{"rendered":"Ce nouvel indice prouve que la nouvelle version sera plus fid\u00e8le aux livres que les films"},"content":{"rendered":"<p>Les sp\u00e9culations vont bon train sur la future s\u00e9rie Harry Potter. Si le programme de HBO Max ne doit pas sortir avant 2027, les fans suivent tous de tr\u00e8s pr\u00e8s les nouvelles informations \u00e0 son sujet. Apr\u00e8s avoir vu des images du tournage, ils sont d\u00e9sormais persuad\u00e9s que cette version sera beaucoup plus fid\u00e8le aux livres que les films.<\/p>\n<p>Elle intrigue et inqui\u00e8te \u00e0 la fois. La s\u00e9rie <a href=\"https:\/\/www.programme-tv.net\/news\/series-tv\/348110-serie-harry-potter-tournage-casting-toutes-les-informations-deja-connues-sur-la-serie-evenement\/\" data-api-deeplink=\"teleloisirs:\/\/news\/348110\" rel=\"nofollow noopener\" target=\"_blank\">Harry Potter<\/a> en pr\u00e9paration pour HBO Max est tr\u00e8s attendue par les fans de la saga litt\u00e9raire sign\u00e9e J.K. Rowling. Alors que les films se sont termin\u00e9s en 2011, l\u2019aventure Harry Potter va revenir courant 2027 \u2013 on ne conna\u00eet pas encore la date exacte \u2013 sous forme de s\u00e9rie. Les informations autour de cette nouvelle adaptation sont parcellaires. On sait que l\u2019autrice en est la productrice ex\u00e9cutive et que les producteurs et r\u00e9alisateurs ont choisi d\u2019adapter un livre par saison. Deux informations qui devraient faire de la s\u00e9rie une \u0153uvre beaucoup plus fid\u00e8le \u00e0 la saga originelle que les huit films, puisqu&rsquo;elle aura beaucoup plus de temps pour d\u00e9velopper l&rsquo;histoire. Selon le site am\u00e9ricain <a href=\"https:\/\/collider.com\/hbo-harry-potter-series-set-images-dedalus-diggle-vernon-dursley-prologue-scene\/?utm_medium=Social-Distribution&amp;utm_campaign=Linkinbio-Collider&amp;utm_source=Instagram\" rel=\"nofollow noopener\" target=\"_blank\">Collider<\/a>, cette hypoth\u00e8se se confirme alors que les acteurs ont d\u00e9but\u00e9 le tournage de la saison 1 \u00e0 l&rsquo;\u00e9t\u00e9 2025.<\/p>\n<p>                        Pas vue au cin\u00e9ma, cette sc\u00e8ne du premier tome devrait figurer dans la s\u00e9rie Harry Potter<\/p>\n<p>De premi\u00e8res images vol\u00e9es du tournage laissent appara\u00eetre la ville de Hoddesdon, en Angleterre, red\u00e9cor\u00e9e pour donner une ambiance ann\u00e9es 1980. Cela a son importance car l\u2019histoire de Harry Potter d\u00e9bute dans les ann\u00e9es 1990. En revanche, dans <a href=\"https:\/\/www.programme-tv.net\/news\/cinema\/338445-harry-potter-a-lecole-des-sorciers-ce-role-que-robin-williams-voulait-absolument-jouer\/\" data-api-deeplink=\"teleloisirs:\/\/news\/338445\" rel=\"nofollow noopener\" target=\"_blank\">Harry Potter \u00e0 l\u2019\u00e9cole des sorciers<\/a>, J.K. Rowling avait \u00e9crit un prologue qui se d\u00e9roulait en 1981. L\u2019oncle Vernon se promenait alors dans la rue et ne cessait de voir des gens habill\u00e9s de mani\u00e8re \u00e9trange, et agissant bizarrement. Il \u00e9tait alors abord\u00e9 par un homme farfelu. Les photos capt\u00e9es sur le tournage et post\u00e9es sur le forum <a href=\"https:\/\/www.reddit.com\/r\/HarryPotteronHBO\/comments\/1nocwvb\/dedalus_diggle_and_vernon_dursley\/?utm_source=embedv2&amp;utm_medium=post_embed&amp;utm_content=whitespace&amp;embed_host_url=https:\/\/collider.com\/hbo-harry-potter-series-set-images-dedalus-diggle-vernon-dursley-prologue-scene\/\" rel=\"nofollow noopener\" target=\"_blank\">Reddit <\/a>d\u00e9di\u00e9 \u00e0 la s\u00e9rie \u00e0 venir semblent d\u00e9peindre cette sc\u00e8ne exacte. Dans la s\u00e9rie, l&rsquo;oncle malveillant de Harry Potter est incarn\u00e9 par l&rsquo;acteur Daniel Rigby, vu dans <a href=\"https:\/\/www.programme-tv.net\/news\/series-tv\/304132-landscapers-canal-y-aura-t-il-une-saison-2\/\" data-api-deeplink=\"teleloisirs:\/\/news\/304132\" rel=\"nofollow noopener\" target=\"_blank\">Landscapers<\/a>.<\/p>\n<p>            Qui jouera Voldemort dans la s\u00e9rie Harry Potter ?<\/p>\n<p>Si la s\u00e9rie Harry Potter prend le parti de montrer des sc\u00e8nes encore jamais vues \u00e0 l\u2019\u00e9cran, cela pourrait achever de convaincre les fans de la regarder. Un autre \u00e9l\u00e9ment majeur sera essentiel : <a href=\"https:\/\/www.programme-tv.net\/news\/series-tv\/386249-bonne-chance-a-qui-le-jouera-cet-acteur-dement-les-rumeurs-il-ne-sera-pas-voldemort-dans-la-serie-harry-potter\/\" data-api-deeplink=\"teleloisirs:\/\/news\/386249\" rel=\"nofollow noopener\" target=\"_blank\">l\u2019acteur qui jouera Voldemort.<\/a> Puisque le personnage n\u2019appara\u00eet pas dans le premier tome de la saga, aucun acteur n\u2019a encore \u00e9t\u00e9 choisi pour le jouer dans la s\u00e9rie. Si les fans voulaient voir <a href=\"https:\/\/www.programme-tv.net\/biographie\/19224-murphy-cillian\/\" data-link-people=\"5cfba3c1-b93e-41ae-bdf6-240ca2454dcd\" rel=\"nofollow noopener\" target=\"_blank\">Cillian Murphy<\/a> reprendre le r\u00f4le jou\u00e9 par <a href=\"https:\/\/www.programme-tv.net\/biographie\/401-fiennes-ralph\/\" data-link-people=\"890bb0d2-743e-4dea-a0f2-e64a78fa787d\" rel=\"nofollow noopener\" target=\"_blank\">Ralph Fiennes<\/a> au cin\u00e9ma, l\u2019acteur a douch\u00e9 leurs espoirs.<\/p>\n<p>Article \u00e9crit en collaboration avec 6M\u00e9dias.<\/p>\n","protected":false},"excerpt":{"rendered":"Les sp\u00e9culations vont bon train sur la future s\u00e9rie Harry Potter. Si le programme de HBO Max ne&hellip;\n","protected":false},"author":2,"featured_media":434713,"comment_status":"","ping_status":"","sticky":false,"template":"","format":"standard","meta":{"footnotes":""},"categories":[1354],"tags":[244,58,59,1346,1011,27,6610,5371,10659,1360,10395,4496,129],"class_list":{"0":"post-434712","1":"post","2":"type-post","3":"status-publish","4":"format-standard","5":"has-post-thumbnail","7":"category-films","8":"tag-commentaire","9":"tag-divertissement","10":"tag-entertainment","11":"tag-films","12":"tag-fr","13":"tag-france","14":"tag-harry-potter","15":"tag-hbo-max","16":"tag-j-k-rowling","17":"tag-movies","18":"tag-pub-streaming","19":"tag-superstream","20":"tag-svod"},"share_on_mastodon":{"url":"https:\/\/pubeurope.com\/@fr\/115306943239691695","error":""},"_links":{"self":[{"href":"https:\/\/www.europesays.com\/fr\/wp-json\/wp\/v2\/posts\/434712","targetHints":{"allow":["GET"]}}],"collection":[{"href":"https:\/\/www.europesays.com\/fr\/wp-json\/wp\/v2\/posts"}],"about":[{"href":"https:\/\/www.europesays.com\/fr\/wp-json\/wp\/v2\/types\/post"}],"author":[{"embeddable":true,"href":"https:\/\/www.europesays.com\/fr\/wp-json\/wp\/v2\/users\/2"}],"replies":[{"embeddable":true,"href":"https:\/\/www.europesays.com\/fr\/wp-json\/wp\/v2\/comments?post=434712"}],"version-history":[{"count":0,"href":"https:\/\/www.europesays.com\/fr\/wp-json\/wp\/v2\/posts\/434712\/revisions"}],"wp:featuredmedia":[{"embeddable":true,"href":"https:\/\/www.europesays.com\/fr\/wp-json\/wp\/v2\/media\/434713"}],"wp:attachment":[{"href":"https:\/\/www.europesays.com\/fr\/wp-json\/wp\/v2\/media?parent=434712"}],"wp:term":[{"taxonomy":"category","embeddable":true,"href":"https:\/\/www.europesays.com\/fr\/wp-json\/wp\/v2\/categories?post=434712"},{"taxonomy":"post_tag","embeddable":true,"href":"https:\/\/www.europesays.com\/fr\/wp-json\/wp\/v2\/tags?post=434712"}],"curies":[{"name":"wp","href":"https:\/\/api.w.org\/{rel}","templated":true}]}}