{"id":434718,"date":"2025-10-02T22:33:13","date_gmt":"2025-10-02T22:33:13","guid":{"rendered":"https:\/\/www.europesays.com\/fr\/434718\/"},"modified":"2025-10-02T22:33:13","modified_gmt":"2025-10-02T22:33:13","slug":"en-images-que-sont-devenus-les-gagnants-de-the-voice-kids","status":"publish","type":"post","link":"https:\/\/www.europesays.com\/fr\/434718\/","title":{"rendered":"En images. Que sont devenus les gagnants de \u00ab\u00a0The Voice Kids\u00a0\u00bb\u00a0?"},"content":{"rendered":"<p>Dans la cour des grands. Samedi \u00e0 21h10 sur <a href=\"https:\/\/www.20minutes.fr\/dossier\/tf1\" class=\"c-link c-link--is-underlined\" target=\"_blank\" rel=\"noopener\">TF1<\/a>, huit candidats et candidates vont s\u2019affronter pour tenter de remporter la onzi\u00e8me saison de \u00ab\u00a0<a href=\"https:\/\/www.20minutes.fr\/television\/the-voice-kids\/\" class=\"c-link c-link--is-underlined\" target=\"_blank\" rel=\"noopener\">The Voice Kids<\/a>\u00a0\u00bb. Qui de Diego ou de Wylie (team <a href=\"https:\/\/www.20minutes.fr\/arts-stars\/santa\/\" class=\"c-link c-link--is-underlined\" target=\"_blank\" rel=\"noopener\">Santa<\/a>), d\u2019Ella ou de Miriam (team <a href=\"https:\/\/www.20minutes.fr\/dossier\/soprano\" class=\"c-link c-link--is-underlined\" target=\"_blank\" rel=\"noopener\">Soprano<\/a>), d\u2019Albert ou de Charlotte (team Patrick Fiori), de Roxane et ou de Kimon (team <a href=\"https:\/\/www.20minutes.fr\/dossier\/matt_pokora\" class=\"c-link c-link--is-underlined\" target=\"_blank\" rel=\"noopener\">Matt Pokora<\/a>) va succ\u00e9der \u00e0 Tim, vainqueur de la dixi\u00e8me saison\u00a0?<\/p>\n<p>Avant de conna\u00eetre l\u2019identit\u00e9 du ou de la gagnante de la saison 11 de \u00ab\u00a0The Voice Kids\u00a0\u00bb, 20 Minutes vous propose de revenir sur les jeunes talents qui se sont illustr\u00e9s en remportant le t\u00e9l\u00e9crochet de TF1. Et de savoir ce qu\u2019ils sont devenus.<\/p>\n","protected":false},"excerpt":{"rendered":"Dans la cour des grands. Samedi \u00e0 21h10 sur TF1, huit candidats et candidates vont s\u2019affronter pour tenter&hellip;\n","protected":false},"author":2,"featured_media":434719,"comment_status":"","ping_status":"","sticky":false,"template":"","format":"standard","meta":{"footnotes":""},"categories":[8],"tags":[1695,58,847,59,1011,27,252,199,10828],"class_list":{"0":"post-434718","1":"post","2":"type-post","3":"status-publish","4":"format-standard","5":"has-post-thumbnail","7":"category-divertissement","8":"tag-chanson","9":"tag-divertissement","10":"tag-enfant","11":"tag-entertainment","12":"tag-fr","13":"tag-france","14":"tag-television","15":"tag-tf1","16":"tag-the-voice-kids"},"share_on_mastodon":{"url":"https:\/\/pubeurope.com\/@fr\/115306955112885948","error":""},"_links":{"self":[{"href":"https:\/\/www.europesays.com\/fr\/wp-json\/wp\/v2\/posts\/434718","targetHints":{"allow":["GET"]}}],"collection":[{"href":"https:\/\/www.europesays.com\/fr\/wp-json\/wp\/v2\/posts"}],"about":[{"href":"https:\/\/www.europesays.com\/fr\/wp-json\/wp\/v2\/types\/post"}],"author":[{"embeddable":true,"href":"https:\/\/www.europesays.com\/fr\/wp-json\/wp\/v2\/users\/2"}],"replies":[{"embeddable":true,"href":"https:\/\/www.europesays.com\/fr\/wp-json\/wp\/v2\/comments?post=434718"}],"version-history":[{"count":0,"href":"https:\/\/www.europesays.com\/fr\/wp-json\/wp\/v2\/posts\/434718\/revisions"}],"wp:featuredmedia":[{"embeddable":true,"href":"https:\/\/www.europesays.com\/fr\/wp-json\/wp\/v2\/media\/434719"}],"wp:attachment":[{"href":"https:\/\/www.europesays.com\/fr\/wp-json\/wp\/v2\/media?parent=434718"}],"wp:term":[{"taxonomy":"category","embeddable":true,"href":"https:\/\/www.europesays.com\/fr\/wp-json\/wp\/v2\/categories?post=434718"},{"taxonomy":"post_tag","embeddable":true,"href":"https:\/\/www.europesays.com\/fr\/wp-json\/wp\/v2\/tags?post=434718"}],"curies":[{"name":"wp","href":"https:\/\/api.w.org\/{rel}","templated":true}]}}