{"id":434726,"date":"2025-10-02T22:37:14","date_gmt":"2025-10-02T22:37:14","guid":{"rendered":"https:\/\/www.europesays.com\/fr\/434726\/"},"modified":"2025-10-02T22:37:14","modified_gmt":"2025-10-02T22:37:14","slug":"apres-le-guet-apens-mortel-a-grande-synthe-trois-mineurs-ecopent-de-18-a-20-ans-de-reclusion","status":"publish","type":"post","link":"https:\/\/www.europesays.com\/fr\/434726\/","title":{"rendered":"Apr\u00e8s le guet-apens mortel \u00e0 Grande-Synthe, trois mineurs \u00e9copent de 18 \u00e0 20 ans de r\u00e9clusion"},"content":{"rendered":"<p>Un guet-apens dramatique. Trois adolescents ont \u00e9t\u00e9 condamn\u00e9s jeudi \u00e0 des peines de 18 ans de r\u00e9clusion criminelle pour l\u2019un, et de 20 ans pour les deux autres, pour l\u2019assassinat d\u2019un jeune homme,<a href=\"https:\/\/www.20minutes.fr\/faits_divers\/4087380-20240419-mort-philippe-grande-synthe-deux-mineurs-mis-examen-assassinat\" class=\"c-link c-link--is-underlined\" target=\"_blank\" rel=\"noopener\"> Philippe Coopman, en\u00a02024 \u00e0 Grande-Synthe<\/a>, pr\u00e8s de Dunkerque (<a href=\"https:\/\/www.20minutes.fr\/dossier\/nord\" class=\"c-link c-link--is-underlined\" target=\"_blank\" rel=\"noopener\">Nord<\/a>). Le verdict du tribunal pour enfants de Dunkerque est all\u00e9 au-del\u00e0 des r\u00e9quisitions du parquet, qui avait r\u00e9clam\u00e9 17, 18 et 20 ans de prison.<\/p>\n<p>Du fait de leur minorit\u00e9, les trois accus\u00e9s, jug\u00e9s \u00e0 huis clos depuis lundi, encouraient 20 ans de r\u00e9clusion criminelle maximum. Leurs peines de prison ont \u00e9t\u00e9 notamment assorties de suivis socio-judiciaires de 5 et 7 ans, avec injonction de soins.<\/p>\n<\/p>\n<p>Battu \u00e0 mort<\/p>\n<p>Dans la nuit du 16\u00a0avril 2024, Philippe Coopman, 22 ans, avait \u00e9t\u00e9 battu \u00e0 mort lors d\u2019un guet-apens sur un parking de Grande-Synthe. Trois adolescents \u00e2g\u00e9s de 14 et 15 ans, dont deux cousins, avaient \u00e9t\u00e9 rapidement interpell\u00e9s puis mis en examen pour \u00ab\u00a0meurtre avec guet-apens\u00a0\u00bb, l\u2019\u00e9quivalent d\u2019un assassinat, puis plac\u00e9s en d\u00e9tention provisoire. En rentrant dans le box des accus\u00e9s pour entendre le verdict, l\u2019un \u00e9tait l\u00e9g\u00e8rement souriant, tandis qu\u2019un autre regardait ses pieds.<\/p>\n<p>\u00ab\u00a0Ces quatre jours de proc\u00e8s, c\u2019est du domaine de l\u2019indicible, j\u2019en ai perdu ma voix [\u2026]. Justice a \u00e9t\u00e9 faite\u00a0\u00bb, a r\u00e9agi juste apr\u00e8s le verdict Me Ana\u00efs Pascal, avocate des parties civiles. Ce verdict \u00ab\u00a0satisfait\u00a0\u00bb ses clients car il va leur permettre pour certains de \u00ab\u00a0commencer leur deuil et pour d\u2019autres, de le poursuivre\u00a0\u00bb, a ajout\u00e9 l\u2019avocate. Les avocates de la d\u00e9fense n\u2019ont pas souhait\u00e9 s\u2019exprimer devant la presse apr\u00e8s le verdict, comme durant tout le proc\u00e8s.<\/p>\n<p>En garde \u00e0 vue, deux des mineurs avaient d\u00e9clar\u00e9 avoir donn\u00e9 rendez-vous en pleine nuit \u00e0 un homme, qu\u2019ils assuraient \u00eatre Philippe Coopman, sur le parking d\u2019une sup\u00e9rette via le site de chat en ligne \u00ab\u00a0Cocoland\u00a0\u00bb, en se faisant passer pour une jeune fille mineure. Ils s\u2019\u00e9taient justifi\u00e9s de l\u2019avoir agress\u00e9 en estimant qu\u2019il \u00e9tait \u00ab\u00a0r\u00e9pr\u00e9hensible\u00a0\u00bb pour un homme majeur de r\u00e9pondre \u00e0 une telle annonce, avait expliqu\u00e9 le parquet de <a href=\"https:\/\/www.20minutes.fr\/dossier\/dunkerque\" class=\"c-link c-link--is-underlined\" target=\"_blank\" rel=\"noopener\">Dunkerque<\/a> en avril\u00a02024.<\/p>\n<p>\u00ab\u00a0Barbarie\u00a0\u00bb<\/p>\n<p>Cependant, une autre personne qui avait r\u00e9pondu \u00e0 cette fausse annonce \u00e9tait \u00ab\u00a0imm\u00e9diatement venue se d\u00e9noncer au d\u00e9but de la proc\u00e9dure\u00a0\u00bb, avait affirm\u00e9 lundi Me Pascal. \u00ab\u00a0\u00c7a a \u00e9t\u00e9 confirm\u00e9 durant le proc\u00e8s, il (Philippe Coopman, NDLR) \u00e9tait bien l\u00e0 au mauvais endroit au mauvais moment\u00a0\u00bb, a-t-elle maintenu jeudi, parlant de \u00ab\u00a0preuves irr\u00e9futables\u00a0\u00bb. Son honneur \u00ab\u00a0a \u00e9t\u00e9 lav\u00e9 et nous en sommes profond\u00e9ment reconnaissants\u00a0\u00bb, a rench\u00e9ri jeudi Yacine, un ami de la victime, dans un discours lu \u00e0 l\u2019issue du proc\u00e8s au nom de toutes les parties civiles.<\/p>\n<p>\u00ab\u00a0M\u00eame les accus\u00e9s ont reconnu eux-m\u00eames la v\u00e9rit\u00e9\u00a0: Philippe ne m\u00e9ritait pas ce qui lui est arriv\u00e9\u00a0\u00bb, a-t-il ajout\u00e9. Lundi, Me Pascal avait d\u00e9crit ses agresseurs comme \u00ab\u00a0extr\u00eamement violents, avec des parcours de vie carenc\u00e9s\u00a0\u00bb, n\u2019ayant \u00ab\u00a0pas beaucoup d\u2019empathie, si ce n\u2019est pas du tout, pour les victimes\u00a0\u00bb. Elle avait d\u00e9nonc\u00e9 un acte de \u00ab\u00a0barbarie\u00a0\u00bb\u00a0: Philippe Coopman a \u00e9t\u00e9 \u00ab\u00a0massacr\u00e9\u00a0\u00bb, avait-elle insist\u00e9.<\/p>\n<p>Cette affaire avait d\u00e9clench\u00e9 une vive \u00e9motion \u00e0 Grande-Synthe, o\u00f9 de nombreux habitants connaissaient Philippe Coopman, animateur dans des centres de loisirs de la ville et qui souhaitait devenir kin\u00e9. Signes des tensions, le maire socialiste de Grande-Synthe, Martial Beyaert, avait d\u00fb lancer un appel au calme et renoncer \u00e0 se rendre aux obs\u00e8ques pour des raisons de s\u00e9curit\u00e9, apr\u00e8s des menaces de mort.<\/p>\n<p>\u00ab\u00a0Nous voulons rappeler que derri\u00e8re chaque victime, il y a une vie pr\u00e9cieuse, une famille bris\u00e9e, une communaut\u00e9 bless\u00e9e\u00a0\u00bb, a soulign\u00e9 jeudi Yacine dans son discours. \u00ab\u00a0<a href=\"https:\/\/www.20minutes.fr\/societe\/grande-synthe\/\" class=\"c-link c-link--is-underlined\" target=\"_blank\" rel=\"noopener\">Grande-Synthe<\/a>, et plus g\u00e9n\u00e9ralement tout le Dunkerquois, se souviendra toujours de cette histoire\u00a0\u00bb.<\/p>\n","protected":false},"excerpt":{"rendered":"Un guet-apens dramatique. Trois adolescents ont \u00e9t\u00e9 condamn\u00e9s jeudi \u00e0 des peines de 18 ans de r\u00e9clusion criminelle&hellip;\n","protected":false},"author":2,"featured_media":434727,"comment_status":"","ping_status":"","sticky":false,"template":"","format":"standard","meta":{"footnotes":""},"categories":[4],"tags":[47,11,920,1011,27,56228,811,303,12,1308,1309,15860,25,104,37854],"class_list":{"0":"post-434726","1":"post","2":"type-post","3":"status-publish","4":"format-standard","5":"has-post-thumbnail","7":"category-france","8":"tag-actualite","9":"tag-actualites","10":"tag-dunkerque","11":"tag-fr","12":"tag-france","13":"tag-grande-synthe","14":"tag-hauts-de-france","15":"tag-justice","16":"tag-news","17":"tag-nord","18":"tag-nord-pas-de-calais","19":"tag-parquet","20":"tag-republique-francaise","21":"tag-societe","22":"tag-violence-des-mineurs"},"share_on_mastodon":{"url":"https:\/\/pubeurope.com\/@fr\/115306971065082447","error":""},"_links":{"self":[{"href":"https:\/\/www.europesays.com\/fr\/wp-json\/wp\/v2\/posts\/434726","targetHints":{"allow":["GET"]}}],"collection":[{"href":"https:\/\/www.europesays.com\/fr\/wp-json\/wp\/v2\/posts"}],"about":[{"href":"https:\/\/www.europesays.com\/fr\/wp-json\/wp\/v2\/types\/post"}],"author":[{"embeddable":true,"href":"https:\/\/www.europesays.com\/fr\/wp-json\/wp\/v2\/users\/2"}],"replies":[{"embeddable":true,"href":"https:\/\/www.europesays.com\/fr\/wp-json\/wp\/v2\/comments?post=434726"}],"version-history":[{"count":0,"href":"https:\/\/www.europesays.com\/fr\/wp-json\/wp\/v2\/posts\/434726\/revisions"}],"wp:featuredmedia":[{"embeddable":true,"href":"https:\/\/www.europesays.com\/fr\/wp-json\/wp\/v2\/media\/434727"}],"wp:attachment":[{"href":"https:\/\/www.europesays.com\/fr\/wp-json\/wp\/v2\/media?parent=434726"}],"wp:term":[{"taxonomy":"category","embeddable":true,"href":"https:\/\/www.europesays.com\/fr\/wp-json\/wp\/v2\/categories?post=434726"},{"taxonomy":"post_tag","embeddable":true,"href":"https:\/\/www.europesays.com\/fr\/wp-json\/wp\/v2\/tags?post=434726"}],"curies":[{"name":"wp","href":"https:\/\/api.w.org\/{rel}","templated":true}]}}