{"id":434730,"date":"2025-10-02T22:39:39","date_gmt":"2025-10-02T22:39:39","guid":{"rendered":"https:\/\/www.europesays.com\/fr\/434730\/"},"modified":"2025-10-02T22:39:39","modified_gmt":"2025-10-02T22:39:39","slug":"octobre-rose-les-vitrines-de-firminy-se-mobilisent-aux-cotes-de-lilys-cabaret-2","status":"publish","type":"post","link":"https:\/\/www.europesays.com\/fr\/434730\/","title":{"rendered":"Octobre Rose : Les Vitrines de Firminy se mobilisent aux c\u00f4t\u00e9s de Lily\u2019s Cabaret"},"content":{"rendered":"<p>Rendez-vous jusqu&rsquo;au 31 octobre dans vos commerces des Vitrines de Firminy.<\/p>\n<p>Chaque ann\u00e9e, le mois d&rsquo;octobre prend une couleur particuli\u00e8re. <b>Octobre Rose<\/b> est un rendez-vous incontournable pour rappeler l&rsquo;importance du d\u00e9pistage pr\u00e9coce du cancer du sein et pour soutenir les femmes touch\u00e9es par la maladie.<br \/>En France, pr\u00e8s d&rsquo;1 femme sur 8 sera confront\u00e9e au cancer du sein au cours de sa vie. Mais d\u00e9tect\u00e9 t\u00f4t, il peut \u00eatre gu\u00e9ri dans <b>9 cas sur 10<\/b>. La sensibilisation est donc essentielle.<\/p>\n<p>Cette ann\u00e9e, <b>Les Vitrines de Firminy<\/b> ont d\u00e9cid\u00e9 de s&rsquo;engager activement en lan\u00e7ant plusieurs actions solidaires au profit de l&rsquo;<b>association Lily&rsquo;s Cabaret<\/b>, une structure locale qui accompagne, soutient et apporte de la joie aux personnes concern\u00e9es par le cancer du sein.<\/p>\n<p>Trois actions solidaires pour tous<\/p>\n<p>Pour permettre \u00e0 chacun de participer, ils ont imagin\u00e9 trois initiatives accessibles, conviviales et porteuses de sens :<\/p>\n<p>1. Les bracelets solidaires \u2013 2 \u20ac<\/p>\n<p>Un symbole \u00e0 porter fi\u00e8rement !<br \/>Dans les magasins partenaires, vous trouverez des bracelets marqu\u00e9s \u00ab Les Vitrines de Firminy soutiennent Octobre Rose \u00bb.<br \/>Pour seulement 2 \u20ac, vous affichez votre soutien tout en contribuant directement \u00e0 la collecte de fonds pour Lily&rsquo;s Cabaret.<\/p>\n<p>2. Les sabl\u00e9s Octobre Rose \u2013 3 \u20ac<\/p>\n<p>Parce que la gourmandise peut aussi \u00eatre solidaire !<br \/>Nos commerces participants proposent des sabl\u00e9s sp\u00e9cialement confectionn\u00e9s pour Octobre Rose.<br \/>Pour <b>3 \u20ac<\/b>, repartez avec une douceur qui a du sens : chaque sabl\u00e9 vendu permet d&rsquo;apporter un peu plus d&rsquo;aide \u00e0 l&rsquo;association.<\/p>\n<p>3. Le don de cheveux \u2013 une coupe offerte en ch\u00e8ques cadeaux<\/p>\n<p>Un geste g\u00e9n\u00e9reux et symbolique.<br \/>Dans les salons partenaires (<b>Jean Louis David, Mix Tifs &amp; BB Coiff&rsquo;<\/b>), toute personne qui choisira de faire don de ses cheveux verra sa coupe <b>rembours\u00e9e en ch\u00e8ques cadeaux Les Vitrines de Firminy<\/b>, valables dans plus de <b>90 commerces locaux<\/b>.<br \/>Une fa\u00e7on d&rsquo;encourager cette belle d\u00e9marche, qui permet de fabriquer des perruques et redonner confiance aux femmes en traitement.<\/p>\n<p>Pourquoi soutenir Lily&rsquo;s Cabaret ?<\/p>\n<p>L&rsquo;association <b>Lily&rsquo;s Cabaret<\/b> \u0153uvre localement dans l&rsquo;accompagnement des femmes touch\u00e9es par le cancer du sein. Par des actions artistiques, des moments de partage et de soutien, elle apporte de la force, de la joie et de la solidarit\u00e9 dans un parcours souvent difficile.<\/p>\n<p>En choisissant de collaborer avec Lily&rsquo;s Cabaret, <b>Les Vitrines de Firminy<\/b> mettent en avant une d\u00e9marche de proximit\u00e9 : soutenir une structure ancr\u00e9e dans le territoire et proche des femmes qui en ont besoin.<\/p>\n<p>Rendez-vous jusqu&rsquo;au 31 octobre dans vos commerces des Vitrines de Firminy<\/p>\n<p>Plus d&rsquo;infos sur le site <a class=\"url\" href=\"https:\/\/lesvitrinesdefirminy.com\/octobre-rose-2\/\" target=\"_blank\" rel=\"noopener\">lesvitrinesdefirminy.com<\/a><\/p>\n<p>Radio SCOOP est partenaire de l&rsquo;op\u00e9ration<\/p>\n<p><\/p>\n<tr>\n<td class=\"defaut\"><a href=\"https:\/\/www.radioscoop.com\/agenda\/javascript:void(0)\" onclick=\"parent.RS.diaporama.addMedia(709570) ;\" target=\"_blank\" rel=\"noopener\"><img loading=\"lazy\" decoding=\"async\" src=\"https:\/\/www.europesays.com\/fr\/wp-content\/uploads\/2025\/10\/1759444779_552_img\" width=\"453\" height=\"640\" border=\"0\" title=\"Octobre Rose : Les Vitrines de Firminy se mobilisent aux c\u00f4t\u00e9s de Lily's Cabaret\"\/><\/a><\/td>\n<\/tr>\n<p><\/p>\n","protected":false},"excerpt":{"rendered":"Rendez-vous jusqu&rsquo;au 31 octobre dans vos commerces des Vitrines de Firminy. Chaque ann\u00e9e, le mois d&rsquo;octobre prend une&hellip;\n","protected":false},"author":2,"featured_media":432264,"comment_status":"","ping_status":"","sticky":false,"template":"","format":"standard","meta":{"footnotes":""},"categories":[9653],"tags":[1111,11,2430,1777,674,1011,27,12,54321,25,4001,12280,56010],"class_list":{"0":"post-434730","1":"post","2":"type-post","3":"status-publish","4":"format-standard","5":"has-post-thumbnail","7":"category-saint-etienne","8":"tag-actu","9":"tag-actualites","10":"tag-auvergne-rhone-alpes","11":"tag-eu","12":"tag-europe","13":"tag-fr","14":"tag-france","15":"tag-news","16":"tag-octobre-rose","17":"tag-republique-francaise","18":"tag-saint-etienne","19":"tag-solidaire","20":"tag-vitrines-de-firminy"},"share_on_mastodon":{"url":"https:\/\/pubeurope.com\/@fr\/115306979143582796","error":""},"_links":{"self":[{"href":"https:\/\/www.europesays.com\/fr\/wp-json\/wp\/v2\/posts\/434730","targetHints":{"allow":["GET"]}}],"collection":[{"href":"https:\/\/www.europesays.com\/fr\/wp-json\/wp\/v2\/posts"}],"about":[{"href":"https:\/\/www.europesays.com\/fr\/wp-json\/wp\/v2\/types\/post"}],"author":[{"embeddable":true,"href":"https:\/\/www.europesays.com\/fr\/wp-json\/wp\/v2\/users\/2"}],"replies":[{"embeddable":true,"href":"https:\/\/www.europesays.com\/fr\/wp-json\/wp\/v2\/comments?post=434730"}],"version-history":[{"count":0,"href":"https:\/\/www.europesays.com\/fr\/wp-json\/wp\/v2\/posts\/434730\/revisions"}],"wp:featuredmedia":[{"embeddable":true,"href":"https:\/\/www.europesays.com\/fr\/wp-json\/wp\/v2\/media\/432264"}],"wp:attachment":[{"href":"https:\/\/www.europesays.com\/fr\/wp-json\/wp\/v2\/media?parent=434730"}],"wp:term":[{"taxonomy":"category","embeddable":true,"href":"https:\/\/www.europesays.com\/fr\/wp-json\/wp\/v2\/categories?post=434730"},{"taxonomy":"post_tag","embeddable":true,"href":"https:\/\/www.europesays.com\/fr\/wp-json\/wp\/v2\/tags?post=434730"}],"curies":[{"name":"wp","href":"https:\/\/api.w.org\/{rel}","templated":true}]}}