{"id":434743,"date":"2025-10-02T22:49:15","date_gmt":"2025-10-02T22:49:15","guid":{"rendered":"https:\/\/www.europesays.com\/fr\/434743\/"},"modified":"2025-10-02T22:49:15","modified_gmt":"2025-10-02T22:49:15","slug":"trois-rendez-vous-en-pays-de-caux","status":"publish","type":"post","link":"https:\/\/www.europesays.com\/fr\/434743\/","title":{"rendered":"trois rendez-vous en pays de Caux"},"content":{"rendered":"<p melodystyle=\"texte\">Le Centre d&rsquo;initiatives pour valoriser l&rsquo;agriculture et le milieu rural (CIVAM) Allouville propose, depuis plusieurs ann\u00e9es, des rendez-vous automnaux pour le grand public dans les exploitations normandes. Cette s\u00e9rie de rencontres s&rsquo;appelle \u00ab\u00a0Fermes en d\u00e9bat\u00a0\u00bb. C&rsquo;est l&rsquo;occasion de d\u00e9couvrir des structures investies et engag\u00e9es en agriculture durable et de rencontrer les producteurs locaux. Trois des six animations se d\u00e9roulent en pays de Caux.<\/p>\n<p>D&rsquo;Harfleur \u00e0 Br\u00e9aut\u00e9<\/p>\n<p melodystyle=\"texte\">Mercredi 15\u00a0octobre, rendez-vous est donn\u00e9 \u00e0 la ferme La Petite Surface \u00e0 Harfleur. Le sujet abordera l&rsquo;injuste prix de notre alimentation. La conf\u00e9rence sera men\u00e9e, \u00e0 18h30, par Chlo\u00e9 Godard, charg\u00e9e de mission circuits courts et accessibilit\u00e9 alimentaire au CIVAM. Elle sera pr\u00e9c\u00e9d\u00e9e, \u00e0 17h30, d&rsquo;une visite de la ferme et se terminera \u00e0 20h45 sur un ap\u00e9ro.<\/p>\n<p melodystyle=\"texte\">Mardi 21\u00a0octobre, la rencontre aura lieu \u00e0 la ferme Les Pr\u00e9s d&rsquo;Artemare, \u00e0 Saint-Vaast-Dieppedalle. \u00ab\u00a0Ce banquet truculent\u00a0\u00bb sera servi \u00ab\u00a0\u00e0 la table des \u00e9changes internationaux\u00a0\u00bb. Il s&rsquo;agira d&rsquo;un spectacle cr\u00e9\u00e9 et anim\u00e9 par Micka\u00ebl Bodergat de La Truculente Compagnie. D\u00e8s 18h30 commencera ce banquet-th\u00e9\u00e2tre\u00a0avec, dans la foul\u00e9e, un repas-ap\u00e9ro. A 17h30, une visite de la ferme sera organis\u00e9e.<\/p>\n<p melodystyle=\"texte\">Enfin, vendredi 24\u00a0octobre, la ferme du P\u00e8re Cauchois \u00e0 Br\u00e9aut\u00e9 (GAEC Delahais) accueillera\u00a0la projection du\u00a0documentaire Leurs champs du c\u0153ur. Ce film part \u00e0 la rencontre de 15 paysannes et paysans \u00e0 travers la France. Leurs t\u00e9moignages \u00e9clairent les d\u00e9fis quotidiens du m\u00e9tier, les solutions concr\u00e8tes mais aussi l&rsquo;espoir d&rsquo;un changement collectif.\u00a0La projection programm\u00e9e \u00e0 19h sera\u00a0accompagn\u00e9e\u00a0d&rsquo;un temps d&rsquo;\u00e9change avec divers intervenants dont plusieurs agriculteurs du secteur. Un ap\u00e9ro conclura cette rencontre \u00e0 21h. A 17h45, comme sur les autres dates, il sera possible de visiter les lieux.<\/p>\n","protected":false},"excerpt":{"rendered":"Le Centre d&rsquo;initiatives pour valoriser l&rsquo;agriculture et le milieu rural (CIVAM) Allouville propose, depuis plusieurs ann\u00e9es, des rendez-vous&hellip;\n","protected":false},"author":2,"featured_media":434744,"comment_status":"","ping_status":"","sticky":false,"template":"","format":"standard","meta":{"footnotes":""},"categories":[9587],"tags":[1111,11,1777,674,1011,27,12,5161,25,9590],"class_list":{"0":"post-434743","1":"post","2":"type-post","3":"status-publish","4":"format-standard","5":"has-post-thumbnail","7":"category-rouen","8":"tag-actu","9":"tag-actualites","10":"tag-eu","11":"tag-europe","12":"tag-fr","13":"tag-france","14":"tag-news","15":"tag-normandie","16":"tag-republique-francaise","17":"tag-rouen"},"share_on_mastodon":{"url":"https:\/\/pubeurope.com\/@fr\/115307017927997004","error":""},"_links":{"self":[{"href":"https:\/\/www.europesays.com\/fr\/wp-json\/wp\/v2\/posts\/434743","targetHints":{"allow":["GET"]}}],"collection":[{"href":"https:\/\/www.europesays.com\/fr\/wp-json\/wp\/v2\/posts"}],"about":[{"href":"https:\/\/www.europesays.com\/fr\/wp-json\/wp\/v2\/types\/post"}],"author":[{"embeddable":true,"href":"https:\/\/www.europesays.com\/fr\/wp-json\/wp\/v2\/users\/2"}],"replies":[{"embeddable":true,"href":"https:\/\/www.europesays.com\/fr\/wp-json\/wp\/v2\/comments?post=434743"}],"version-history":[{"count":0,"href":"https:\/\/www.europesays.com\/fr\/wp-json\/wp\/v2\/posts\/434743\/revisions"}],"wp:featuredmedia":[{"embeddable":true,"href":"https:\/\/www.europesays.com\/fr\/wp-json\/wp\/v2\/media\/434744"}],"wp:attachment":[{"href":"https:\/\/www.europesays.com\/fr\/wp-json\/wp\/v2\/media?parent=434743"}],"wp:term":[{"taxonomy":"category","embeddable":true,"href":"https:\/\/www.europesays.com\/fr\/wp-json\/wp\/v2\/categories?post=434743"},{"taxonomy":"post_tag","embeddable":true,"href":"https:\/\/www.europesays.com\/fr\/wp-json\/wp\/v2\/tags?post=434743"}],"curies":[{"name":"wp","href":"https:\/\/api.w.org\/{rel}","templated":true}]}}