{"id":43475,"date":"2025-04-22T08:15:15","date_gmt":"2025-04-22T08:15:15","guid":{"rendered":"https:\/\/www.europesays.com\/fr\/43475\/"},"modified":"2025-04-22T08:15:15","modified_gmt":"2025-04-22T08:15:15","slug":"a-villeurbanne-lfi-prepare-un-peu-plus-le-divorce-a-gauche","status":"publish","type":"post","link":"https:\/\/www.europesays.com\/fr\/43475\/","title":{"rendered":"\u00e0 Villeurbanne, LFI pr\u00e9pare un peu plus le divorce \u00e0 gauche"},"content":{"rendered":"<p>Le PS accus\u00e9 \u00ab\u00a0d&rsquo;\u00e9pouser les th\u00e8ses de l&rsquo;extr\u00eame-droite isra\u00e9lienne\u00a0\u00bb : \u00e0 Villeurbanne, LFI pr\u00e9pare un peu plus le divorce \u00e0 gauche &#8211; LyonMag<\/p>\n<p itemprop=\"description\"><strong>Ce n&rsquo;est plus un secret pour personne.<\/strong><\/p>\n<p>Comme l&rsquo;annon\u00e7ait LyonMag d\u00e8s septembre dernier, la France insoumise a de grandes ambitions pour plusieurs villes de l&rsquo;agglom\u00e9ration aux \u00e9lections municipales 2026.<\/p>\n<p>Et si les ambitions de LFI pour Vaulx-en-Velin, V\u00e9nissieux et Saint-Fons ne font gu\u00e8re de remous, celles pour Villeurbanne ont des r\u00e9percussions bien plus importantes.<\/p>\n<p>Historiquement socialiste, la 2e ville de la M\u00e9tropole de Lyon est au coeur d&rsquo;un jeu de pouvoirs de plus en plus oppressant.<\/p>\n<p>Dernier \u00e9pisode en date avec la venue \u00e0 Lyon la semaine pass\u00e9e d&rsquo;Olivier Faure et Boris Vallaud. Les deux figures du PS se sont affich\u00e9es aux c\u00f4t\u00e9s de <a href=\"https:\/\/www.lyonmag.com\/profil-personnalite-lyonnaise\/503\/cedric-van-styvendael\" target=\"_blank\" rel=\"noopener\">C\u00e9dric Van Styvendael<\/a>, maire socialiste de Villeurbanne, et lui ont apport\u00e9 leur soutien, balayant d&rsquo;un revers de la main les vell\u00e9it\u00e9s insoumises.<\/p>\n<p>\u00ab\u00a0M. Faure pr\u00e9tend incarner l\u2019unit\u00e9 de la gauche\u2026 tout en rejetant la France insoumise et en tendant la main \u00e0 Rapha\u00ebl Glucksmann. Cette posture est non seulement incoh\u00e9rente, mais elle tourne le dos \u00e0 l\u2019histoire r\u00e9cente de notre camp\u00a0\u00bb, d\u00e9noncent dans un communiqu\u00e9 commun le d\u00e9put\u00e9 LFI de Villeurbanne <a href=\"https:\/\/www.lyonmag.com\/profil-personnalite-lyonnaise\/707\/gabriel-amard\" target=\"_blank\" rel=\"noopener\">Gabriel Amard<\/a>, ainsi que les deux co-chefs de file insoumis Mathieu Garabedian et Ga\u00eblle Fabriguet.<\/p>\n<p>Selon eux, quand le PS les accuse d&rsquo;\u00eatre antis\u00e9mites, le parti \u00e0 la rose \u00ab\u00a0\u00e9pouse les th\u00e8ses de l\u2019extr\u00eame droite isra\u00e9lienne\u00a0\u00bb et \u00ab\u00a0fait honte \u00e0 la cause humaniste et aux principes \u00e9mancipateurs de la R\u00e9publique\u00a0\u00bb.<\/p>\n<p>Gabriel Amard et les chefs de file rappellent \u00e9galement les r\u00e9cents scores de LFI \u00e0 Villeurbanne aux \u00e9lections europ\u00e9ennes et \u00e0 la pr\u00e9sidentielle 2022, pla\u00e7ant le parti de Jean-Luc M\u00e9lenchon loin devant le PS.<\/p>\n<p>\u00ab\u00a0Les r\u00e9centes d\u00e9clarations n\u2019ouvrent pas de perspectives constructives. Elles enferment le PS villeurbannais dans une impasse. De notre c\u00f4t\u00e9, nous gardons la porte ouverte \u00e0 toutes celles et ceux qui refusent ces postures politiciennes et qui partagent sinc\u00e8rement l\u2019ambition d\u2019un Nouveau Front Populaire uni, \u00e0 la hauteur des attentes du peuple et v\u00e9ritable alternative au monde de mis\u00e8re des droites et de l\u2019extr\u00eame droite\u00a0\u00bb, concluent-ils, ouvrant de plus en plus la porte \u00e0 une liste insoumise au premier tour des municipales \u00e0 Villeurbanne face au maire sortant.<\/p>\n","protected":false},"excerpt":{"rendered":"Le PS accus\u00e9 \u00ab\u00a0d&rsquo;\u00e9pouser les th\u00e8ses de l&rsquo;extr\u00eame-droite isra\u00e9lienne\u00a0\u00bb : \u00e0 Villeurbanne, LFI pr\u00e9pare un peu plus le&hellip;\n","protected":false},"author":2,"featured_media":43476,"comment_status":"","ping_status":"","sticky":false,"template":"","format":"standard","meta":{"footnotes":""},"categories":[1889],"tags":[1111,11,2813,2190,2430,1109,251,1112,2811,1777,674,118,1011,27,1922,1110,1114,2428,2810,12,241,316,25,2812,517,800],"class_list":{"0":"post-43475","1":"post","2":"type-post","3":"status-publish","4":"format-standard","5":"has-post-thumbnail","7":"category-lyon","8":"tag-actu","9":"tag-actualites","10":"tag-article","11":"tag-asvel","12":"tag-auvergne-rhone-alpes","13":"tag-breves","14":"tag-culture","15":"tag-depeches","16":"tag-economique","17":"tag-eu","18":"tag-europe","19":"tag-faits-divers","20":"tag-fr","21":"tag-france","22":"tag-info","23":"tag-informations","24":"tag-infos","25":"tag-lyon","26":"tag-lyonmag","27":"tag-news","28":"tag-ol","29":"tag-politique","30":"tag-republique-francaise","31":"tag-sociale","32":"tag-sport","33":"tag-transports"},"share_on_mastodon":{"url":"https:\/\/pubeurope.com\/@fr\/114380624607739649","error":""},"_links":{"self":[{"href":"https:\/\/www.europesays.com\/fr\/wp-json\/wp\/v2\/posts\/43475","targetHints":{"allow":["GET"]}}],"collection":[{"href":"https:\/\/www.europesays.com\/fr\/wp-json\/wp\/v2\/posts"}],"about":[{"href":"https:\/\/www.europesays.com\/fr\/wp-json\/wp\/v2\/types\/post"}],"author":[{"embeddable":true,"href":"https:\/\/www.europesays.com\/fr\/wp-json\/wp\/v2\/users\/2"}],"replies":[{"embeddable":true,"href":"https:\/\/www.europesays.com\/fr\/wp-json\/wp\/v2\/comments?post=43475"}],"version-history":[{"count":0,"href":"https:\/\/www.europesays.com\/fr\/wp-json\/wp\/v2\/posts\/43475\/revisions"}],"wp:featuredmedia":[{"embeddable":true,"href":"https:\/\/www.europesays.com\/fr\/wp-json\/wp\/v2\/media\/43476"}],"wp:attachment":[{"href":"https:\/\/www.europesays.com\/fr\/wp-json\/wp\/v2\/media?parent=43475"}],"wp:term":[{"taxonomy":"category","embeddable":true,"href":"https:\/\/www.europesays.com\/fr\/wp-json\/wp\/v2\/categories?post=43475"},{"taxonomy":"post_tag","embeddable":true,"href":"https:\/\/www.europesays.com\/fr\/wp-json\/wp\/v2\/tags?post=43475"}],"curies":[{"name":"wp","href":"https:\/\/api.w.org\/{rel}","templated":true}]}}