{"id":434750,"date":"2025-10-02T22:53:32","date_gmt":"2025-10-02T22:53:32","guid":{"rendered":"https:\/\/www.europesays.com\/fr\/434750\/"},"modified":"2025-10-02T22:53:32","modified_gmt":"2025-10-02T22:53:32","slug":"greve-du-2-octobre-quelles-sont-les-perturbations-attendues-pour-les-ter-en-bretagne","status":"publish","type":"post","link":"https:\/\/www.europesays.com\/fr\/434750\/","title":{"rendered":"Gr\u00e8ve du 2\u00a0octobre\u00a0: quelles sont les perturbations attendues pour les TER en Bretagne\u00a0?"},"content":{"rendered":"<p>Les usagers des lignes ferroviaires r\u00e9gionales seront pour certains contraints de changer leurs plans. Quelques TER seront supprim\u00e9s jeudi 2\u00a0octobre 2025, \u00e0 l\u2019occasion de <a href=\"https:\/\/rennes.maville.com\/actu\/actudet_-transports-enseignement-la-poste...-a-quoi-va-ressembler-la-mobilisation-nationale-du-2-octobre-_54135-6998479_actu.Htm\" target=\"_self\" rel=\"nofollow noopener\">la journ\u00e9e de mobilisation sociale \u00e0 l\u2019appel des syndicats.<\/a> C\u00f4t\u00e9 TGV et Ouigo, aucune perturbation n\u2019est attendue en Bretagne, fait savoir la SNCF. Les lignes r\u00e9gionales seront l\u00e9g\u00e8rement affect\u00e9es\u00a0: plus de neuf trains sur dix devraient circuler.<\/p>\n<p><strong>Lire aussi\u00a0: <\/strong> <a href=\"https:\/\/www.ouest-france.fr\/societe\/manifestation\/greve-du-2-octobre-des-manifestations-en-bretagne-mais-peu-de-perturbations-prevues-a872927a-9e1a-11f0-9269-ac82a639081c\" target=\"_self\" rel=\"nofollow noopener\">Gr\u00e8ve du 2\u00a0octobre\u00a0: Des manifestations en Bretagne mais peu de perturbations pr\u00e9vues<\/a><\/p>\n<p>Dans le d\u00e9tail, voici les trains supprim\u00e9s\u00a0:<\/p>\n<p>Sur la ligne Rennes &#8211; La Brohini\u00e8re, les TER de 16\u00a0h\u00a042, 18\u00a0h\u00a003, 19\u00a0h\u00a004 et 19\u00a0h\u00a048 ne rouleront pas. Dans le sens inverse, c\u2019est le train de 18\u00a0h\u00a047 qui n\u2019est pas assur\u00e9.<\/p>\n<p>Le TER qui relie Rennes \u00e0 Dol-de-Bretagne \u00e0 17\u00a0h\u00a025 est supprim\u00e9, ainsi que le Dol-de-Bretagne &#8211; Rennes de 7\u00a0h\u00a026 et le Montreuil-sur-Ille &#8211; Rennes de 7\u00a0h\u00a017.<\/p>\n<p>Concernant la ligne Rennes \u2013 Messac &#8211; Redon &#8211; Vannes, les trains Rennes &#8211; Messac-Guipry de 10\u00a0h\u00a048, 16\u00a0h\u00a048, 17\u00a0h\u00a048 et 18\u00a0h\u00a007 (jusqu\u2019\u00e0 Redon) ne circuleront pas. Le Messac-Guipry &#8211; Rennes de 12\u00a0h\u00a030 ne roulera pas, ni celui qui relie Vannes et Rennes \u00e0 11\u00a0h\u00a058.<\/p>\n<p>Les liaisons entre Rennes et Vitr\u00e9 ne seront pas assur\u00e9es \u00e0 13\u00a0h\u00a044 et 16\u00a0h\u00a019, ni dans le sens inverse \u00e0 16\u00a0h\u00a005 et 17\u00a0h\u00a005.<\/p>\n<p>La ligne Saint-Brieuc &#8211; Brest est \u00e9galement affect\u00e9e\u00a0: les d\u00e9parts de Landerneau vers Brest \u00e0 06\u00a0h\u00a055, 12\u00a0h\u00a055 et 16\u00a0h\u00a055 n\u2019auront pas lieu, ni celui de Lannion \u00e0 6\u00a0h en direction du Finist\u00e8re. Les trains de 12\u00a0h\u00a027, 16\u00a0h\u00a030 et 17\u00a0h\u00a040 depuis Brest en direction de Lannion ne rouleront pas non plus.<\/p>\n<p>Les TER entre Dol-de-Bretagne et Dinan circuleront uniquement aux heures suivantes\u00a0: 8\u00a0h\u00a022, 9\u00a0h\u00a049, 13\u00a0h\u00a027, 16\u00a0h\u00a048 et 18\u00a0h\u00a053. Dans le sens inverse, seules les liaisons de 7\u00a0h\u00a039, 8\u00a0h\u00a059, 11\u00a0h\u00a056, 16\u00a0h\u00a015 et 17\u00a0h\u00a027 seront en place.<\/p>\n<p>\u00a0<\/p>\n","protected":false},"excerpt":{"rendered":"Les usagers des lignes ferroviaires r\u00e9gionales seront pour certains contraints de changer leurs plans. Quelques TER seront supprim\u00e9s&hellip;\n","protected":false},"author":2,"featured_media":434751,"comment_status":"","ping_status":"","sticky":false,"template":"","format":"standard","meta":{"footnotes":""},"categories":[2821],"tags":[5742,1111,11,10180,829,1777,674,1011,27,6151,12,7518,7854,584,25,6472],"class_list":{"0":"post-434750","1":"post","2":"type-post","3":"status-publish","4":"format-standard","5":"has-post-thumbnail","7":"category-rennes","8":"tag-5742","9":"tag-actu","10":"tag-actualites","11":"tag-attendues","12":"tag-bretagne","13":"tag-eu","14":"tag-europe","15":"tag-fr","16":"tag-france","17":"tag-greve","18":"tag-news","19":"tag-octobre","20":"tag-perturbations","21":"tag-rennes","22":"tag-republique-francaise","23":"tag-ter"},"share_on_mastodon":{"url":"https:\/\/pubeurope.com\/@fr\/115307033682290895","error":""},"_links":{"self":[{"href":"https:\/\/www.europesays.com\/fr\/wp-json\/wp\/v2\/posts\/434750","targetHints":{"allow":["GET"]}}],"collection":[{"href":"https:\/\/www.europesays.com\/fr\/wp-json\/wp\/v2\/posts"}],"about":[{"href":"https:\/\/www.europesays.com\/fr\/wp-json\/wp\/v2\/types\/post"}],"author":[{"embeddable":true,"href":"https:\/\/www.europesays.com\/fr\/wp-json\/wp\/v2\/users\/2"}],"replies":[{"embeddable":true,"href":"https:\/\/www.europesays.com\/fr\/wp-json\/wp\/v2\/comments?post=434750"}],"version-history":[{"count":0,"href":"https:\/\/www.europesays.com\/fr\/wp-json\/wp\/v2\/posts\/434750\/revisions"}],"wp:featuredmedia":[{"embeddable":true,"href":"https:\/\/www.europesays.com\/fr\/wp-json\/wp\/v2\/media\/434751"}],"wp:attachment":[{"href":"https:\/\/www.europesays.com\/fr\/wp-json\/wp\/v2\/media?parent=434750"}],"wp:term":[{"taxonomy":"category","embeddable":true,"href":"https:\/\/www.europesays.com\/fr\/wp-json\/wp\/v2\/categories?post=434750"},{"taxonomy":"post_tag","embeddable":true,"href":"https:\/\/www.europesays.com\/fr\/wp-json\/wp\/v2\/tags?post=434750"}],"curies":[{"name":"wp","href":"https:\/\/api.w.org\/{rel}","templated":true}]}}