{"id":434758,"date":"2025-10-02T22:57:21","date_gmt":"2025-10-02T22:57:21","guid":{"rendered":"https:\/\/www.europesays.com\/fr\/434758\/"},"modified":"2025-10-02T22:57:21","modified_gmt":"2025-10-02T22:57:21","slug":"emirates-deploie-son-a380-reamenage-a-nice-avec-une-nouvelle-classe-economie","status":"publish","type":"post","link":"https:\/\/www.europesays.com\/fr\/434758\/","title":{"rendered":"Emirates d\u00e9ploie son A380 r\u00e9am\u00e9nag\u00e9 \u00e0 Nice avec une nouvelle Classe \u00c9conomie (\u2026)"},"content":{"rendered":"<p>                    <img loading=\"lazy\" decoding=\"async\" src=\"https:\/\/www.europesays.com\/fr\/wp-content\/uploads\/2025\/10\/bbf2f58d0b40ce34175fc030830a45.jpg\" class=\"img-responsive post-image\" width=\"680\" height=\"510\" alt=\"Emirates d\u00e9ploie son (\u2026)\" title=\"Emirates d\u00e9ploie son A380 r\u00e9am\u00e9nag\u00e9 \u00e0 Nice avec une nouvelle Classe \u00c9conomie Premium\"\/><\/p>\n<p class=\"chapo\">La compagnie a\u00e9rienne Emirates enrichit son offre sur la C\u00f4te d\u2019Azur avec l\u2019arriv\u00e9e de son A380 enti\u00e8rement modernis\u00e9 sur la liaison quotidienne Nice-Duba\u00ef. Ce nouvel appareil marque l\u2019introduction de la Classe \u00c9conomie Premium au d\u00e9part de Nice, une premi\u00e8re pour la r\u00e9gion.<\/p>\n<p>Pr\u00e9sent\u00e9 en exclusivit\u00e9 le 30 septembre lors d\u2019une conf\u00e9rence de presse r\u00e9unissant<strong> C\u00e9dric Renard<\/strong>, directeur g\u00e9n\u00e9ral d\u2019Emirates France, et <strong>Franck Goldnadel,<\/strong> pr\u00e9sident de l\u2019A\u00e9roport Nice C\u00f4te d\u2019Azur, l\u2019appareil illustre l\u2019ambition de la compagnie de proposer un confort accru \u00e0 ses passagers. \u00ab\u00a0 Nice est notre porte d\u2019entr\u00e9e sur la C\u00f4te d\u2019Azur, l\u2019une des destinations les plus pris\u00e9es au monde. Avec l\u2019A380 r\u00e9am\u00e9nag\u00e9, nous souhaitons offrir \u00e0 nos clients une exp\u00e9rience encore plus haut de gamme \u00a0\u00bb, a soulign\u00e9 C\u00e9dric Renard. De son c\u00f4t\u00e9, Franck Goldnadel s\u2019est f\u00e9licit\u00e9 de ce d\u00e9ploiement qui \u00ab\u00a0renforce le partenariat avec une compagnie parmi les plus prestigieuses et s\u2019inscrit dans la volont\u00e9 d\u2019offrir aux voyageurs le plus haut niveau de confort et de connectivit\u00e9\u00a0\u00bb.<\/p>\n<p>Un appareil aux cabines modernis\u00e9es<\/p>\n<p>L\u2019A380 Emirates r\u00e9trofit\u00e9 propose une configuration quatre classes\u00a0:<br class=\"autobr\"\/><br \/>\n14 suites en Premi\u00e8re Classe, enti\u00e8rement ferm\u00e9es, avec acc\u00e8s au Shower Spa et offre gastronomique haut de gamme\u00a0;<br class=\"autobr\"\/><br \/>\n76 si\u00e8ges-lits en Classe Affaires (configuration 1-2-1) et acc\u00e8s \u00e0 l\u2019iconique salon \u00e0 bord\u00a0;<br class=\"autobr\"\/><br \/>\n56 si\u00e8ges en Classe \u00c9conomie Premium, dispos\u00e9s en 2-4-2, habill\u00e9s de cuir cr\u00e8me et associ\u00e9s \u00e0 une offre culinaire inspir\u00e9e de la Classe Affaires\u00a0;<br class=\"autobr\"\/><br \/>\n338 si\u00e8ges de nouvelle g\u00e9n\u00e9ration en Classe \u00c9conomique, dot\u00e9s d\u2019\u00e9crans et d\u2019appuie-t\u00eate ajustables.<\/p>\n<p>Les am\u00e9nagements int\u00e9rieurs se distinguent par des tons clairs, des finitions bois et des motifs inspir\u00e9s de l\u2019arbre Ghaf, embl\u00e8me des \u00c9mirats arabes unis.<\/p>\n<p> <a href=\"https:\/\/www.europesays.com\/fr\/wp-content\/uploads\/2025\/10\/a75i0972-2.jpg\" class=\"spip_doc_lien mediabox\" type=\"image\/jpeg\"><br \/>\n\t\t<img loading=\"lazy\" decoding=\"async\" src=\"https:\/\/www.europesays.com\/fr\/wp-content\/uploads\/2025\/10\/a75i0972-2.jpg\" width=\"1024\" height=\"682\" alt=\"\"\/><\/a><\/p>\n<p>\u00a9Emirates\n<\/p>\n<p> <a href=\"https:\/\/www.europesays.com\/fr\/wp-content\/uploads\/2025\/10\/a75i1022.jpg\" class=\"spip_doc_lien mediabox\" type=\"image\/jpeg\"><br \/>\n\t\t<img loading=\"lazy\" decoding=\"async\" src=\"https:\/\/www.europesays.com\/fr\/wp-content\/uploads\/2025\/10\/a75i1022.jpg\" width=\"1024\" height=\"682\" alt=\"\"\/><\/a><\/p>\n<p>\u00a9Emirates\n<\/p>\n<p>Un programme de modernisation record<\/p>\n<p>L\u2019arriv\u00e9e de cet appareil \u00e0 Nice s\u2019inscrit dans le vaste plan de modernisation engag\u00e9 par Emirates, dot\u00e9 d\u2019un<strong> investissement de 5 milliards de dollars.<\/strong> Avec 72 avions d\u00e9j\u00e0 r\u00e9am\u00e9nag\u00e9s, la compagnie pr\u00e9voit d\u2019\u00e9quiper 219 appareils (A380, B777 et A350) de ses nouvelles cabines d\u2019ici 2026. La Classe \u00c9conomie Premium sera propos\u00e9e sur 68 destinations \u00e0 travers le monde.<br class=\"autobr\"\/><br \/>\nAvec ce d\u00e9ploiement, Emirates consolide sa pr\u00e9sence en France et confirme l\u2019importance strat\u00e9gique de la C\u00f4te d\u2019Azur dans son r\u00e9seau.<\/p>\n","protected":false},"excerpt":{"rendered":"La compagnie a\u00e9rienne Emirates enrichit son offre sur la C\u00f4te d\u2019Azur avec l\u2019arriv\u00e9e de son A380 enti\u00e8rement modernis\u00e9&hellip;\n","protected":false},"author":2,"featured_media":434759,"comment_status":"","ping_status":"","sticky":false,"template":"","format":"standard","meta":{"footnotes":""},"categories":[2819],"tags":[1111,11,2408,1777,674,1011,27,12,2401,882,25],"class_list":{"0":"post-434758","1":"post","2":"type-post","3":"status-publish","4":"format-standard","5":"has-post-thumbnail","7":"category-nice","8":"tag-actu","9":"tag-actualites","10":"tag-appels-d","11":"tag-eu","12":"tag-europe","13":"tag-fr","14":"tag-france","15":"tag-news","16":"tag-nice","17":"tag-provence-alpes-cote-dazur","18":"tag-republique-francaise"},"share_on_mastodon":{"url":"https:\/\/pubeurope.com\/@fr\/115307049557920361","error":""},"_links":{"self":[{"href":"https:\/\/www.europesays.com\/fr\/wp-json\/wp\/v2\/posts\/434758","targetHints":{"allow":["GET"]}}],"collection":[{"href":"https:\/\/www.europesays.com\/fr\/wp-json\/wp\/v2\/posts"}],"about":[{"href":"https:\/\/www.europesays.com\/fr\/wp-json\/wp\/v2\/types\/post"}],"author":[{"embeddable":true,"href":"https:\/\/www.europesays.com\/fr\/wp-json\/wp\/v2\/users\/2"}],"replies":[{"embeddable":true,"href":"https:\/\/www.europesays.com\/fr\/wp-json\/wp\/v2\/comments?post=434758"}],"version-history":[{"count":0,"href":"https:\/\/www.europesays.com\/fr\/wp-json\/wp\/v2\/posts\/434758\/revisions"}],"wp:featuredmedia":[{"embeddable":true,"href":"https:\/\/www.europesays.com\/fr\/wp-json\/wp\/v2\/media\/434759"}],"wp:attachment":[{"href":"https:\/\/www.europesays.com\/fr\/wp-json\/wp\/v2\/media?parent=434758"}],"wp:term":[{"taxonomy":"category","embeddable":true,"href":"https:\/\/www.europesays.com\/fr\/wp-json\/wp\/v2\/categories?post=434758"},{"taxonomy":"post_tag","embeddable":true,"href":"https:\/\/www.europesays.com\/fr\/wp-json\/wp\/v2\/tags?post=434758"}],"curies":[{"name":"wp","href":"https:\/\/api.w.org\/{rel}","templated":true}]}}