{"id":434762,"date":"2025-10-02T22:59:24","date_gmt":"2025-10-02T22:59:24","guid":{"rendered":"https:\/\/www.europesays.com\/fr\/434762\/"},"modified":"2025-10-02T22:59:24","modified_gmt":"2025-10-02T22:59:24","slug":"semitan-archives-et-hotel%e2%80%90dieu-au-menu-du-conseil-metropolitain","status":"publish","type":"post","link":"https:\/\/www.europesays.com\/fr\/434762\/","title":{"rendered":"Semitan, archives et H\u00f4tel\u2010Dieu au menu du conseil m\u00e9tropolitain"},"content":{"rendered":"<p><b>Mediacit\u00e9s d\u00e9crypte pour vous quatre dossiers d\u00e9battus par les \u00e9lus de la M\u00e9tropole de Nantes ces 2 et 3 octobre, et vous donne acc\u00e8s \u00e0 l\u2019int\u00e9gralit\u00e9 des d\u00e9lib\u00e9rations soumises au vote.<\/b><\/p>\n<p>C\u2019est la rentr\u00e9e d\u00e9j\u00e0 bien sonn\u00e9e et le cartable des \u00e9lus m\u00e9tropolitains est rempli de 60 d\u00e9lib\u00e9rations \u00e0 examiner ce jeudi 2 et ce vendredi 3 octobre. Un conseil m\u00e9tropolitain qui se d\u00e9roule en p\u00e9riode officielle <a href=\"https:\/\/www.mediacites.fr\/enquete\/nantes\/2025\/08\/21\/a-sept-mois-des-municipales-johanna-rolland-surfe-sur-les-deboires-de-ses-concurrents\/\" target=\"_blank\" rel=\"noopener\">de pr\u00e9\u2010campagne<\/a> depuis le 1er septembre. Elle impose \u00ab\u202fla neutralit\u00e9 de la communication publique\u202f\u00bb, contraignant par exemple la majorit\u00e9 sortante (rose\u2010rouge\u2010verte en l\u2019occurrence) \u00e0 ne plus valoriser son mandat.<\/p>\n<p>\u00c0 l\u2019ordre du jour de ce conseil m\u00e9tropolitain, un bon nombre de d\u00e9l\u00e9gations de services publics \u00e0 reconduire. Il s\u2019agit p\u00eale\u2010m\u00eale de la DSP des cr\u00e9matoriums, <a href=\"https:\/\/www.mediacites.fr\/nantes\/dossier\/machines-de-ile\/\" target=\"_blank\" rel=\"noopener\">des Machines de l\u2019\u00eele<\/a>, du ch\u00e2teau des ducs de Bretagne, ou de la Cit\u00e9 des Congr\u00e8s\u2026 Mais \u00e9galement de nouvelles enveloppes pour des travaux ou des \u00e9quipements. De notre c\u00f4t\u00e9, nous avons retenu quatre d\u00e9lib\u00e9rations et quelques chiffres dans l\u2019oc\u00e9an des 155 pages \u00e0 l\u2019ordre du\u00a0jour.<\/p>\n<p>https:\/\/www.mediacites.fr\/veracites\/nantes\/2025\/04\/10\/johanna-rolland-a-t-elle-tenu-96-de-ses-promesses-comme-elle-laffirme\/<br \/>Un nouveau ticket pour la Semitan\u00a0<br \/>C\u2019est tout sauf une surprise. La Semitan a \u00e9t\u00e9 retenue pour assurer de nouveau la d\u00e9l\u00e9gation de service public de gestion du r\u00e9seau de transports de la M\u00e9tropole jusqu\u2019en 2031. Reste aux \u00e9lus de valider ce choix. La pr\u00e9c\u00e9dente DSP courait de 2019 \u00e0 2025. Un seul courageux a d\u00e9pos\u00e9 une offre concurrente cette ann\u00e9e, et l\u2019on ignore\u00a0\u2026<\/p>\n<p>Nous vous offrons l\u2019acc\u00e8s \u00e0 cet article<\/p>\n<p>Et \u00e0 toutes nos enqu\u00eates pendant deux jours\u00a0\u00a0! <br \/>Oui, on est g\u00e9n\u00e9reux \ud83d\ude09 Mais pensez aussi \u00e0 <a href=\"https:\/\/www.mediacites.fr\/sabonner\/\" target=\"_blank\" style=\"color:#fff\" rel=\"noopener\">vous abonner<\/a>\u00a0\u00a0!<\/p>\n<p>\t\tEn renseignant votre adresse, vous acceptez nos <a href=\"https:\/\/www.mediacites.fr\/conditions-generales-d-utilisation\/\" target=\"_blank\" rel=\"noopener\">conditions g\u00e9n\u00e9rales d\u2019utilisation<\/a>. <br \/>Mediacit\u00e9s s\u2019engage \u00e0 ne pas c\u00e9der votre adresse \u00e0 des tiers. En cas d\u2019\u00e9chec, \u00e9crivez \u00e0 <a href=\"https:\/\/www.mediacites.fr\/breve\/nantes\/2025\/10\/02\/semitan-archives-et-hotel-dieu-au-menu-du-conseil-metropolitain\/mailto:contact@mediacites.fr\" target=\"_blank\" rel=\"noopener\">contact@mediacites.fr<\/a><\/p>\n<ul>\n<li>J\u2019acc\u00e8de aux 4 \u00e9ditions de Mediacit\u00e9s (Lille, Lyon, Nantes et Toulouse)<\/li>\n<li>Je d\u00e9couvre un m\u00e9dia 100 % ind\u00e9pendant, avec 0 % de publicit\u00e9<\/li>\n<\/ul>\n<p>Envie de lire la\u00a0suite\u202f?<\/p>\n<p class=\"price\">1\u20ac le premier mois<\/p>\n<p class=\"description\">Puis 7,90\u20ac par\u00a0mois<\/p>\n<p><a class=\"button button--green\" href=\"https:\/\/www.mediacites.fr\/sabonner\/?sub=55\" style=\"margin-top:22px;font-size:13px;\" target=\"_blank\" rel=\"noopener\">Je teste\u202f! <\/a><\/p>\n<ul>\n<li>Acc\u00e8s aux 4 \u00e9ditions de Mediacit\u00e9s (Lille, Lyon, Nantes et Toulouse)<\/li>\n<li>100 % ind\u00e9pendant, avec 0 % de publicit\u00e9<\/li>\n<li>R\u00e9siliation facile \u00e0 tout moment<\/li>\n<\/ul>\n<p>Mediacit\u00e9s offre l\u2019acc\u00e8s \u00e0 cet article aux lecteurs de News2Com<\/p>\n<p>Et \u00e0 toutes nos enqu\u00eates pendant deux jours\u00a0\u00a0! <br \/>Oui, on est g\u00e9n\u00e9reux \ud83d\ude09 Mais pensez aussi \u00e0 <a href=\"https:\/\/www.mediacites.fr\/sabonner\/\" target=\"_blank\" style=\"color:#fff\" rel=\"noopener\">vous abonner<\/a>\u00a0\u00a0!<\/p>\n<p>\t\tEn renseignant votre adresse, vous acceptez nos <a href=\"https:\/\/www.mediacites.fr\/conditions-generales-d-utilisation\/\" target=\"_blank\" rel=\"noopener\">conditions g\u00e9n\u00e9rales d\u2019utilisation<\/a>. <br \/>Mediacit\u00e9s s\u2019engage \u00e0 ne pas c\u00e9der votre adresse \u00e0 des tiers. En cas d\u2019\u00e9chec, \u00e9crivez \u00e0 <a href=\"https:\/\/www.mediacites.fr\/breve\/nantes\/2025\/10\/02\/semitan-archives-et-hotel-dieu-au-menu-du-conseil-metropolitain\/mailto:contact@mediacites.fr\" target=\"_blank\" rel=\"noopener\">contact@mediacites.fr<\/a><\/p>\n<ul>\n<li>J\u2019acc\u00e8de aux 4 \u00e9ditions de Mediacit\u00e9s (Lille, Lyon, Nantes et Toulouse)<\/li>\n<li>Je d\u00e9couvre un m\u00e9dia 100 % ind\u00e9pendant, avec 0 % de publicit\u00e9<\/li>\n<\/ul>\n","protected":false},"excerpt":{"rendered":"Mediacit\u00e9s d\u00e9crypte pour vous quatre dossiers d\u00e9battus par les \u00e9lus de la M\u00e9tropole de Nantes ces 2 et&hellip;\n","protected":false},"author":2,"featured_media":434763,"comment_status":"","ping_status":"","sticky":false,"template":"","format":"standard","meta":{"footnotes":""},"categories":[2818],"tags":[1111,11,56229,10944,32992,56230,33219,4309,7426,4476,1777,674,1011,27,31649,41890,2642,1116,6945,51816,6459,766,2635,12,32256,56231,2636,56232,32682,584,25,35834,22723,4109,22019],"class_list":{"0":"post-434762","1":"post","2":"type-post","3":"status-publish","4":"format-standard","5":"has-post-thumbnail","7":"category-nantes","8":"tag-actu","9":"tag-actualites","10":"tag-anthony-descloziers","11":"tag-archives","12":"tag-bail","13":"tag-bibliotheque-municipale","14":"tag-brs","15":"tag-chu","16":"tag-chu-de-nantes","17":"tag-construction","18":"tag-eu","19":"tag-europe","20":"tag-fr","21":"tag-france","22":"tag-hlm","23":"tag-hotel-dieu","24":"tag-ile-de-nantes","25":"tag-immobilier","26":"tag-johanna-rolland","27":"tag-loeil-de-mediacites","28":"tag-logements-sociaux","29":"tag-nantes","30":"tag-nantes-metropole","31":"tag-news","32":"tag-pascal-bolo","33":"tag-pascal-pras","34":"tag-pays-de-la-loire","35":"tag-promotion-immobiliere","36":"tag-realites","37":"tag-rennes","38":"tag-republique-francaise","39":"tag-semitan","40":"tag-ticket","41":"tag-tramway","42":"tag-transports-publics"},"share_on_mastodon":{"url":"https:\/\/pubeurope.com\/@fr\/115307057269721175","error":""},"_links":{"self":[{"href":"https:\/\/www.europesays.com\/fr\/wp-json\/wp\/v2\/posts\/434762","targetHints":{"allow":["GET"]}}],"collection":[{"href":"https:\/\/www.europesays.com\/fr\/wp-json\/wp\/v2\/posts"}],"about":[{"href":"https:\/\/www.europesays.com\/fr\/wp-json\/wp\/v2\/types\/post"}],"author":[{"embeddable":true,"href":"https:\/\/www.europesays.com\/fr\/wp-json\/wp\/v2\/users\/2"}],"replies":[{"embeddable":true,"href":"https:\/\/www.europesays.com\/fr\/wp-json\/wp\/v2\/comments?post=434762"}],"version-history":[{"count":0,"href":"https:\/\/www.europesays.com\/fr\/wp-json\/wp\/v2\/posts\/434762\/revisions"}],"wp:featuredmedia":[{"embeddable":true,"href":"https:\/\/www.europesays.com\/fr\/wp-json\/wp\/v2\/media\/434763"}],"wp:attachment":[{"href":"https:\/\/www.europesays.com\/fr\/wp-json\/wp\/v2\/media?parent=434762"}],"wp:term":[{"taxonomy":"category","embeddable":true,"href":"https:\/\/www.europesays.com\/fr\/wp-json\/wp\/v2\/categories?post=434762"},{"taxonomy":"post_tag","embeddable":true,"href":"https:\/\/www.europesays.com\/fr\/wp-json\/wp\/v2\/tags?post=434762"}],"curies":[{"name":"wp","href":"https:\/\/api.w.org\/{rel}","templated":true}]}}