{"id":434768,"date":"2025-10-02T23:02:22","date_gmt":"2025-10-02T23:02:22","guid":{"rendered":"https:\/\/www.europesays.com\/fr\/434768\/"},"modified":"2025-10-02T23:02:22","modified_gmt":"2025-10-02T23:02:22","slug":"une-conference-pour-aider-les-aidants","status":"publish","type":"post","link":"https:\/\/www.europesays.com\/fr\/434768\/","title":{"rendered":"une conf\u00e9rence pour aider les aidants"},"content":{"rendered":"<p>Anim\u00e9es par la r\u00e9daction de \u00ab\u00a0Sud Ouest\u00a0\u00bb, deux tables rondes sont programm\u00e9es et ouvertes \u00e0 tous les publics, gratuitement.<br \/>\nLa premi\u00e8re table intitul\u00e9e \u00ab\u00a0Et si vous \u00e9tiez aidant\u00a0\u00bb donnera la parole \u00e0 une m\u00e8re qui accompagne son fils handicap\u00e9, Rita Morel. Elle \u00e9changera avec Pierre Capaldi, psychologue au Centre local d\u2019information et de coordination (Clic) Sud-Gironde, Olivier Frezet, directeur du P\u00f4le action sociale et formation de la maison de sant\u00e9 Bagatelle.<\/p>\n<p>Sous le titre \u00ab\u00a0Nous vous aidons\u00a0\u00bb, la seconde table ronde permettra de mieux faire conna\u00eetre ceux\u00a0qui accueillent, informent, orientent en lien avec les partenaires locaux et accompagnent les proches aidantes et aidants. En pr\u00e9sence de la Dr Sara El Alaoui, responsable territoriale et autonomie du Clic du M\u00e9doc, Soline Rispal, coordinatrice de la plateforme d\u2019accompagnement et de r\u00e9pit COS Villa Pia\u00a0\u00e0 Bordeaux, Magali Dupouy, charg\u00e9e d\u2019accompagnement social \u00e0 La Ressourcerie de Bordeaux, Laure Chinot, charg\u00e9e de mission au CCAS de M\u00e9rignac et coordinatrice du Relais des aidants, et Julie Dejean, psychologue, seront aussi pr\u00e9sentes lors de cet \u00e9v\u00e9nement.<\/p>\n","protected":false},"excerpt":{"rendered":"Anim\u00e9es par la r\u00e9daction de \u00ab\u00a0Sud Ouest\u00a0\u00bb, deux tables rondes sont programm\u00e9es et ouvertes \u00e0 tous les publics,&hellip;\n","protected":false},"author":2,"featured_media":434769,"comment_status":"","ping_status":"","sticky":false,"template":"","format":"standard","meta":{"footnotes":""},"categories":[2817],"tags":[1111,11,1997,1777,674,1011,27,12,2219,25],"class_list":{"0":"post-434768","1":"post","2":"type-post","3":"status-publish","4":"format-standard","5":"has-post-thumbnail","7":"category-bordeaux","8":"tag-actu","9":"tag-actualites","10":"tag-bordeaux","11":"tag-eu","12":"tag-europe","13":"tag-fr","14":"tag-france","15":"tag-news","16":"tag-nouvelle-aquitaine","17":"tag-republique-francaise"},"share_on_mastodon":{"url":"https:\/\/pubeurope.com\/@fr\/115307069097711560","error":""},"_links":{"self":[{"href":"https:\/\/www.europesays.com\/fr\/wp-json\/wp\/v2\/posts\/434768","targetHints":{"allow":["GET"]}}],"collection":[{"href":"https:\/\/www.europesays.com\/fr\/wp-json\/wp\/v2\/posts"}],"about":[{"href":"https:\/\/www.europesays.com\/fr\/wp-json\/wp\/v2\/types\/post"}],"author":[{"embeddable":true,"href":"https:\/\/www.europesays.com\/fr\/wp-json\/wp\/v2\/users\/2"}],"replies":[{"embeddable":true,"href":"https:\/\/www.europesays.com\/fr\/wp-json\/wp\/v2\/comments?post=434768"}],"version-history":[{"count":0,"href":"https:\/\/www.europesays.com\/fr\/wp-json\/wp\/v2\/posts\/434768\/revisions"}],"wp:featuredmedia":[{"embeddable":true,"href":"https:\/\/www.europesays.com\/fr\/wp-json\/wp\/v2\/media\/434769"}],"wp:attachment":[{"href":"https:\/\/www.europesays.com\/fr\/wp-json\/wp\/v2\/media?parent=434768"}],"wp:term":[{"taxonomy":"category","embeddable":true,"href":"https:\/\/www.europesays.com\/fr\/wp-json\/wp\/v2\/categories?post=434768"},{"taxonomy":"post_tag","embeddable":true,"href":"https:\/\/www.europesays.com\/fr\/wp-json\/wp\/v2\/tags?post=434768"}],"curies":[{"name":"wp","href":"https:\/\/api.w.org\/{rel}","templated":true}]}}