{"id":434770,"date":"2025-10-02T23:03:15","date_gmt":"2025-10-02T23:03:15","guid":{"rendered":"https:\/\/www.europesays.com\/fr\/434770\/"},"modified":"2025-10-02T23:03:15","modified_gmt":"2025-10-02T23:03:15","slug":"la-prefecture-interdit-un-rassemblement-de-soutien-a-la-flottille-pour-gaza","status":"publish","type":"post","link":"https:\/\/www.europesays.com\/fr\/434770\/","title":{"rendered":"la pr\u00e9fecture interdit un rassemblement de soutien \u00e0 la flottille pour Gaza"},"content":{"rendered":"<p>            Par<br \/>\n        <strong><br \/>\n            <a href=\"https:\/\/actu.fr\/auteur\/guillaume-laurens\" title=\"Consulter tous les articles de Guillaume Laurens\" target=\"_blank\" rel=\"noopener\">Guillaume Laurens<\/a><br \/>\n        <\/strong><\/p>\n<p>        Publi\u00e9 le<\/p>\n<p>            2 oct. 2025 \u00e0 18h07        <\/p>\n<p>Alors que la <strong>CGT<\/strong> et la <strong>FSU<\/strong> ont appel\u00e9 \u00e0 l\u2019unisson \u00e0 une \u00ab<strong>\u2009manifestation<\/strong> en soutien \u00e0 la <a href=\"https:\/\/actu.fr\/societe\/la-flottille-pour-gaza-est-en-cours-d-arraisonnement-par-israel-annonce-la-france_63242508.html\" target=\"_blank\" rel=\"noopener\"><strong>Flottille Global Sumud\u2009\u00bb,<\/strong><\/a> ce jeudi 2\u00a0octobre 2025, au m\u00e9tro Jean-Jaur\u00e8s, \u00e0 <a href=\"https:\/\/actu.fr\/toulouse\/\" target=\"_blank\" rel=\"noopener\"><strong>Toulouse<\/strong><\/a>, le pr\u00e9fet <a href=\"https:\/\/actu.fr\/occitanie\/toulouse_31555\/qui-est-pierre-andre-durand-le-nouveau-prefet-d-occitanie-et-de-la-haute-garonne_56980527.html\" target=\"_blank\" rel=\"noopener\">Pierre-Andr\u00e9 Durand<\/a> a pris un <strong>arr\u00eat\u00e9 d\u2019interdiction<\/strong> de ce rassemblement revendicatif. Et il s\u2019en explique dans un communiqu\u00e9 publi\u00e9 un peu plus d\u2019une heure avant l\u2019\u00e9v\u00e9nement.<\/p>\n<p>La manifestation de soutien \u00e0 la Flottille est interdite<\/p>\n<p class=\" wall-content\">La pr\u00e9fecture de la Haute-Garonne annonce ainsi que le pr\u00e9fet \u00ab<strong>\u2009Pierre-Andr\u00e9 Durand<\/strong> [\u2026] a d\u00e9cid\u00e9 d\u2019interdire par arr\u00eat\u00e9 pr\u00e9fectoral de ce jour, le rassemblement revendicatif d\u00e9clar\u00e9 par la CGT et la FSU de ce jeudi 2\u00a0octobre 2025 \u00e0 partir de 18h30 \u00e0 Jean Jaur\u00e8s \u00e0 Toulouse suivi d\u2019une d\u00e9ambulation jusqu\u2019\u00e0 Arnaud Bernard\u2009\u00bb, <strong>sans stipuler ouvertement<\/strong> qu\u2019il s\u2019agit de la manifestation en soutien \u00e0 la <strong>flottille pour Gaza<\/strong>. Mais c\u2019est bien cette derni\u00e8re que souhaitaient organiser en ces lieux et heures les deux syndicats.<\/p>\n<p>    <a href=\"https:\/\/www.facebook.com\/plugins\/post.php?href=https%3A%2F%2Fwww.facebook.com%2Ffsuhautegaronne%2Fposts%2Fpfbid0Pnkpsi7SXycSWqbTqSqTBL4dP839cbEHXSzdtJ8UggkZ6tRdQGPhFWE86SNzQr78l&amp;show_text=true&amp;width=350\" title=\"Ouvrie le lien\" target=\"_blank\" rel=\"noopener\">Cliquez ici pour visualiser le contenu<\/a><\/p>\n<p>Une d\u00e9claration hors d\u00e9lai et sans objet mentionn\u00e9, dit la pr\u00e9fecture<\/p>\n<p class=\" wall-content\">S\u2019il a interdit cette manifestation, c\u2019est d\u2019apr\u00e8s le repr\u00e9sentant de l\u2019\u00c9tat, parce qu\u2019elle ne respecte pas les \u00ab\u2009conditions fix\u00e9es aux articles L 211-1 et suivants du code de la s\u00e9curit\u00e9 int\u00e9rieure\u2009\u00bb\u2009: le rassemblement a \u00e9t\u00e9 d\u00e9clar\u00e9 hors d\u00e9lai, et sans objet, ce qui est ill\u00e9gal.<\/p>\n<blockquote class=\"ac-article-quote wall-content\">\n<p>La d\u00e9claration de manifestation a \u00e9t\u00e9 effectu\u00e9e ce jeudi 2 octobre en fin de matin\u00e9e (le d\u00e9lai requis est de 3 jours francs avant le d\u00e9but de l\u2019\u00e9v\u00e9nement), sans en mentionner l\u2019objet.<\/p>\n<p>    <strong>La pr\u00e9fecture de la Haute-Garonne<\/strong>\n            <\/p><\/blockquote>\n<p>En pleine journ\u00e9e de mobilisation nationale<\/p>\n<p class=\" wall-content\">Outre ces modalit\u00e9s techniques, la pr\u00e9fecture soul\u00e8ve que cette d\u00e9claration de manifestation \u00ab\u2009intervient dans un contexte national et local d\u00e9j\u00e0 sous tension, avec notamment la tenue ce jour d\u2019une <strong>journ\u00e9e de mobilisation nationale<\/strong> et d\u2019une manifestation dans les rues de Toulouse dans le m\u00eame temps\u2009\u00bb \u2013 \u00e0 l\u2019appel de ces m\u00eames syndicats, NDLR \u2013 qui serait \u00ab\u2009susceptible de donner lieu \u00e0 des troubles \u00e0 l\u2019ordre public\u2009\u00bb.<\/p>\n<p>Vid\u00e9os : en ce moment sur ActuLes syndicats ont refus\u00e9 \u00ab\u2009un autre itin\u00e9raire\u2009\u00bb<\/p>\n<p class=\" wall-content\">Elle regrette \u00e9galement que \u00ab\u2009les organisateurs entendent maintenir la manifestation selon <strong>le parcours annonc\u00e9<\/strong>, malgr\u00e9 la proposition d\u2019un <strong>autre itin\u00e9raire<\/strong> qui leur a \u00e9t\u00e9 faite, laquelle permettait aux forces de s\u00e9curit\u00e9 int\u00e9rieure de mettre en \u0153uvre les conditions de s\u00e9curit\u00e9 ad\u00e9quates\u2009\u00bb.<\/p>\n<p>Votre r\u00e9gion, votre actu !<\/p>\n<p>Recevez chaque jour les infos qui comptent pour vous.<\/p>\n<p>\t<a href=\"https:\/\/actu.fr\/newsletter\" class=\"ac-btn ac-btn--corner ac-btn--medium ac-btn--blue800\" target=\"_blank\" rel=\"noopener\">S&rsquo;incrire<\/a><\/p>\n<blockquote class=\"ac-article-quote wall-content\">\n<p>L\u2019absence de respect de ces conditions ne permet pas aux forces de s\u00e9curit\u00e9, de calibrer le dispositif de s\u00e9curit\u00e9 selon le nombre et le profil des participants.<\/p>\n<p>    <strong>La pr\u00e9fecture de la Haute-Garonne<\/strong>\n            <\/p><\/blockquote>\n<p>Sans nouvelle des Toulousains \u00e0 bord de la flottille<\/p>\n<p class=\" wall-content\">Rappelons que plusieurs figurent de la Ville rose se trouvent \u00e0 bord de cette Flottille humanitaire qui vogue vers Gaza, parmi lesquels le secr\u00e9taire d\u00e9partemental de la CGT <strong>C\u00e9dric Caub\u00e8re<\/strong>, le m\u00e9decin toulousain <strong>Khaled Benboutrif, <\/strong>mais aussi\u00a0le d\u00e9put\u00e9 LFI <strong>Fran\u00e7ois Piquemal<\/strong>, dont \u00ab\u00a0le contact avec le bateau\u00a0\u00bb a \u00e9t\u00e9 rompu\u00a0\u00bb dans la nuit de mercredi \u00e0 jeudi, a indiqu\u00e9 son \u00e9quipe, alors que son parti d\u00e9non\u00e7ait dans un communiqu\u00e9 un \u00ab\u00a0enl\u00e8vement ill\u00e9gal en eaux internationales\u00a0\u00bb de plusieurs de ses membres, et que ses soutiens appelaient \u00e0 un rassemblement ce jeudi soir, \u00e0 18h30, \u00e0 Toulouse, du c\u00f4t\u00e9 de Jean-Jaur\u00e8s pour demander la lib\u00e9ration de Fran\u00e7ois Piquemal \u00ab\u2009et des autres membres de cette flottille\u2009\u00bb. Le parlementaire a-t-il \u00e9t\u00e9 interpell\u00e9, comme le redoute son \u00e9quipe\u2009? \u00c0 17h30 ce jeudi, nul ne le savait.<\/p>\n<p>Que risquent les manifestants\u2009?<\/p>\n<p class=\" wall-content\">\u00ab\u2009Toute infraction au pr\u00e9sent arr\u00eat\u00e9 sera <strong>r\u00e9prim\u00e9e\u2009\u00bb,<\/strong> pr\u00e9vient de son c\u00f4t\u00e9 le pr\u00e9fet, qui annonce la couleur\u2009: les organisateurs risquent \u00ab\u2009six mois d\u2019emprisonnement et 7\u2009500\u00a0euros d\u2019amende\u2009\u00bb et les <strong>participants<\/strong> \u00ab\u2009une <strong>amende<\/strong> pr\u00e9vue pour les contraventions de quatri\u00e8me classe\u2009\u00bb.<\/p>\n<p class=\" wall-content\">Personnalisez votre actualit\u00e9 en ajoutant vos villes et m\u00e9dias en favori avec <a href=\"https:\/\/moncompte.actu.fr\" title=\"D\u00e9couvez Mon Actu\" rel=\"nofollow noopener\" data-trk=\"{&quot;cta&quot;:{&quot;action&quot;:&quot;https:\\\/\\\/moncompte.actu.fr&quot;,&quot;category&quot;:&quot;mon compte&quot;,&quot;from&quot;:&quot;article footer&quot;,&quot;name&quot;:&quot;Mon actu&quot;,&quot;type&quot;:&quot;cta&quot;}}\" target=\"_blank\">Mon Actu<\/a>.<\/p>\n","protected":false},"excerpt":{"rendered":"Par Guillaume Laurens Publi\u00e9 le 2 oct. 2025 \u00e0 18h07 Alors que la CGT et la FSU ont&hellip;\n","protected":false},"author":2,"featured_media":434771,"comment_status":"","ping_status":"","sticky":false,"template":"","format":"standard","meta":{"footnotes":""},"categories":[2816],"tags":[1111,11,1777,674,1011,27,665,5643,1023,12,2680,25,104,2312],"class_list":{"0":"post-434770","1":"post","2":"type-post","3":"status-publish","4":"format-standard","5":"has-post-thumbnail","7":"category-toulouse","8":"tag-actu","9":"tag-actualites","10":"tag-eu","11":"tag-europe","12":"tag-fr","13":"tag-france","14":"tag-gaza","15":"tag-guerre-israel-hamas","16":"tag-la-france-insoumise-lfi","17":"tag-news","18":"tag-occitanie","19":"tag-republique-francaise","20":"tag-societe","21":"tag-toulouse"},"share_on_mastodon":{"url":"https:\/\/pubeurope.com\/@fr\/115307073004731184","error":""},"_links":{"self":[{"href":"https:\/\/www.europesays.com\/fr\/wp-json\/wp\/v2\/posts\/434770","targetHints":{"allow":["GET"]}}],"collection":[{"href":"https:\/\/www.europesays.com\/fr\/wp-json\/wp\/v2\/posts"}],"about":[{"href":"https:\/\/www.europesays.com\/fr\/wp-json\/wp\/v2\/types\/post"}],"author":[{"embeddable":true,"href":"https:\/\/www.europesays.com\/fr\/wp-json\/wp\/v2\/users\/2"}],"replies":[{"embeddable":true,"href":"https:\/\/www.europesays.com\/fr\/wp-json\/wp\/v2\/comments?post=434770"}],"version-history":[{"count":0,"href":"https:\/\/www.europesays.com\/fr\/wp-json\/wp\/v2\/posts\/434770\/revisions"}],"wp:featuredmedia":[{"embeddable":true,"href":"https:\/\/www.europesays.com\/fr\/wp-json\/wp\/v2\/media\/434771"}],"wp:attachment":[{"href":"https:\/\/www.europesays.com\/fr\/wp-json\/wp\/v2\/media?parent=434770"}],"wp:term":[{"taxonomy":"category","embeddable":true,"href":"https:\/\/www.europesays.com\/fr\/wp-json\/wp\/v2\/categories?post=434770"},{"taxonomy":"post_tag","embeddable":true,"href":"https:\/\/www.europesays.com\/fr\/wp-json\/wp\/v2\/tags?post=434770"}],"curies":[{"name":"wp","href":"https:\/\/api.w.org\/{rel}","templated":true}]}}