{"id":434774,"date":"2025-10-02T23:05:23","date_gmt":"2025-10-02T23:05:23","guid":{"rendered":"https:\/\/www.europesays.com\/fr\/434774\/"},"modified":"2025-10-02T23:05:23","modified_gmt":"2025-10-02T23:05:23","slug":"balade-urbaine-au-coeur-du-patrimoine-roubaisien","status":"publish","type":"post","link":"https:\/\/www.europesays.com\/fr\/434774\/","title":{"rendered":"Balade urbaine au c\u0153ur du patrimoine roubaisien"},"content":{"rendered":"<p class=\"introduction\">\u00c0 l\u2019occasion des Journ\u00e9es nationales de l\u2019Architecture 2025, la Ville de Roubaix et sa mission Ville d\u2019art et d\u2019histoire proposent une conf\u00e9rence et une balade urbaine le samedi 18 octobre 2025 autour du th\u00e8me de l\u2019architecture du quotidien, dans le cadre de la r\u00e9vision de son Site Patrimonial Remarquable (SPR).<\/p>\n<p>\u00c0 partir de <strong>14h30, au groupe scolaire Pierre de Ronsard<\/strong>, une conf\u00e9rence anim\u00e9e par l\u2019architecte et urbaniste <strong>Philippe Prost<\/strong> et son agence (Atelier d\u2019architecture Philippe Prost) pr\u00e9sentera la r\u00e9vision du SPR et les dynamiques patrimoniales actuelles.<\/p>\n<p>Elle se poursuivra par une <strong>balade comment\u00e9e d\u20191h30 dans les quartiers Est<\/strong> guid\u00e9e par<strong> l\u2019Atelier Prost <\/strong>et l\u2019animateur de l\u2019architecture et du patrimoine, pour explorer la diversit\u00e9 des formes urbaines et paysag\u00e8res, de l\u2019h\u00e9ritage industriel aux mutations contemporaines. L\u2019initiative vise aussi \u00e0 recueillir les <strong>perceptions des habitants<\/strong> dans le cadre de la concertation r\u00e9glementaire sur l\u2019avenir du patrimoine roubaisien.<\/p>\n<p><strong>&gt; <\/strong>Pour accompagner cette d\u00e9marche, une enqu\u00eate en ligne est \u00e0 votre disposition afin de recueillir vos remarques et avis sur le projet de r\u00e9vision du Site Patrimonial Remarquable :\u00a0<a href=\"https:\/\/www.roubaixxl.fr\/site-patrimonial-remarquable-roubaix-revision-2025\/\" target=\"_blank\" rel=\"noopener\">Roubaix repense la protection de son patrimoine<\/a><\/p>\n","protected":false},"excerpt":{"rendered":"\u00c0 l\u2019occasion des Journ\u00e9es nationales de l\u2019Architecture 2025, la Ville de Roubaix et sa mission Ville d\u2019art et&hellip;\n","protected":false},"author":2,"featured_media":434775,"comment_status":"","ping_status":"","sticky":false,"template":"","format":"standard","meta":{"footnotes":""},"categories":[2815],"tags":[1111,11,1350,1777,674,1011,27,811,1307,12,25],"class_list":{"0":"post-434774","1":"post","2":"type-post","3":"status-publish","4":"format-standard","5":"has-post-thumbnail","7":"category-lille","8":"tag-actu","9":"tag-actualites","10":"tag-architecture","11":"tag-eu","12":"tag-europe","13":"tag-fr","14":"tag-france","15":"tag-hauts-de-france","16":"tag-lille","17":"tag-news","18":"tag-republique-francaise"},"share_on_mastodon":{"url":"https:\/\/pubeurope.com\/@fr\/115307080895236611","error":""},"_links":{"self":[{"href":"https:\/\/www.europesays.com\/fr\/wp-json\/wp\/v2\/posts\/434774","targetHints":{"allow":["GET"]}}],"collection":[{"href":"https:\/\/www.europesays.com\/fr\/wp-json\/wp\/v2\/posts"}],"about":[{"href":"https:\/\/www.europesays.com\/fr\/wp-json\/wp\/v2\/types\/post"}],"author":[{"embeddable":true,"href":"https:\/\/www.europesays.com\/fr\/wp-json\/wp\/v2\/users\/2"}],"replies":[{"embeddable":true,"href":"https:\/\/www.europesays.com\/fr\/wp-json\/wp\/v2\/comments?post=434774"}],"version-history":[{"count":0,"href":"https:\/\/www.europesays.com\/fr\/wp-json\/wp\/v2\/posts\/434774\/revisions"}],"wp:featuredmedia":[{"embeddable":true,"href":"https:\/\/www.europesays.com\/fr\/wp-json\/wp\/v2\/media\/434775"}],"wp:attachment":[{"href":"https:\/\/www.europesays.com\/fr\/wp-json\/wp\/v2\/media?parent=434774"}],"wp:term":[{"taxonomy":"category","embeddable":true,"href":"https:\/\/www.europesays.com\/fr\/wp-json\/wp\/v2\/categories?post=434774"},{"taxonomy":"post_tag","embeddable":true,"href":"https:\/\/www.europesays.com\/fr\/wp-json\/wp\/v2\/tags?post=434774"}],"curies":[{"name":"wp","href":"https:\/\/api.w.org\/{rel}","templated":true}]}}