{"id":434778,"date":"2025-10-02T23:07:12","date_gmt":"2025-10-02T23:07:12","guid":{"rendered":"https:\/\/www.europesays.com\/fr\/434778\/"},"modified":"2025-10-02T23:07:12","modified_gmt":"2025-10-02T23:07:12","slug":"a-la-foire-internationale-de-marseille-la-mode-fait-la-part-belle-au-vintage-et-a-la-nostalgie","status":"publish","type":"post","link":"https:\/\/www.europesays.com\/fr\/434778\/","title":{"rendered":"\u00c0 la foire internationale de Marseille, la mode fait la part belle au vintage et \u00e0 la nostalgie"},"content":{"rendered":"<p>Plus qu\u2019une simple tendance, le vintage est un v\u00e9ritable art de vivre. Il n\u2019y a qu\u2019\u00e0 se balader dans Marseille pour voir \u00e0 quel point ce march\u00e9 lucratif s\u2019empare des ruelles \u00e0 <a href=\"https:\/\/www.laprovence.com\/article\/societe\/154806221664615\/entre-bonnes-affaires-et-style-unique-comment-la-seconde-main-de-luxe-seduit-en-provence\" target=\"_blank\" rel=\"noopener\">grand renfort de friperies et de d\u00e9p\u00f4ts-vente divers et vari\u00e9s<\/a>. Ne pouvant passer \u00e0 c\u00f4t\u00e9 de cet engouement, la foire internationale a int\u00e9gr\u00e9 pour la toute premi\u00e8re fois &#8211; dans le hall 8 destin\u00e9 aux tendances &#8211; le \u00ab\u00a0<a href=\"https:\/\/www.rosemarket.fr\/\" target=\"_blank\" rel=\"noopener\">Boho Market<\/a>\u00ab\u00a0, un \u00e9v\u00e9nement lifestyle n\u00e9 en\u00a02018 \u00e0 Marseille qui rassemble cr\u00e9ateurs, <a href=\"https:\/\/www.laprovence.com\/article\/ecoplanete\/21602545327965\/le-troc-de-vetements-fait-peau-neuve-comment-ce-geste-ancien-s-impose-aujourd-hui-dans-la-mode-en-provence\" target=\"_blank\" rel=\"noopener\">passionn\u00e9s de seconde main<\/a> et artisans\u00a0: \u00ab\u00a0Pour les 100\u00a0ans de la foire, on a am\u00e9lior\u00e9 le concept, pr\u00e9cise sa fondatrice et chineuse dans l\u2019\u00e2me Astrid. J\u2019ai voulu ce lieu chaleureux, comme un pop-up immersif et vivant pour que les gens se sentent \u00e0 l\u2019aise.\u00a0\u00bb<\/p>\n<p>Apr\u00e8s avoir d\u00e9nich\u00e9 une veste en cuir chez \u00ab\u00a0<a href=\"https:\/\/www.instagram.com\/le.vintage.de.miss.christinne\/\" target=\"_blank\" rel=\"noopener\">Le Vintage de Miss Christine<\/a>\u00ab\u00a0, succomb\u00e9 \u00e0 des boucles d\u2019oreilles \u00e0 base de fleurs upcycl\u00e9es \u00e0 \u00ab\u00a0<a href=\"https:\/\/www.facebook.com\/LaFabriqueVintageFacebook\/\" target=\"_blank\" rel=\"noopener\">La fabrique Vintage<\/a>\u00a0\u00bb ou d\u00e9got\u00e9 un attrape-r\u00eave en macram\u00e9 du c\u00f4t\u00e9 de \u00ab\u00a0<a href=\"https:\/\/www.facebook.com\/MECREAVHK\/?locale=fr_FR\" target=\"_blank\" rel=\"noopener\">M\u00e9cr\u00e9a Villelaure<\/a>\u00ab\u00a0, les visiteurs peuvent\u00a0se poser dans un salon r\u00e9tro pour se d\u00e9tendre et profiter comme s\u2019ils se trouvaient dans la maison de leurs grands-parents. Vieux canap\u00e9s en cuir, table en formica, chaise en plexi, t\u00e9l\u00e9phone \u00e0 cadran rotatif, \u00e9ventail g\u00e9ant en osier, buffet en \u00e9b\u00e8ne de macassar, couverture en crochet\u2026 rien n\u2019a \u00e9t\u00e9 choisi au hasard par Astrid pour articuler et agr\u00e9menter cet espace de 270\u00a0m\u00b2, exclusivement d\u00e9di\u00e9 au vintage.<\/p>\n<p>\u00ab\u00a0Les gens ne passent pas uniquement, ils reviennent\u00a0\u00bb<\/p>\n<p>La buvette de \u00ab\u00a0<a href=\"https:\/\/salutuncafe.com\/\" target=\"_blank\" rel=\"noopener\">Salut, un caf\u00e9<\/a>\u00a0\u00bb s\u2019invite aussi dans ce d\u00e9cor pour une pause douceur avant de repartir de plus belle pour les emplettes. \u00ab\u00a0Je suis ravie que la foire de Marseille m\u2019ait fait confiance pour monter cet \u00e9v\u00e9nement\u2026 les gens ne passent pas uniquement, ils reviennent, \u00e7a leur rappelle beaucoup de souvenirs\u00a0\u00bb, s\u2019enthousiasme Astrid.<\/p>\n<p>Au sortir de cet espace \u00e9dulcor\u00e9, au d\u00e9tour des all\u00e9es du gigantesque hall, un corner tout rose attire l\u2019attention\u00a0: \u00ab\u00a0<a href=\"https:\/\/lespomponnettes.com\/\" target=\"_blank\" rel=\"noopener\">Les pomponnettes<\/a>\u00ab\u00a0. Cette marque de bijoux en acier inoxydable, fond\u00e9e dans le Vaucluse par deux amies, fait elle aussi la part belle au vintage avec une r\u00e9cente cr\u00e9ation\u00a0: le bandana orn\u00e9 de charms.<\/p>\n<p>Bien s\u00fbr, avant de quitter ce lieu, o\u00f9 la mode s\u2019associe \u00e0 la d\u00e9co et au bien-\u00eatre, il est impossible de louper cette institution\u00a0: la mercerie aixoise \u00ab\u00a0<a href=\"https:\/\/www.aubonheurdesdames.biz\/\" target=\"_blank\" rel=\"noopener\">Au bonheur des dames<\/a>\u00ab\u00a0.<\/p>\n<p>Sur ce stand embl\u00e9matique, habitu\u00e9 de la foire depuis plus de 40\u00a0ans, machines \u00e0 coudre et brodeuses attirent l\u2019attention d\u2019une client\u00e8le bien plus jeune que ce qu\u2019on pourrait le penser. \u00ab\u00a0On voit de plus en plus de jeunes de 13-14\u00a0ans se mettre \u00e0 la couture\u00a0\u00bb, observe Julien, patron de cette entreprise familiale. \u00ab\u00a0Do it yourself\u00a0\u00bb, vintage, customisation et upcycling\u2026 n\u2019en sont alors qu\u2019aux pr\u00e9mices de leur succ\u00e8s\u00a0!<\/p>\n<p><script async src=\"\/\/www.instagram.com\/embed.js\"><\/script><\/p>\n","protected":false},"excerpt":{"rendered":"Plus qu\u2019une simple tendance, le vintage est un v\u00e9ritable art de vivre. Il n\u2019y a qu\u2019\u00e0 se balader&hellip;\n","protected":false},"author":2,"featured_media":434779,"comment_status":"","ping_status":"","sticky":false,"template":"","format":"standard","meta":{"footnotes":""},"categories":[2814],"tags":[17,1111,11,6041,1777,674,21,4434,1011,27,26529,884,985,12,15178,882,16,25],"class_list":{"0":"post-434778","1":"post","2":"type-post","3":"status-publish","4":"format-standard","5":"has-post-thumbnail","7":"category-marseille","8":"tag-17","9":"tag-actu","10":"tag-actualites","11":"tag-belle","12":"tag-eu","13":"tag-europe","14":"tag-fait","15":"tag-foire","16":"tag-fr","17":"tag-france","18":"tag-internationale","19":"tag-marseille","20":"tag-mode","21":"tag-news","22":"tag-part","23":"tag-provence-alpes-cote-dazur","24":"tag-region","25":"tag-republique-francaise"},"share_on_mastodon":{"url":"https:\/\/pubeurope.com\/@fr\/115307088843016589","error":""},"_links":{"self":[{"href":"https:\/\/www.europesays.com\/fr\/wp-json\/wp\/v2\/posts\/434778","targetHints":{"allow":["GET"]}}],"collection":[{"href":"https:\/\/www.europesays.com\/fr\/wp-json\/wp\/v2\/posts"}],"about":[{"href":"https:\/\/www.europesays.com\/fr\/wp-json\/wp\/v2\/types\/post"}],"author":[{"embeddable":true,"href":"https:\/\/www.europesays.com\/fr\/wp-json\/wp\/v2\/users\/2"}],"replies":[{"embeddable":true,"href":"https:\/\/www.europesays.com\/fr\/wp-json\/wp\/v2\/comments?post=434778"}],"version-history":[{"count":0,"href":"https:\/\/www.europesays.com\/fr\/wp-json\/wp\/v2\/posts\/434778\/revisions"}],"wp:featuredmedia":[{"embeddable":true,"href":"https:\/\/www.europesays.com\/fr\/wp-json\/wp\/v2\/media\/434779"}],"wp:attachment":[{"href":"https:\/\/www.europesays.com\/fr\/wp-json\/wp\/v2\/media?parent=434778"}],"wp:term":[{"taxonomy":"category","embeddable":true,"href":"https:\/\/www.europesays.com\/fr\/wp-json\/wp\/v2\/categories?post=434778"},{"taxonomy":"post_tag","embeddable":true,"href":"https:\/\/www.europesays.com\/fr\/wp-json\/wp\/v2\/tags?post=434778"}],"curies":[{"name":"wp","href":"https:\/\/api.w.org\/{rel}","templated":true}]}}