{"id":434780,"date":"2025-10-02T23:08:15","date_gmt":"2025-10-02T23:08:15","guid":{"rendered":"https:\/\/www.europesays.com\/fr\/434780\/"},"modified":"2025-10-02T23:08:15","modified_gmt":"2025-10-02T23:08:15","slug":"marseille-quatre-policiers-deferes-devant-un-juge-sept-ans-apres-lagression-dune-jeune-femme-lors-du-mouvement-des-gilets-jaunes","status":"publish","type":"post","link":"https:\/\/www.europesays.com\/fr\/434780\/","title":{"rendered":"Marseille\u00a0: quatre policiers d\u00e9f\u00e9r\u00e9s devant un juge, sept ans apr\u00e8s l\u2019agression d\u2019une jeune femme lors du mouvement des Gilets jaunes"},"content":{"rendered":"<p class=\"paragraph text_align_left lp-f-body-02\">L\u2019enqu\u00eate avait \u00e9t\u00e9 rouverte en juin 2023. Jeudi, quatre policiers ont \u00e9t\u00e9 d\u00e9f\u00e9r\u00e9s jeudi devant un juge d\u2019instruction, (Bouches-du-Rh\u00f4ne), sept ans apr\u00e8s le passage \u00e0 tabac d\u2019une jeune femme dont le cr\u00e2ne avait \u00e9t\u00e9 fractur\u00e9 en d\u00e9cembre 2018 en marge d\u2019une manifestation de <a href=\"https:\/\/www.leparisien.fr\/economie\/gilets-jaunes-les-autoroutes-commencent-tout-juste-a-faire-leurs-comptes-18-12-2018-7972083.php\" target=\"_self\" rel=\"nofollow noopener\">Gilets jaunes<\/a>, a appris l\u2019AFP jeudi de sources concordantes.<\/p>\n<p class=\"paragraph text_align_left lp-f-body-02\">Plusieurs policiers ont \u00e9t\u00e9 entendus, parmi lesquels quatre ont \u00e9t\u00e9 plac\u00e9s en garde \u00e0 vue, selon une information du journal <a href=\"https:\/\/www.laprovence.com\/article\/faits-divers-justice\/2552686641184914\/exclusif-affaire-de-violences-policieres-sur-maria-des-policiers-places-en-garde-a-vue-a-marseille\" target=\"_self\" rel=\"nofollow noopener\">La Provence<\/a> confirm\u00e9e par une source judiciaire. Les quatre ont \u00e9t\u00e9 d\u00e9f\u00e9r\u00e9s pour non-assistance \u00e0 personne en danger, selon des sources proches du dossier.<\/p>\n<p class=\"paragraph text_align_left lp-f-body-02\">\u00ab La partie civile se r\u00e9jouit que presque sept ans apr\u00e8s les faits et suite \u00e0 une bataille judiciaire sans pr\u00e9c\u00e9dent le dossier soit relanc\u00e9 \u00bb, a r\u00e9agi dans un message \u00e0 l\u2019AFP Brice Grazzini, l\u2019avocat de la jeune femme, tout en soulignant attendre l\u2019issue des proc\u00e9dures en cours.<\/p>\n<p class=\"paragraph text_align_left lp-f-body-02\">Les faits se sont d\u00e9roul\u00e9s le 8 d\u00e9cembre 2018, au moment o\u00f9 la col\u00e8re des Gilets jaunes \u00e9tait \u00e0 son paroxysme dans la cit\u00e9 phoc\u00e9enne, s\u2019ajoutant au drame du logement insalubre qui venait de frapper la ville en emportant <a href=\"https:\/\/www.leparisien.fr\/faits-divers\/six-ans-apres-la-tragedie-de-leffondrement-mortel-de-la-rue-daubagne-a-marseille-devant-la-justice-06-11-2024-LP3AVQVCINFSHCNRRRMPANWVOM.php?ts=1759407589725\" target=\"_self\" rel=\"nofollow noopener\">huit personnes dans l\u2019effondrement d\u2019un immeuble<\/a> quelques semaines plus t\u00f4t.<\/p>\n<p class=\"lp-card-podcast-highlighting__title  lp-f-subtitle-05\">[2\/2] Disparition du petit Philippe Bertrand\u00a0: mensonge et peine de mort<\/p>\n<p class=\"lp-card-podcast-highlighting__description lp-f-ui-05\">Crime story raconte chaque semaine les grandes affaires criminelles.<\/p>\n<p><a class=\"lp-card-podcast-highlighting__call-to-action\" data-page-type=\"HP\" data-block-name=\"podcast-highlight\">\u00c9couter<\/a>Touch\u00e9e par un tir de LBD puis violemment frapp\u00e9e<\/p>\n<p class=\"paragraph text_align_left lp-f-body-02\">Maria (un pr\u00e9nom d\u2019emprunt), 19 ans \u00e0 l\u2019\u00e9poque, vendeuse dans une boutique, sort du travail quand elle est atteinte \u00e0 une cuisse d\u2019<a href=\"https:\/\/www.leparisien.fr\/faits-divers\/critiquee-par-l-onu-la-france-assume-et-justifie-l-usage-du-lbd-24-04-2019-8059386.php\" target=\"_self\" rel=\"nofollow noopener\">un tir de LBD, <\/a>dans une ruelle du c\u0153ur commer\u00e7ant de la ville. Puis elle est violemment frapp\u00e9e au sol par une quinzaine de policiers, \u00e0 coups de pied et de matraques qui lui fracturent le cr\u00e2ne.<\/p>\n<p class=\"paragraph text_align_left lp-f-body-02\">Une photo \u00e0 l\u2019h\u00f4pital t\u00e9moigne de la violence des coups : la t\u00eate partiellement ras\u00e9e, elle porte sur le cr\u00e2ne deux \u00e9normes cicatrices. La jeune femme souffre aujourd\u2019hui toujours de graves s\u00e9quelles physiques et psychologiques.<\/p>\n<p class=\"paragraph text_align_left lp-f-body-02\">Le jour de l\u2019\u00e9v\u00e9nement, pr\u00e8s de 500 policiers sont mobilis\u00e9s dans un climat tr\u00e8s tendu, avec barricades et pillages de magasins : 680 grenades lacrymog\u00e8nes lanc\u00e9es, 80 tirs de LBD, 47 interpellations, deux policiers bless\u00e9s.<\/p>\n<p>Une plainte d\u00e9pos\u00e9e \u00e0 l\u2019IGPN puis plus rien<\/p>\n<p class=\"paragraph text_align_left lp-f-body-02\">La jeune femme bless\u00e9e a d\u00e9pos\u00e9 plainte le 19 d\u00e9cembre 2018 sur la plate-forme de l\u2019IGPN (Inspection g\u00e9n\u00e9rale de la police nationale). Au terme d\u2019une enqu\u00eate pr\u00e9liminaire, une information judiciaire pour violences aggrav\u00e9es et non assistance \u00e0 personne en danger est ouverte en juillet 2019.<\/p>\n<p class=\"paragraph text_align_left lp-f-body-02\">L\u2019enqu\u00eate de l\u2019IGPN a stagn\u00e9 plusieurs mois. Les enregistrements radio du logiciel Acropol, qui capte les \u00e9changes entre policiers sur le terrain, ont \u00e9t\u00e9 effac\u00e9s deux mois apr\u00e8s les \u00e9v\u00e9nements, comme le pr\u00e9conise une directive interne.<\/p>\n<p class=\"paragraph text_align_left lp-f-body-02\">Conserv\u00e9s dix jours, les enregistrements des cam\u00e9ras de vid\u00e9osurveillance de la ville ont aussi \u00e9t\u00e9 supprim\u00e9s. Quant aux vid\u00e9os des riverains, elles n\u2019ont permis d\u2019identifier aucun agent.<\/p>\n<p class=\"paragraph text_align_left lp-f-body-02\">Et le <a href=\"https:\/\/www.leparisien.fr\/faits-divers\/marseille-le-fonctionnaire-avait-detourne-plus-de-530-000-euros-d-aides-05-01-2016-5423173.php\" target=\"_self\" rel=\"nofollow noopener\">logiciel P\u00e9gase<\/a> de suivi des demandes d\u2019intervention pass\u00e9es \u00e0 la police et des d\u00e9placements des effectifs sur le terrain \u00e9tait en panne entre 14h37 et 23h21.<\/p>\n<p class=\"paragraph text_align_left lp-f-body-02\">Des pistes ont conduit \u00e0 l\u2019identification de deux services de police pouvant se trouver sur les lieux. Et des soup\u00e7ons ont vis\u00e9 trois policiers, l\u2019un portant une attelle \u00e0 la main et v\u00eatu de v\u00eatements noirs d\u2019une marque sportive, deux autres portant un casque de skate. Ils n\u2019ont jamais \u00e9t\u00e9 mis en cause.<\/p>\n<p>Des violences \u00ab commises de fa\u00e7on purement gratuite \u00bb<\/p>\n<p class=\"paragraph text_align_left lp-f-body-02\">\u00ab Sans l\u2019ombre d\u2019un doute, les individus qui ont violent\u00e9 (Maria) avaient tous la qualit\u00e9 de fonctionnaires de police et ces violences sont d\u2019autant plus inacceptables qu\u2019elles ont \u00e9t\u00e9 commises de fa\u00e7on purement gratuite \u00bb, avait conclu une premi\u00e8re fois le juge d\u2019instruction marseillais saisi du dossier, en d\u00e9cembre 2020.<\/p>\n<p class=\"paragraph text_align_left lp-f-body-02\">Rouvert sur la base d\u2019un \u00e9l\u00e9ment nouveau \u2013 un t\u00e9moignage visuel-, le juge referme le dossier en 2022, toujours sans aucune mise en examen. En juin 2023, la justice refuse d\u2019ent\u00e9riner cette seconde ordonnance de non-lieu contre X et ordonne la reprise des investigations.<\/p>\n<p class=\"paragraph text_align_left lp-f-body-02\">Cette r\u00e9ouverture de l\u2019enqu\u00eate visait \u00e0 r\u00e9cup\u00e9rer les dossiers des 47 interpellations op\u00e9r\u00e9es le jour des faits, dont 20 avaient donn\u00e9 lieu \u00e0 l\u2019archivage d\u2019images vid\u00e9o obtenues \u00e0 temps.<\/p>\n<p class=\"paragraph text_align_left lp-f-body-02\">Ces donn\u00e9es pourraient \u00ab retracer le parcours des agents ayant commis les violences, voire identifier des visages de fa\u00e7on plus pr\u00e9cise \u00bb, avait alors estim\u00e9 Me Grazzini.<\/p>\n","protected":false},"excerpt":{"rendered":"L\u2019enqu\u00eate avait \u00e9t\u00e9 rouverte en juin 2023. Jeudi, quatre policiers ont \u00e9t\u00e9 d\u00e9f\u00e9r\u00e9s jeudi devant un juge d\u2019instruction,&hellip;\n","protected":false},"author":2,"featured_media":434781,"comment_status":"","ping_status":"","sticky":false,"template":"","format":"standard","meta":{"footnotes":""},"categories":[2814],"tags":[1111,11,459,1777,674,118,1011,27,884,12,882,25],"class_list":{"0":"post-434780","1":"post","2":"type-post","3":"status-publish","4":"format-standard","5":"has-post-thumbnail","7":"category-marseille","8":"tag-actu","9":"tag-actualites","10":"tag-departements-horsidfo","11":"tag-eu","12":"tag-europe","13":"tag-faits-divers","14":"tag-fr","15":"tag-france","16":"tag-marseille","17":"tag-news","18":"tag-provence-alpes-cote-dazur","19":"tag-republique-francaise"},"share_on_mastodon":{"url":"https:\/\/pubeurope.com\/@fr\/115307092651383720","error":""},"_links":{"self":[{"href":"https:\/\/www.europesays.com\/fr\/wp-json\/wp\/v2\/posts\/434780","targetHints":{"allow":["GET"]}}],"collection":[{"href":"https:\/\/www.europesays.com\/fr\/wp-json\/wp\/v2\/posts"}],"about":[{"href":"https:\/\/www.europesays.com\/fr\/wp-json\/wp\/v2\/types\/post"}],"author":[{"embeddable":true,"href":"https:\/\/www.europesays.com\/fr\/wp-json\/wp\/v2\/users\/2"}],"replies":[{"embeddable":true,"href":"https:\/\/www.europesays.com\/fr\/wp-json\/wp\/v2\/comments?post=434780"}],"version-history":[{"count":0,"href":"https:\/\/www.europesays.com\/fr\/wp-json\/wp\/v2\/posts\/434780\/revisions"}],"wp:featuredmedia":[{"embeddable":true,"href":"https:\/\/www.europesays.com\/fr\/wp-json\/wp\/v2\/media\/434781"}],"wp:attachment":[{"href":"https:\/\/www.europesays.com\/fr\/wp-json\/wp\/v2\/media?parent=434780"}],"wp:term":[{"taxonomy":"category","embeddable":true,"href":"https:\/\/www.europesays.com\/fr\/wp-json\/wp\/v2\/categories?post=434780"},{"taxonomy":"post_tag","embeddable":true,"href":"https:\/\/www.europesays.com\/fr\/wp-json\/wp\/v2\/tags?post=434780"}],"curies":[{"name":"wp","href":"https:\/\/api.w.org\/{rel}","templated":true}]}}