{"id":434782,"date":"2025-10-02T23:09:22","date_gmt":"2025-10-02T23:09:22","guid":{"rendered":"https:\/\/www.europesays.com\/fr\/434782\/"},"modified":"2025-10-02T23:09:22","modified_gmt":"2025-10-02T23:09:22","slug":"tirs-en-pleine-rue-pres-dun-point-de-deal-deux-blesses","status":"publish","type":"post","link":"https:\/\/www.europesays.com\/fr\/434782\/","title":{"rendered":"tirs en pleine rue pr\u00e8s d\u2019un point de deal, deux bless\u00e9s"},"content":{"rendered":"<p itemprop=\"description\"><strong>Deux hommes ont \u00e9t\u00e9 bless\u00e9s par balles \u00e0 Villeurbanne, sans que leur pronostic vital soit engag\u00e9.<\/strong><\/p>\n<p>Ce mercredi 1er octobre, aux alentours de 22h50, une fusillade a \u00e9clat\u00e9 \u00e0 l\u2019angle du boulevard Einstein et de la rue des Antonins \u00e0 proximit\u00e9 d&rsquo;u point de deal.\u00a0<\/p>\n<p>Selon les premiers \u00e9l\u00e9ments, un individu circulant \u00e0 v\u00e9lo \u00e9lectrique se serait approch\u00e9 d\u2019un homme avant de sortir une arme de poing et de tirer. La victime principale, \u00e2g\u00e9e de 32 ans, a \u00e9t\u00e9 atteinte \u00e0 la cuisse. Cet homme, de nationalit\u00e9 libyenne et en situation irr\u00e9guli\u00e8re, est connu des services de police. Il a \u00e9t\u00e9 transport\u00e9 \u00e0 l\u2019h\u00f4pital \u00c9douard-Herriot.<\/p>\n<p>Un passant a \u00e9galement \u00e9t\u00e9 l\u00e9g\u00e8rement touch\u00e9 \u00e0 la cuisse par ricochet. Cette victime collat\u00e9rale a, lui aussi, a \u00e9t\u00e9 pris en charge par les secours.<\/p>\n<p>Sur place, les enqu\u00eateurs ont retrouv\u00e9 plusieurs douilles de calibre 6,35. Le tireur a pris la fuite \u00e0 v\u00e9lo et reste activement recherch\u00e9. La piste d\u2019un r\u00e8glement de comptes li\u00e9 au trafic de stup\u00e9fiants est envisag\u00e9e, sans exclure d\u2019autres hypoth\u00e8ses.<\/p>\n<p>Cette fusillade survient quelques jours apr\u00e8s des tirs survenus le 25 septembre dans le quartier Bel Air, o\u00f9 deux jeunes avaient \u00e9t\u00e9 bless\u00e9s.<\/p>\n","protected":false},"excerpt":{"rendered":"Deux hommes ont \u00e9t\u00e9 bless\u00e9s par balles \u00e0 Villeurbanne, sans que leur pronostic vital soit engag\u00e9. Ce mercredi&hellip;\n","protected":false},"author":2,"featured_media":434783,"comment_status":"","ping_status":"","sticky":false,"template":"","format":"standard","meta":{"footnotes":""},"categories":[1889],"tags":[1111,11,2813,2190,2430,1109,251,1112,2811,1777,674,118,1011,27,1922,1110,1114,2428,2810,12,241,316,25,2812,517,800],"class_list":{"0":"post-434782","1":"post","2":"type-post","3":"status-publish","4":"format-standard","5":"has-post-thumbnail","7":"category-lyon","8":"tag-actu","9":"tag-actualites","10":"tag-article","11":"tag-asvel","12":"tag-auvergne-rhone-alpes","13":"tag-breves","14":"tag-culture","15":"tag-depeches","16":"tag-economique","17":"tag-eu","18":"tag-europe","19":"tag-faits-divers","20":"tag-fr","21":"tag-france","22":"tag-info","23":"tag-informations","24":"tag-infos","25":"tag-lyon","26":"tag-lyonmag","27":"tag-news","28":"tag-ol","29":"tag-politique","30":"tag-republique-francaise","31":"tag-sociale","32":"tag-sport","33":"tag-transports"},"share_on_mastodon":{"url":"https:\/\/pubeurope.com\/@fr\/115307096591727187","error":""},"_links":{"self":[{"href":"https:\/\/www.europesays.com\/fr\/wp-json\/wp\/v2\/posts\/434782","targetHints":{"allow":["GET"]}}],"collection":[{"href":"https:\/\/www.europesays.com\/fr\/wp-json\/wp\/v2\/posts"}],"about":[{"href":"https:\/\/www.europesays.com\/fr\/wp-json\/wp\/v2\/types\/post"}],"author":[{"embeddable":true,"href":"https:\/\/www.europesays.com\/fr\/wp-json\/wp\/v2\/users\/2"}],"replies":[{"embeddable":true,"href":"https:\/\/www.europesays.com\/fr\/wp-json\/wp\/v2\/comments?post=434782"}],"version-history":[{"count":0,"href":"https:\/\/www.europesays.com\/fr\/wp-json\/wp\/v2\/posts\/434782\/revisions"}],"wp:featuredmedia":[{"embeddable":true,"href":"https:\/\/www.europesays.com\/fr\/wp-json\/wp\/v2\/media\/434783"}],"wp:attachment":[{"href":"https:\/\/www.europesays.com\/fr\/wp-json\/wp\/v2\/media?parent=434782"}],"wp:term":[{"taxonomy":"category","embeddable":true,"href":"https:\/\/www.europesays.com\/fr\/wp-json\/wp\/v2\/categories?post=434782"},{"taxonomy":"post_tag","embeddable":true,"href":"https:\/\/www.europesays.com\/fr\/wp-json\/wp\/v2\/tags?post=434782"}],"curies":[{"name":"wp","href":"https:\/\/api.w.org\/{rel}","templated":true}]}}