{"id":434784,"date":"2025-10-02T23:10:15","date_gmt":"2025-10-02T23:10:15","guid":{"rendered":"https:\/\/www.europesays.com\/fr\/434784\/"},"modified":"2025-10-02T23:10:15","modified_gmt":"2025-10-02T23:10:15","slug":"toujours-aussi-impermeable-lyon-domine-salzbourg","status":"publish","type":"post","link":"https:\/\/www.europesays.com\/fr\/434784\/","title":{"rendered":"toujours aussi imperm\u00e9able, Lyon domine Salzbourg"},"content":{"rendered":"<p>Avec un nouveau match sans encaisser de but, le club rhodanien a d\u00e9croch\u00e9 une deuxi\u00e8me victoire en deux matches sur la sc\u00e8ne continentale.<\/p>\n<p class=\"fig-paragraph\">Lyon s\u2019est impos\u00e9 aux d\u00e9pens d\u2019une faible \u00e9quipe du RB Salzbourg (2-0), jeudi au Groupama stadium, dans un match de Ligue Europa au cours duquel Martin Satriano et Ruben Kluivert ont inscrit leur premier but avec l\u2019OL. L\u2019Olympique lyonnais, d\u00e9j\u00e0 vainqueur \u00e0 Utrecht (1-0) le 25 septembre, est 5e du classement avec six points en deux journ\u00e9es. Toujours aussi herm\u00e9tique en d\u00e9fense, le club rhodanien confirme ainsi son excellent d\u00e9but de saison en Ligue 1.<\/p>\n<p class=\"fig-paragraph\">Pr\u00eat\u00e9 par Lens \u00e0 la fin du mercato, l\u2019avant-centre uruguayen Martin Satriano a repris victorieusement d\u2019une t\u00eate plongeante un centre d\u00e9livr\u00e9 de l\u2019aile droite par le Tch\u00e8que Adam Karabec d\u00e8s la 11e minute (1-0). Bless\u00e9 toute la saison derni\u00e8re apr\u00e8s une op\u00e9ration \u00e0 un genou, Satriano, remplac\u00e9 \u00e0 la 77e minute par le jeune Enzo Molebe (18 ans), n\u2019avait plus marqu\u00e9 en match officiel depuis le 28 avril 2024, avec Brest contre Rennes.<\/p>\n<p>                                    <a class=\"fig-a11y-skip a11y-hidden\" href=\"#fig-a11y-skip-main-inarticle\"><br \/>\n        Passer la publicit\u00e9<br \/>\n    <\/a><\/p>\n<p class=\"fig-paragraph\">Apr\u00e8s un tir de Pavel Sulc, d\u00e9tourn\u00e9 par Stefan Lainer, le N\u00e9erlandais Ruben Kluivert, lui aussi arriv\u00e9 \u00e0 Lyon cet \u00e9t\u00e9, a repris, \u00e9galement de la t\u00eate, un centre adress\u00e9 par Karabec, auteur de deux passes d\u00e9cisives, pour porter le score \u00e0 2-0 (57e). Hormis son but, la performance du d\u00e9fenseur, fils de Patrick Kluivert, a toutefois \u00e9t\u00e9 assez terne, au poste d\u2019arri\u00e8re droit comme \u00e0 gauche. Cette avance de deux buts \u00e9tait m\u00e9rit\u00e9e pour l\u2019OL qui aurait m\u00eame pu ouvrir la marque d\u00e8s la 7e minute si Sulc n\u2019avait pas rat\u00e9 un penalty, tr\u00e8s mal tir\u00e9 et arr\u00eat\u00e9 par le gardien Alexander Schlager.<\/p>\n<p>Un 7e clean-sheet en huit matches depuis le d\u00e9but de la saison<\/p>\n<p class=\"fig-paragraph\">Par la suite, Nicolas Tagliafico et Corentin Tolisso ont \u00e9t\u00e9 dangereux sur deux centres de Karabec, encore lui (22e, 24e) avant que Lyon ne baisse de rythme permettant \u00e0 Salzbourg d\u2019\u00eatre mena\u00e7ant sur une action de Yorbe Vertessen, apr\u00e8s une erreur de Clinton Mata (31e), et sur un tir de Maurits Kjaergaard (45e+2). Mais le gardien slovaque de l\u2019OL, Dominik Greif, s\u2019est interpos\u00e9, comme il l\u2019a \u00e9galement fait en seconde p\u00e9riode sur des tentatives de Kerim Alajbegovic (65e, 70e), Aleksa Terzic (74e) ou Edmund Baidoo (90e+3). Pour son quatri\u00e8me match, Greif, recrut\u00e9 au mois d\u2019ao\u00fbt, n\u2019a toujours pas conc\u00e9d\u00e9 de but et, depuis le d\u00e9but de saison, la d\u00e9fense lyonnaise n\u2019en a conc\u00e9d\u00e9 que trois en huit rencontres officielles, lors du seul d\u00e9placement \u00e0 Rennes (3-1) en championnat le 14 septembre.<\/p>\n","protected":false},"excerpt":{"rendered":"Avec un nouveau match sans encaisser de but, le club rhodanien a d\u00e9croch\u00e9 une deuxi\u00e8me victoire en deux&hellip;\n","protected":false},"author":2,"featured_media":434785,"comment_status":"","ping_status":"","sticky":false,"template":"","format":"standard","meta":{"footnotes":""},"categories":[1889],"tags":[1111,11,2430,6815,525,1981,1089,814,1777,449,674,2257,63,1011,27,2705,5843,2428,955,12,4589,4789,25,1980,455,133],"class_list":{"0":"post-434784","1":"post","2":"type-post","3":"status-publish","4":"format-standard","5":"has-post-thumbnail","7":"category-lyon","8":"tag-actu","9":"tag-actualites","10":"tag-auvergne-rhone-alpes","11":"tag-c3","12":"tag-calendrier","13":"tag-classement","14":"tag-coupe-deurope","15":"tag-direct","16":"tag-eu","17":"tag-europa-league","18":"tag-europe","19":"tag-foot","20":"tag-football","21":"tag-fr","22":"tag-france","23":"tag-groupe","24":"tag-ligue-europa","25":"tag-lyon","26":"tag-match","27":"tag-news","28":"tag-phase-finale","29":"tag-poule","30":"tag-republique-francaise","31":"tag-resultats","32":"tag-uefa","33":"tag-video"},"share_on_mastodon":{"url":"https:\/\/pubeurope.com\/@fr\/115307100417223953","error":""},"_links":{"self":[{"href":"https:\/\/www.europesays.com\/fr\/wp-json\/wp\/v2\/posts\/434784","targetHints":{"allow":["GET"]}}],"collection":[{"href":"https:\/\/www.europesays.com\/fr\/wp-json\/wp\/v2\/posts"}],"about":[{"href":"https:\/\/www.europesays.com\/fr\/wp-json\/wp\/v2\/types\/post"}],"author":[{"embeddable":true,"href":"https:\/\/www.europesays.com\/fr\/wp-json\/wp\/v2\/users\/2"}],"replies":[{"embeddable":true,"href":"https:\/\/www.europesays.com\/fr\/wp-json\/wp\/v2\/comments?post=434784"}],"version-history":[{"count":0,"href":"https:\/\/www.europesays.com\/fr\/wp-json\/wp\/v2\/posts\/434784\/revisions"}],"wp:featuredmedia":[{"embeddable":true,"href":"https:\/\/www.europesays.com\/fr\/wp-json\/wp\/v2\/media\/434785"}],"wp:attachment":[{"href":"https:\/\/www.europesays.com\/fr\/wp-json\/wp\/v2\/media?parent=434784"}],"wp:term":[{"taxonomy":"category","embeddable":true,"href":"https:\/\/www.europesays.com\/fr\/wp-json\/wp\/v2\/categories?post=434784"},{"taxonomy":"post_tag","embeddable":true,"href":"https:\/\/www.europesays.com\/fr\/wp-json\/wp\/v2\/tags?post=434784"}],"curies":[{"name":"wp","href":"https:\/\/api.w.org\/{rel}","templated":true}]}}