{"id":434788,"date":"2025-10-02T23:13:12","date_gmt":"2025-10-02T23:13:12","guid":{"rendered":"https:\/\/www.europesays.com\/fr\/434788\/"},"modified":"2025-10-02T23:13:12","modified_gmt":"2025-10-02T23:13:12","slug":"peter-corser-en-continu-karsten-hochapfel-guest","status":"publish","type":"post","link":"https:\/\/www.europesays.com\/fr\/434788\/","title":{"rendered":"Peter Corser \u2014 En continu \/ Karsten Hochapfel &#038; Guest"},"content":{"rendered":"<p>\n  Saxophoniste talentueux ma\u00eetrisant le souffle continu, Peter Corser navigue depuis vingt-cinq ans du jazz \u00e0 la danse, et du slam \u00e0 la musique traditionnelle et exp\u00e9rimentale avec la m\u00eame passion.\n<\/p>\n<p>\n  \u2014 Dans le cadre du festival Jazz Sur Seine\n<\/p>\n<p>\n  Apres avoir travaill\u00e9 ensemble au sein du projet Le Cri du Caire, victoire du jazz 2023 meilleure album musiques du monde, Peter &amp; Karsten explorent l\u2019improvisation avec un-e invit\u00e9-e surprise.\n<\/p>\n<p>\n  Saxophoniste talentueux ma\u00eetrisant le souffle continu, Peter Corser navigue depuis vingt-cinq ans du jazz \u00e0 la danse, et du slam \u00e0 la musique traditionnelle et exp\u00e9rimentale avec la m\u00eame passion.\n<\/p>\n<p>\n  Laur\u00e9at d&rsquo;une Victoire du jazz en 2023 avec Le Cri du Caire dans la cat\u00e9gorie meilleure album de musique du monde pour lequel il est co-compositeur et saxophoniste aux c\u00f4t\u00e9s d\u2019Erik Truffaz et Abdullah Miniawy, il travaille \u00e9galement avec la chanteuse Clara Ys\u00e9. Il a jou\u00e9 et co-compos\u00e9 pour plusieurs spectacles de danse de Philippe Decoufl\u00e9. Il cr\u00e9e plus tard son propre trio, Palm to Palm.\n<\/p>\n<p>\n  Accompagn\u00e9 par Thibault Gomez, jeune prodige du piano, vainqueur du tremplin d\u2019Avignon en 2015 avec son quintet, et par le jeune batteur Paul Berne, laur\u00e9at de Jazz \u00e0 la D\u00e9fense en 2014 avec Uptake, leur rencontre donne naissance \u00e0 un trio \u00ab\u00a0hors format\u00a0\u00bb.\n<\/p>\n<p>\n  Le trio Palm to Palm animera ensuite la Jam session\u00a0!<\/p>\n","protected":false},"excerpt":{"rendered":"Saxophoniste talentueux ma\u00eetrisant le souffle continu, Peter Corser navigue depuis vingt-cinq ans du jazz \u00e0 la danse, et&hellip;\n","protected":false},"author":2,"featured_media":434789,"comment_status":"","ping_status":"","sticky":false,"template":"","format":"standard","meta":{"footnotes":""},"categories":[1888],"tags":[1111,1928,11,1927,1777,674,1011,27,12,1926,626,1925,25],"class_list":{"0":"post-434788","1":"post","2":"type-post","3":"status-publish","4":"format-standard","5":"has-post-thumbnail","7":"category-paris","8":"tag-actu","9":"tag-actu-paris","10":"tag-actualites","11":"tag-actualites-paris","12":"tag-eu","13":"tag-europe","14":"tag-fr","15":"tag-france","16":"tag-news","17":"tag-news-paris","18":"tag-paris","19":"tag-paris-news","20":"tag-republique-francaise"},"share_on_mastodon":{"url":"https:\/\/pubeurope.com\/@fr\/115307112381869377","error":""},"_links":{"self":[{"href":"https:\/\/www.europesays.com\/fr\/wp-json\/wp\/v2\/posts\/434788","targetHints":{"allow":["GET"]}}],"collection":[{"href":"https:\/\/www.europesays.com\/fr\/wp-json\/wp\/v2\/posts"}],"about":[{"href":"https:\/\/www.europesays.com\/fr\/wp-json\/wp\/v2\/types\/post"}],"author":[{"embeddable":true,"href":"https:\/\/www.europesays.com\/fr\/wp-json\/wp\/v2\/users\/2"}],"replies":[{"embeddable":true,"href":"https:\/\/www.europesays.com\/fr\/wp-json\/wp\/v2\/comments?post=434788"}],"version-history":[{"count":0,"href":"https:\/\/www.europesays.com\/fr\/wp-json\/wp\/v2\/posts\/434788\/revisions"}],"wp:featuredmedia":[{"embeddable":true,"href":"https:\/\/www.europesays.com\/fr\/wp-json\/wp\/v2\/media\/434789"}],"wp:attachment":[{"href":"https:\/\/www.europesays.com\/fr\/wp-json\/wp\/v2\/media?parent=434788"}],"wp:term":[{"taxonomy":"category","embeddable":true,"href":"https:\/\/www.europesays.com\/fr\/wp-json\/wp\/v2\/categories?post=434788"},{"taxonomy":"post_tag","embeddable":true,"href":"https:\/\/www.europesays.com\/fr\/wp-json\/wp\/v2\/tags?post=434788"}],"curies":[{"name":"wp","href":"https:\/\/api.w.org\/{rel}","templated":true}]}}