{"id":43479,"date":"2025-04-22T08:17:12","date_gmt":"2025-04-22T08:17:12","guid":{"rendered":"https:\/\/www.europesays.com\/fr\/43479\/"},"modified":"2025-04-22T08:17:12","modified_gmt":"2025-04-22T08:17:12","slug":"green-heroes-s01-e15-ile-de-france-green-heroes","status":"publish","type":"post","link":"https:\/\/www.europesays.com\/fr\/43479\/","title":{"rendered":"Green heroes &#8211; S01 E15 &#8211; Ile-de-France &#8211; Green Heroes"},"content":{"rendered":"<p id=\"descriptionPanel\" aria-labelledby=\"descriptionArrow\" aria-expanded=\"false\" class=\"mr-2 line-clamp-2 pr-2.5 text-secondary overflow-visible\">L\u2019Ile-de-France est une r\u00e9gion de grands contrastes avec une hyper concentration des richesses et des hommes dont le principal moteur \u00e9conomique r\u00e9side dans la tr\u00e8s grande attractivit\u00e9 de sa capitale, Paris. Une situation inqui\u00e9tante qui a motiv\u00e9 nos Green Heroes du jour \u00e0 ne pas jouer les fatalistes et prendre leur destin en main pour changer le cours des choses.<\/p>\n<p><a class=\"shrink-0\" href=\"https:\/\/www.tf1.fr\/tf1\/green-heroes\" rel=\"nofollow noopener\" target=\"_blank\"><img decoding=\"async\" src=\"https:\/\/www.europesays.com\/fr\/wp-content\/uploads\/2025\/04\/vignette-portrait-d46471-aa1c44-0@1x.jpg\" width=\"138\" height=\"184\" alt=\"Green Heroes\" loading=\"eager\" fetchpriority=\"auto\" class=\"aspect-[3\/4] h-24 w-auto rounded-3px\"\/><\/a><\/p>\n","protected":false},"excerpt":{"rendered":"L\u2019Ile-de-France est une r\u00e9gion de grands contrastes avec une hyper concentration des richesses et des hommes dont le&hellip;\n","protected":false},"author":2,"featured_media":43480,"comment_status":"","ping_status":"","sticky":false,"template":"","format":"standard","meta":{"footnotes":""},"categories":[1592],"tags":[1111,11,1365,13064,1777,674,1011,27,13066,13065,662,12,626,25,13068,13069,13067],"class_list":{"0":"post-43479","1":"post","2":"type-post","3":"status-publish","4":"format-standard","5":"has-post-thumbnail","7":"category-ile-de-france","8":"tag-actu","9":"tag-actualites","10":"tag-episode","11":"tag-episode-green-heroes","12":"tag-eu","13":"tag-europe","14":"tag-fr","15":"tag-france","16":"tag-green-heroes","17":"tag-green-heroes-episode","18":"tag-ile-de-france","19":"tag-news","20":"tag-paris","21":"tag-republique-francaise","22":"tag-streaming-green-heroes","23":"tag-video-en-streaming-green-heroes","24":"tag-video-green-heroes"},"share_on_mastodon":{"url":"https:\/\/pubeurope.com\/@fr\/114380632430018578","error":""},"_links":{"self":[{"href":"https:\/\/www.europesays.com\/fr\/wp-json\/wp\/v2\/posts\/43479","targetHints":{"allow":["GET"]}}],"collection":[{"href":"https:\/\/www.europesays.com\/fr\/wp-json\/wp\/v2\/posts"}],"about":[{"href":"https:\/\/www.europesays.com\/fr\/wp-json\/wp\/v2\/types\/post"}],"author":[{"embeddable":true,"href":"https:\/\/www.europesays.com\/fr\/wp-json\/wp\/v2\/users\/2"}],"replies":[{"embeddable":true,"href":"https:\/\/www.europesays.com\/fr\/wp-json\/wp\/v2\/comments?post=43479"}],"version-history":[{"count":0,"href":"https:\/\/www.europesays.com\/fr\/wp-json\/wp\/v2\/posts\/43479\/revisions"}],"wp:featuredmedia":[{"embeddable":true,"href":"https:\/\/www.europesays.com\/fr\/wp-json\/wp\/v2\/media\/43480"}],"wp:attachment":[{"href":"https:\/\/www.europesays.com\/fr\/wp-json\/wp\/v2\/media?parent=43479"}],"wp:term":[{"taxonomy":"category","embeddable":true,"href":"https:\/\/www.europesays.com\/fr\/wp-json\/wp\/v2\/categories?post=43479"},{"taxonomy":"post_tag","embeddable":true,"href":"https:\/\/www.europesays.com\/fr\/wp-json\/wp\/v2\/tags?post=43479"}],"curies":[{"name":"wp","href":"https:\/\/api.w.org\/{rel}","templated":true}]}}