{"id":434790,"date":"2025-10-02T23:14:18","date_gmt":"2025-10-02T23:14:18","guid":{"rendered":"https:\/\/www.europesays.com\/fr\/434790\/"},"modified":"2025-10-02T23:14:18","modified_gmt":"2025-10-02T23:14:18","slug":"barbara-butch-nommee-directrice-artistique-de-la-nuit-blanche-2026","status":"publish","type":"post","link":"https:\/\/www.europesays.com\/fr\/434790\/","title":{"rendered":"Barbara Butch nomm\u00e9e directrice artistique de la Nuit Blanche 2026"},"content":{"rendered":"<p><strong>Elle a brill\u00e9<\/strong>, ou devrait-on m\u00eame dire rayonn\u00e9 lors de la <a href=\"https:\/\/www.lebonbon.fr\/paris\/loisirs\/jo-ceremonie-ouverture-celebree-fete-seine\/\" rel=\"nofollow noopener\" target=\"_blank\"><strong>c\u00e9r\u00e9monie d\u2019ouverture des Jeux olympiques<\/strong><\/a> de Paris 2024. Derri\u00e8re les platines, <strong>la DJ Barbara Butch<\/strong> a fait danser la France et le monde et visiblement, elle n\u2019en a pas fini d\u2019apporter <strong>sa touche cr\u00e9ative \u00e0 la capitale<\/strong>. Mercredi 1er octobre 2025, la maire de Paris, Anne Hidalgo, a annonc\u00e9 que la DJ serait <strong>la directrice artistique<\/strong> de la 25e \u00e9dition de la <strong>Nuit Blanche<\/strong> qui se tiendra le samedi 6 juin 2026.\u00a0<\/p>\n<p>&#13;<\/p>\n<blockquote class=\"instagram-media\" data-instgrm-permalink=\"https:\/\/www.instagram.com\/p\/C95b-VKCALz\/?utm_source=ig_embed&amp;utm_campaign=loading\" data-instgrm-version=\"14\" style=\"background: #FFF; border: 0; border-radius: 3px; box-shadow: 0 0 1px 0 rgba(0,0,0,0.5),0 1px 10px 0 rgba(0,0,0,0.15); margin: 1px; max-width: 540px; min-width: 326px; padding: 0; width: calc(100% - 2px);\"><p>&#13;<br \/>\n&#13;\n<\/p><\/blockquote>\n<p>&#13;<br \/>\n&#13;<br \/>\n<br \/><strong>\u00ab\u00a0Un choix qui ressemble \u00e0 Paris\u00a0\u00bb selon Anne Hidalgo<\/strong>&#13;<\/p>\n<p>\u00ab\u00a0Je sais qu\u2019elle apportera \u00e0 la <a href=\"https:\/\/www.lebonbon.fr\/paris\/soirees\/nuit-blanche-2025-10-meilleurs-evenements-ne-pas-manquer\/\" rel=\"nofollow noopener\" target=\"_blank\">Nuit Blanche<\/a> <strong>toute son \u00e9nergie, sa g\u00e9n\u00e9rosit\u00e9 et sa cr\u00e9ativit\u00e9<\/strong>. Elle portera haut nos valeurs, partout dans la ville. Barbara Butch, <strong>c\u2019est un choix qui ressemble \u00e0 Paris\u00a0!<\/strong><strong>\u00a0<\/strong>\u00bb, a notamment confi\u00e9 la maire de la capitale. Devenue une figure embl\u00e9matique de<strong> la sc\u00e8ne culturelle parisienne <\/strong>depuis sa participation \u00e0 la c\u00e9r\u00e9monie olympique, la DJ se r\u00e9jouit de c\u00e9l\u00e9brer cette \u00ab\u00a0<strong>grande f\u00eate de l\u2019amour<\/strong> o\u00f9 la musique sera un \u00e9l\u00e9ment central. Le dancefloor sera l\u00e0 <strong>pour r\u00e9unir les gens<\/strong> qui ne se connaissent pas. \u00c7a va \u00eatre incroyable\u00a0! \u00bb<\/p>\n<p>&#13;<\/p>\n<blockquote class=\"instagram-media\" data-instgrm-permalink=\"https:\/\/www.instagram.com\/reel\/DPQypQkjEPH\/?utm_source=ig_embed&amp;utm_campaign=loading\" data-instgrm-version=\"14\" style=\"background: #FFF; border: 0; border-radius: 3px; box-shadow: 0 0 1px 0 rgba(0,0,0,0.5),0 1px 10px 0 rgba(0,0,0,0.15); margin: 1px; max-width: 540px; min-width: 326px; padding: 0; width: calc(100% - 2px);\"><p>&#13;<br \/>\n&#13;\n<\/p><\/blockquote>\n<p>&#13;<br \/>\n&#13;<br \/>\n<br \/><strong>Un \u00e9v\u00e9nement d\u00e9di\u00e9 \u00e0 la cr\u00e9ation artistique contemporaine<\/strong>&#13;<\/p>\n<p>Chaque ann\u00e9e <strong>depuis 2002<\/strong>, la Nuit Blanche illumine une nuit d\u2019\u00e9t\u00e9 parisienne. Consacr\u00e9e \u00e0 <strong>la cr\u00e9ation contemporaine<\/strong>, elle mobilise des artistes venus de tous horizons, qu\u2019ils soient musiciens, professionnels des arts visuels ou m\u00eame <a href=\"https:\/\/www.lebonbon.fr\/paris\/les-tops-culture\/spectacles-ne-pas-manquer-octobre-2025\/\" rel=\"nofollow noopener\" target=\"_blank\">du spectacle vivant<\/a>. La programmation finement \u00e9tablie par le\u00b7la directeur\u00b7rice artistique \u2014 une personnalit\u00e9 du monde de l\u2019art et de la cr\u00e9ation \u2014 , est <strong>enti\u00e8rement gratuite<\/strong> pour le public. Qu\u2019est-ce que <a href=\"https:\/\/www.paris.fr\/pages\/barbara-butch-artiste-dj-et-directrice-artistique-de-la-25e-edition-de-nuit-blanche-32605\" rel=\"nofollow noopener noreferrer\" target=\"_blank\">Barbara Butch<\/a> va nous r\u00e9server\u00a0? Il faudra<strong> patienter jusqu\u2019\u00e0 l\u2019ann\u00e9e prochaine<\/strong> pour le savoir, mais une chose est s\u00fbre\u00a0:<strong> ce sera vibrant<\/strong>\u00a0!<\/p>\n<p>&#13;<\/p>\n<p><br style=\"font-weight: 400;\"\/><strong>Nuit Blanche\u00a0<\/strong><br \/><strong>Samedi 6 juin 2026<\/strong><br \/><strong><a href=\"https:\/\/www.paris.fr\/pages\/nuit-blanche-artistes-a-vos-projets-32353\" rel=\"nofollow noopener noreferrer\" target=\"_blank\">Plus d&rsquo;infos<\/a>\u00a0<\/strong><\/p>\n<p><script async src=\"\/\/www.instagram.com\/embed.js\"><\/script><\/p>\n","protected":false},"excerpt":{"rendered":"Elle a brill\u00e9, ou devrait-on m\u00eame dire rayonn\u00e9 lors de la c\u00e9r\u00e9monie d\u2019ouverture des Jeux olympiques de Paris&hellip;\n","protected":false},"author":2,"featured_media":434791,"comment_status":"","ping_status":"","sticky":false,"template":"","format":"standard","meta":{"footnotes":""},"categories":[1888],"tags":[1111,1928,11,1927,1777,674,1011,27,12,1926,626,1925,25],"class_list":{"0":"post-434790","1":"post","2":"type-post","3":"status-publish","4":"format-standard","5":"has-post-thumbnail","7":"category-paris","8":"tag-actu","9":"tag-actu-paris","10":"tag-actualites","11":"tag-actualites-paris","12":"tag-eu","13":"tag-europe","14":"tag-fr","15":"tag-france","16":"tag-news","17":"tag-news-paris","18":"tag-paris","19":"tag-paris-news","20":"tag-republique-francaise"},"share_on_mastodon":{"url":"https:\/\/pubeurope.com\/@fr\/115307116190643315","error":""},"_links":{"self":[{"href":"https:\/\/www.europesays.com\/fr\/wp-json\/wp\/v2\/posts\/434790","targetHints":{"allow":["GET"]}}],"collection":[{"href":"https:\/\/www.europesays.com\/fr\/wp-json\/wp\/v2\/posts"}],"about":[{"href":"https:\/\/www.europesays.com\/fr\/wp-json\/wp\/v2\/types\/post"}],"author":[{"embeddable":true,"href":"https:\/\/www.europesays.com\/fr\/wp-json\/wp\/v2\/users\/2"}],"replies":[{"embeddable":true,"href":"https:\/\/www.europesays.com\/fr\/wp-json\/wp\/v2\/comments?post=434790"}],"version-history":[{"count":0,"href":"https:\/\/www.europesays.com\/fr\/wp-json\/wp\/v2\/posts\/434790\/revisions"}],"wp:featuredmedia":[{"embeddable":true,"href":"https:\/\/www.europesays.com\/fr\/wp-json\/wp\/v2\/media\/434791"}],"wp:attachment":[{"href":"https:\/\/www.europesays.com\/fr\/wp-json\/wp\/v2\/media?parent=434790"}],"wp:term":[{"taxonomy":"category","embeddable":true,"href":"https:\/\/www.europesays.com\/fr\/wp-json\/wp\/v2\/categories?post=434790"},{"taxonomy":"post_tag","embeddable":true,"href":"https:\/\/www.europesays.com\/fr\/wp-json\/wp\/v2\/tags?post=434790"}],"curies":[{"name":"wp","href":"https:\/\/api.w.org\/{rel}","templated":true}]}}