{"id":434796,"date":"2025-10-02T23:17:13","date_gmt":"2025-10-02T23:17:13","guid":{"rendered":"https:\/\/www.europesays.com\/fr\/434796\/"},"modified":"2025-10-02T23:17:13","modified_gmt":"2025-10-02T23:17:13","slug":"les-sanctions-illegales-contre-liran-exacerbe-la-crise-de-son-programme-nucleaire","status":"publish","type":"post","link":"https:\/\/www.europesays.com\/fr\/434796\/","title":{"rendered":"les sanctions ill\u00e9gales contre l&rsquo;Iran exacerbe la crise de son programme nucl\u00e9aire"},"content":{"rendered":"<p>ARTA &#8211; La Russie a d\u00e9clar\u00e9 jeudi que la r\u00e9imposition des sanctions de l\u2019ONU contre l\u2019Iran \u00e9tait une action ill\u00e9gale, motiv\u00e9e par les puissances europ\u00e9ennes, approfondissant la crise li\u00e9e au programme nucl\u00e9aire du pays.<\/p>\n<p>ronyme : La porte-parole du minist\u00e8re russe des Affaires \u00e9trang\u00e8res, Maria Zakharova, a d\u00e9clar\u00e9 que la r\u00e9imposition des sanctions \u00e9tait le r\u00e9sultat d\u2019une \u00ab manipulation \u00bb par la Grande-Bretagne, l\u2019Allemagne et la France.<\/p>\n<p>\u00ab Par cons\u00e9quent, les r\u00e9sultats sont nulit\u00e9s par la loi et ne peuvent imposer aucune obligation juridique \u00e0 d\u2019autres pays \u00bb, a-t-il d\u00e9clar\u00e9 lors d\u2019une conf\u00e9rence de presse.<\/p>\n<p>on &#8211; L&rsquo;ONU a r\u00e9impos\u00e9 des sanctions \u00e0 l&rsquo;Iran pour son programme nucl\u00e9aire le 27 septembre, apr\u00e8s un processus connu sous le nom de Snapback, d\u00e9clench\u00e9 par les trois pays europ\u00e9ens.<\/p>\n<p>ronyme : l&rsquo;Iran sera \u00e0 nouveau soumis \u00e0 des sanctions d&rsquo;armes et \u00e0 des interdictions de toutes les activit\u00e9s d&rsquo;enrichissement et de traitement de l&rsquo;uranium, ainsi que de toutes activit\u00e9s li\u00e9es \u00e0 des missiles balistiques capables de lancer des armes nucl\u00e9aires.<\/p>\n<p>r\u00e9nal T\u00e9h\u00e9ran, qui nie toute intention de fabriquer des armes nucl\u00e9aires, a averti que cette d\u00e9cision serait r\u00e9pondue avec une r\u00e9ponse forte.<\/p>\n<p>ronyme : la Russie est connue pour avoir des relations \u00e9troites avec l&rsquo;Iran, soutenant ses droits \u00e0 l&rsquo;\u00e9nergie nucl\u00e9aire pacifique et condamnant les bombardements am\u00e9ricains et isra\u00e9liens sur le site nucl\u00e9aire iranien en juin.<\/p>\n<p>The English, Chinese, Japanese, Arabic, and French versions are automatically generated by the AI. So there may still be inaccuracies in translating, please always see Indonesian as our main language.<br \/>\n                                    (system supported by DigitalSiber.id)<\/p>\n","protected":false},"excerpt":{"rendered":"ARTA &#8211; La Russie a d\u00e9clar\u00e9 jeudi que la r\u00e9imposition des sanctions de l\u2019ONU contre l\u2019Iran \u00e9tait une&hellip;\n","protected":false},"author":2,"featured_media":434797,"comment_status":"","ping_status":"","sticky":false,"template":"","format":"standard","meta":{"footnotes":""},"categories":[1591],"tags":[11,5436,1887,3019,40897,10743,12,51252,10458,1885,1886,132],"class_list":{"0":"post-434796","1":"post","2":"type-post","3":"status-publish","4":"format-standard","5":"has-post-thumbnail","7":"category-russie","8":"tag-actualites","9":"tag-ar","10":"tag-federation-de-russie","11":"tag-iran","12":"tag-iran-nucleaire","13":"tag-maria-zakharova","14":"tag-news","15":"tag-pbb","16":"tag-programme-nucleaire-iranien","17":"tag-russia","18":"tag-russian-federation","19":"tag-russie"},"share_on_mastodon":{"url":"https:\/\/pubeurope.com\/@fr\/115307128063052904","error":""},"_links":{"self":[{"href":"https:\/\/www.europesays.com\/fr\/wp-json\/wp\/v2\/posts\/434796","targetHints":{"allow":["GET"]}}],"collection":[{"href":"https:\/\/www.europesays.com\/fr\/wp-json\/wp\/v2\/posts"}],"about":[{"href":"https:\/\/www.europesays.com\/fr\/wp-json\/wp\/v2\/types\/post"}],"author":[{"embeddable":true,"href":"https:\/\/www.europesays.com\/fr\/wp-json\/wp\/v2\/users\/2"}],"replies":[{"embeddable":true,"href":"https:\/\/www.europesays.com\/fr\/wp-json\/wp\/v2\/comments?post=434796"}],"version-history":[{"count":0,"href":"https:\/\/www.europesays.com\/fr\/wp-json\/wp\/v2\/posts\/434796\/revisions"}],"wp:featuredmedia":[{"embeddable":true,"href":"https:\/\/www.europesays.com\/fr\/wp-json\/wp\/v2\/media\/434797"}],"wp:attachment":[{"href":"https:\/\/www.europesays.com\/fr\/wp-json\/wp\/v2\/media?parent=434796"}],"wp:term":[{"taxonomy":"category","embeddable":true,"href":"https:\/\/www.europesays.com\/fr\/wp-json\/wp\/v2\/categories?post=434796"},{"taxonomy":"post_tag","embeddable":true,"href":"https:\/\/www.europesays.com\/fr\/wp-json\/wp\/v2\/tags?post=434796"}],"curies":[{"name":"wp","href":"https:\/\/api.w.org\/{rel}","templated":true}]}}